{"id":48003,"date":"2026-04-24T05:34:00","date_gmt":"2026-04-24T03:34:00","guid":{"rendered":"https:\/\/mvz-sports.com\/fr\/?p=48003"},"modified":"2026-04-23T23:16:15","modified_gmt":"2026-04-23T21:16:15","slug":"la-sante-mentale-des-joueurs-est-au-centre-des-preoccupations-de-la-lnr-et-de-la-ffr-avec-ma-creation-dun-groupe-dexperts","status":"publish","type":"post","link":"https:\/\/mvz-sports.com\/fr\/rugby\/news\/la-sante-mentale-des-joueurs-est-au-centre-des-preoccupations-de-la-lnr-et-de-la-ffr-avec-ma-creation-dun-groupe-dexperts","title":{"rendered":"La sant\u00e9 mentale des joueurs est au centre des pr\u00e9occupations de la LNR et de la FFR avec ma cr\u00e9ation d&rsquo;un groupe d&rsquo;experts"},"content":{"rendered":"\n<p><strong>Face \u00e0 la pression croissante du haut niveau, la Ligue Nationale de Rugby et la F\u00e9d\u00e9ration Fran\u00e7aise de Rugby lancent une initiative majeure pour prot\u00e9ger la sant\u00e9 mentale des joueurs.<\/strong><\/p>\n\n\n\n<p>Le <a href=\"https:\/\/mvz-sports.com\/fr\/rugby\">rugby<\/a> professionnel entre dans une nouvelle \u00e8re. Entre encha\u00eenement des matchs, exigences physiques et pression m\u00e9diatique, les joueurs sont soumis \u00e0 un rythme intense. Pour r\u00e9pondre \u00e0 ces enjeux, les instances fran\u00e7aises ont d\u00e9cid\u00e9 de cr\u00e9er un groupe d\u2019experts d\u00e9di\u00e9 \u00e0 la charge de travail et au bien-\u00eatre mental.<\/p>\n\n\n\n<h2 class=\"wp-block-heading\">Un groupe d\u2019experts in\u00e9dit pour encadrer la charge de travail<\/h2>\n\n\n\n<p>La <strong>Ligue Nationale de Rugby<\/strong> et la <strong>F\u00e9d\u00e9ration Fran\u00e7aise de Rugby<\/strong> ont officialis\u00e9 la cr\u00e9ation d\u2019un groupe d\u2019experts charg\u00e9 d\u2019analyser la charge de travail des joueurs.<\/p>\n\n\n\n<p>Ce collectif r\u00e9unira techniciens, scientifiques et joueurs, avec des figures majeures comme <strong>Fabien Galthi\u00e9<\/strong>, <strong>Thierry Dusautoir<\/strong> ou encore <strong>Ga\u00ebl Fickou<\/strong>. L\u2019objectif est clair : proposer des ajustements concrets d\u2019ici la saison 2026-2027. <\/p>\n\n\n\n<h2 class=\"wp-block-heading\">Performance vs sant\u00e9 : un \u00e9quilibre difficile \u00e0 trouver<\/h2>\n\n\n\n<p>Le rugby moderne impose une intensit\u00e9 extr\u00eame, aussi bien physique que mentale. Comme l\u2019explique <strong><a href=\"https:\/\/mvz-sports.com\/fr\/rugby\/players\/gregory-alldritt\">Gr\u00e9gory Alldritt<\/a><\/strong>, les joueurs ressentent le besoin de souffler malgr\u00e9 leur envie de performer.<\/p>\n\n\n\n<p>\u00ab J\u2019ai besoin de jouer\u2026 mais aussi de me reposer. \u00bb Entre comp\u00e9titions domestiques et europ\u00e9ennes, certains clubs pourraient encha\u00eener jusqu\u2019\u00e0 quinze matchs sans pause. Un rythme qui interroge. <\/p>\n\n\n\n<h2 class=\"wp-block-heading\">La sant\u00e9 mentale, un enjeu enfin reconnu<\/h2>\n\n\n\n<p>Longtemps tabou, la sant\u00e9 mentale s\u2019impose d\u00e9sormais comme un sujet central. Des t\u00e9moignages comme celui de <strong>Rapha\u00ebl Poulain<\/strong> ou plus r\u00e9cemment Raffaele Costa Storti illustrent les difficult\u00e9s rencontr\u00e9es par les joueurs. Blessures, pression, concurrence\u2026 les d\u00e9fis sont nombreux et parfois invisibles.<\/p>\n\n\n\n<h2 class=\"wp-block-heading\">Un accompagnement encore insuffisant<\/h2>\n\n\n\n<p>Malgr\u00e9 quelques progr\u00e8s, l\u2019accompagnement mental reste limit\u00e9 dans de nombreux clubs. Aujourd\u2019hui, les joueurs doivent souvent eux-m\u00eames faire la d\u00e9marche de chercher de l\u2019aide. Le contraste est frappant : si la protection physique est tr\u00e8s encadr\u00e9e, l\u2019aspect psychologique reste en retrait.<\/p>\n\n\n\n<h2 class=\"wp-block-heading\">Vers une r\u00e9volution culturelle dans le rugby<\/h2>\n\n\n\n<p>Cette initiative pourrait marquer un tournant dans la culture du <strong>rugby fran\u00e7ais<\/strong>. En int\u00e9grant pleinement la dimension mentale dans la gestion des joueurs, les instances ouvrent la voie \u00e0 une approche plus globale de la performance. \u00c0 terme, cela pourrait influencer la formation, le suivi des jeunes talents et m\u00eame la mani\u00e8re dont les carri\u00e8res sont construites, avec un \u00e9quilibre plus durable entre exigence sportive et bien-\u00eatre personnel.<\/p>\n\n\n\n<p>Avec la cr\u00e9ation de ce groupe d\u2019experts, <strong>le rugby fran\u00e7ais<\/strong> franchit une \u00e9tape importante dans la prise en compte de la sant\u00e9 mentale.<\/p>\n\n\n\n<p>Reste \u00e0 savoir si ces travaux d\u00e9boucheront sur des mesures concr\u00e8tes capables de transformer durablement le quotidien des joueurs. Une chose est certaine : le d\u00e9bat est lanc\u00e9, et il concerne l\u2019avenir m\u00eame du rugby professionnel. Et vous, pensez-vous que cette initiative arrive trop tard ou au bon moment ?<\/p>\n","protected":false},"excerpt":{"rendered":"<p>Face \u00e0 la pression croissante du haut niveau, la Ligue Nationale de Rugby et la F\u00e9d\u00e9ration Fran\u00e7aise de Rugby lancent une initiative majeure pour prot\u00e9ger la sant\u00e9 mentale des joueurs. Le rugby professionnel entre dans une nouvelle \u00e8re. Entre encha\u00eenement des matchs, exigences physiques et pression m\u00e9diatique, les joueurs sont soumis \u00e0 un rythme intense. [&hellip;]<\/p>\n","protected":false},"author":2,"featured_media":48006,"comment_status":"open","ping_status":"open","sticky":false,"template":"","format":"standard","meta":{"_acf_changed":false,"_seopress_robots_primary_cat":"none","_seopress_titles_title":"","_seopress_titles_desc":"","_seopress_robots_index":"","footnotes":""},"categories":[7],"tags":[],"class_list":["post-48003","post","type-post","status-publish","format-standard","has-post-thumbnail","hentry","category-rugby"],"acf":[],"_links":{"self":[{"href":"https:\/\/mvz-sports.com\/fr\/wp-json\/wp\/v2\/posts\/48003","targetHints":{"allow":["GET"]}}],"collection":[{"href":"https:\/\/mvz-sports.com\/fr\/wp-json\/wp\/v2\/posts"}],"about":[{"href":"https:\/\/mvz-sports.com\/fr\/wp-json\/wp\/v2\/types\/post"}],"author":[{"embeddable":true,"href":"https:\/\/mvz-sports.com\/fr\/wp-json\/wp\/v2\/users\/2"}],"replies":[{"embeddable":true,"href":"https:\/\/mvz-sports.com\/fr\/wp-json\/wp\/v2\/comments?post=48003"}],"version-history":[{"count":2,"href":"https:\/\/mvz-sports.com\/fr\/wp-json\/wp\/v2\/posts\/48003\/revisions"}],"predecessor-version":[{"id":48008,"href":"https:\/\/mvz-sports.com\/fr\/wp-json\/wp\/v2\/posts\/48003\/revisions\/48008"}],"wp:featuredmedia":[{"embeddable":true,"href":"https:\/\/mvz-sports.com\/fr\/wp-json\/wp\/v2\/media\/48006"}],"wp:attachment":[{"href":"https:\/\/mvz-sports.com\/fr\/wp-json\/wp\/v2\/media?parent=48003"}],"wp:term":[{"taxonomy":"category","embeddable":true,"href":"https:\/\/mvz-sports.com\/fr\/wp-json\/wp\/v2\/categories?post=48003"},{"taxonomy":"post_tag","embeddable":true,"href":"https:\/\/mvz-sports.com\/fr\/wp-json\/wp\/v2\/tags?post=48003"}],"curies":[{"name":"wp","href":"https:\/\/api.w.org\/{rel}","templated":true}]}}