{"id":48028,"date":"2026-04-24T17:32:00","date_gmt":"2026-04-24T15:32:00","guid":{"rendered":"https:\/\/mvz-sports.com\/fr\/?p=48028"},"modified":"2026-04-24T16:43:06","modified_gmt":"2026-04-24T14:43:06","slug":"je-ne-peux-pas-les-faire-jouer-labsence-dolivon-commence-serieusement-a-inquieter","status":"publish","type":"post","link":"https:\/\/mvz-sports.com\/fr\/rugby\/news\/je-ne-peux-pas-les-faire-jouer-labsence-dolivon-commence-serieusement-a-inquieter","title":{"rendered":"\u00ab\u00a0Je ne peux pas les faire jouer\u00a0\u00bb : l&rsquo;absence d&rsquo;Olivon commence s\u00e9rieusement \u00e0 inqui\u00e9ter"},"content":{"rendered":"\n<p><strong>Le Rugby Club Toulonnais aborde la r\u00e9ception de l\u2019Aviron Bayonnais, ce samedi 25 avril \u00e0 16h35, dans un contexte m\u00e9dical alarmant. <\/strong><\/p>\n\n\n\n<p>Entre blessures de longue dur\u00e9e et forfaits de derni\u00e8re minute, <strong>Pierre Mignoni<\/strong> doit composer avec un effectif d\u00e9cim\u00e9. La saison est termin\u00e9e pour <strong>Gabin Villi\u00e8re<\/strong> (rupture du ligament crois\u00e9, op\u00e9ration pr\u00e9vue la semaine prochaine), tandis que<strong> Charles Ollivon<\/strong> et <strong>David Ribbans<\/strong> sont \u00e9galement absents, sans que leur dur\u00e9e d\u2019indisponibilit\u00e9 ne soit pr\u00e9cis\u00e9e. Seule lueur d\u2019espoir : le retour d\u2019<strong>Antoine Frisch<\/strong> en ligne de trois-quarts. Avec la demi-finale de Champions Cup contre le Leinster dans une semaine, l\u2019inqui\u00e9tude grandit autour de l\u2019effectif varois.<\/p>\n\n\n\n<p>Le RCT Toulon traverse une <strong>p\u00e9riode noire<\/strong> sur le plan m\u00e9dical. \u00c0 l\u2019approche du <strong>sprint final<\/strong> en <a href=\"https:\/\/mvz-sports.com\/fr\/rugby\/competitions\/top-14\">Top 14<\/a> et en Coupe d\u2019Europe, les absences s\u2019accumulent, for\u00e7ant <strong>Pierre Mignoni<\/strong> \u00e0 <strong>recomposer son \u00e9quipe<\/strong> avec les moyens du bord. \u00ab\u00a0C\u2019est un puzzle complexe\u00a0\u00bb, d\u00e9clare un observateur, soulignant que \u00ab\u00a0les blessures s\u2019encha\u00eenent au pire moment\u00a0\u00bb.<\/p>\n\n\n\n<p>\u00ab\u00a0Avec la demi-finale de Champions Cup qui approche, chaque absence p\u00e8se lourd\u00a0\u00bb, ajoute un analyste. \u00ab\u00a0Toulon devra puiser dans ses r\u00e9serves pour tenir le choc\u00a0\u00bb, conclut-il.<\/p>\n\n\n\n<p>Pourquoi l\u2019absence de <strong>Charles Ollivon<\/strong> inqui\u00e8te-t-elle autant ? Comment le RCT compte-t-il g\u00e9rer cette crise m\u00e9dicale ? Et quel impact ces forfaits pourraient-ils avoir sur la fin de saison ? Voici ce qu\u2019il faut retenir.<\/p>\n\n\n\n<h2 class=\"wp-block-heading\">Une saison termin\u00e9e pour Gabin Villi\u00e8re<\/h2>\n\n\n\n<h3 class=\"wp-block-heading\">Rupture du ligament crois\u00e9 et op\u00e9ration imminente<\/h3>\n\n\n\n<p>La <strong>mauvaise nouvelle<\/strong> a \u00e9t\u00e9 confirm\u00e9e ce vendredi en conf\u00e9rence de presse : <strong>Gabin Villi\u00e8re<\/strong>, l\u2019ailier international, ne rejouera <strong>plus cette saison<\/strong>. Touch\u00e9 lors du d\u00e9placement \u00e0 Montauban, il souffre d\u2019une <strong>rupture du ligament crois\u00e9<\/strong> et sera <strong>op\u00e9r\u00e9 la semaine prochaine<\/strong>.<\/p>\n\n\n\n<p>\u00ab\u00a0C\u2019est un coup dur pour le RCT et pour Villi\u00e8re\u00a0\u00bb, d\u00e9clare un responsable, conscient que \u00ab\u00a0son absence laisse un vide dans l\u2019effectif\u00a0\u00bb. \u00ab\u00a0C\u2019est une blessure grave qui n\u00e9cessite une longue r\u00e9cup\u00e9ration\u00a0\u00bb, ajoute un m\u00e9decin du sport.<\/p>\n\n\n\n<h3 class=\"wp-block-heading\">Un effectif d\u00e9j\u00e0 amoindri<\/h3>\n\n\n\n<p>Cette absence s\u2019ajoute \u00e0 celles, <strong>d\u00e9j\u00e0 act\u00e9es pour plusieurs mois<\/strong>, de <strong>Dany Priso<\/strong> (pilier), <strong>Marius Domon<\/strong> (arri\u00e8re), <strong>Lewis Ludlam<\/strong>, <strong>Swan Rebbadj<\/strong> et <strong>Brian Alainu\u2019uese<\/strong>. \u00ab\u00a0L\u2019infirmerie du RCT est pleine\u00a0\u00bb, souligne un journaliste, soulignant que \u00ab\u00a0ces blessures p\u00e8sent lourd sur la dynamique de l\u2019\u00e9quipe\u00a0\u00bb.<\/p>\n\n\n\n<p>\u00ab\u00a0C\u2019est un effectif qui a du mal \u00e0 se remettre de ces coups du sort\u00a0\u00bb, d\u00e9clare un observateur. \u00ab\u00a0Chaque forfait complique la t\u00e2che de <strong>Pierre Mignoni<\/strong>\u00ab\u00a0, ajoute-t-il.<\/p>\n\n\n\n<h2 class=\"wp-block-heading\">Ollivon et Ribbans absents, Mignoni reste \u00e9vasif<\/h2>\n\n\n\n<h3 class=\"wp-block-heading\">Charles Ollivon, une absence qui inqui\u00e8te<\/h3>\n\n\n\n<p>En plus des joueurs d\u00e9j\u00e0 bless\u00e9s, Pierre Mignoni a annonc\u00e9 <strong>deux nouveaux forfaits de poids<\/strong> pour le match contre Bayonne : <strong>Charles Ollivon<\/strong> et <strong>David Ribbans<\/strong> ne seront pas sur la feuille de ce match de <a href=\"https:\/\/mvz-sports.com\/fr\/rugby\">rugby<\/a>.<\/p>\n\n\n\n<p>\u00ab\u00a0Charles Ollivon a toujours un petit truc\u00a0\u00bb, a simplement d\u00e9clar\u00e9 Mignoni, <strong>sans pr\u00e9ciser la nature ni la dur\u00e9e de son absence<\/strong>. Une <strong>opacit\u00e9<\/strong> qui inqui\u00e8te, surtout \u00e0 l\u2019approche de la <strong>demi-finale de Champions Cup contre le Leinster<\/strong>.<\/p>\n\n\n\n<p>\u00ab\u00a0L\u2019absence d\u2019Ollivon est particuli\u00e8rement pr\u00e9occupante\u00a0\u00bb, d\u00e9clare un analyste. \u00ab\u00a0C\u2019est un joueur cl\u00e9 pour Toulon, et son absence pourrait peser lourd\u00a0\u00bb, ajoute-t-il.<\/p>\n\n\n\n<h3 class=\"wp-block-heading\">David Ribbans, encore touch\u00e9 au dos<\/h3>\n\n\n\n<p>David Ribbans, lui, est <strong>un habitu\u00e9 des probl\u00e8mes de dos<\/strong> cette saison. \u00ab\u00a0C\u2019est le dos\u00a0\u00bb, a simplement indiqu\u00e9 Mignoni, confirmant que le deuxi\u00e8me ligne ne pourrait pas jouer contre Bayonne.<\/p>\n\n\n\n<p>\u00ab\u00a0Ribbans est un joueur important en touche et en m\u00eal\u00e9e\u00a0\u00bb, explique un entra\u00eeneur. \u00ab\u00a0Son absence affaiblit la deuxi\u00e8me ligne toulonnaise\u00a0\u00bb, ajoute-t-il.<\/p>\n\n\n\n<h2 class=\"wp-block-heading\">Le retour d\u2019Antoine Frisch, une lueur d\u2019espoir<\/h2>\n\n\n\n<h3 class=\"wp-block-heading\">Une solution pour stabiliser la ligne de trois-quarts<\/h3>\n\n\n\n<p>Au milieu de cette <strong>avalanche de forfaits<\/strong>, une <strong>bonne nouvelle<\/strong> : le <strong>retour d\u2019Antoine Frisch<\/strong> au centre. Le joueur <strong>r\u00e9int\u00e8gre le groupe<\/strong> pour affronter Bayonne, offrant \u00e0 Pierre Mignoni une <strong>solution de choix<\/strong> pour stabiliser sa ligne de trois-quarts.<\/p>\n\n\n\n<p>\u00ab\u00a0Le retour de Frisch tombe \u00e0 point nomm\u00e9\u00a0\u00bb, d\u00e9clare un responsable, soulignant que \u00ab\u00a0son exp\u00e9rience et sa polyvalence seront pr\u00e9cieuses\u00a0\u00bb. \u00ab\u00a0C\u2019est un joueur qui peut faire la diff\u00e9rence\u00a0\u00bb, ajoute un observateur.<\/p>\n\n\n\n<h2 class=\"wp-block-heading\">Un match capital avant la demi-finale de Champions Cup<\/h2>\n\n\n\n<h3 class=\"wp-block-heading\">Toulon doit s\u00e9curiser la victoire face \u00e0 Bayonne<\/h3>\n\n\n\n<p>Face \u00e0 des Bayonnais en plein doute, le RCT devra puiser dans ses r\u00e9serves et sa profondeur de banc pour s\u00e9curiser une victoire capitale en Top 14 avant son grand rendez-vous europ\u00e9en contre le Leinster.<\/p>\n\n\n\n<p>\u00ab\u00a0C\u2019est un match \u00e0 ne pas rater\u00a0\u00bb, d\u00e9clare un analyste. \u00ab\u00a0Toulon doit montrer qu\u2019il peut compter sur son collectif malgr\u00e9 les absences\u00a0\u00bb, ajoute-t-il.<\/p>\n\n\n\n<p>\u00ab\u00a0Une victoire contre Bayonne serait un bon signal avant la demi-finale de Champions Cup\u00a0\u00bb, conclut un fan. \u00ab\u00a0Mais avec autant de forfaits, ce ne sera pas facile\u00a0\u00bb, d\u00e9clare un journaliste.<\/p>\n\n\n\n<p>Le <strong>RCT Toulon<\/strong> traverse une <strong>p\u00e9riode difficile<\/strong>, avec des <strong>blessures qui s\u2019accumulent<\/strong> et des <strong>absences qui p\u00e8sent lourd<\/strong>. \u00ab\u00a0C\u2019est un moment charni\u00e8re pour le club\u00a0\u00bb, r\u00e9sume un observateur. \u00ab\u00a0Toulon devra faire preuve de r\u00e9silience pour surmonter ces \u00e9preuves\u00a0\u00bb, ajoute un expert.<\/p>\n\n\n\n<p>\u00ab\u00a0Avec le retour de Frisch et la d\u00e9termination du groupe, le RCT a les armes pour tenir le choc\u00a0\u00bb, conclut un responsable. \u00ab\u00a0Mais la marge de man\u0153uvre est \u00e9troite\u00a0\u00bb, d\u00e9clare un analyste.<\/p>\n\n\n\n<p>Pensez-vous que le RCT peut surmonter cette crise m\u00e9dicale et cr\u00e9er l\u2019exploit en Champions Cup ? Quel joueur pourrait faire la diff\u00e9rence en l\u2019absence d\u2019<strong>Ollivon<\/strong> et de Villi\u00e8re ?<\/p>\n","protected":false},"excerpt":{"rendered":"<p>Le Rugby Club Toulonnais aborde la r\u00e9ception de l\u2019Aviron Bayonnais, ce samedi 25 avril \u00e0 16h35, dans un contexte m\u00e9dical alarmant. Entre blessures de longue dur\u00e9e et forfaits de derni\u00e8re minute, Pierre Mignoni doit composer avec un effectif d\u00e9cim\u00e9. La saison est termin\u00e9e pour Gabin Villi\u00e8re (rupture du ligament crois\u00e9, op\u00e9ration pr\u00e9vue la semaine prochaine), [&hellip;]<\/p>\n","protected":false},"author":2,"featured_media":48031,"comment_status":"open","ping_status":"open","sticky":false,"template":"","format":"standard","meta":{"_acf_changed":false,"_seopress_robots_primary_cat":"none","_seopress_titles_title":"","_seopress_titles_desc":"","_seopress_robots_index":"","footnotes":""},"categories":[7],"tags":[],"class_list":["post-48028","post","type-post","status-publish","format-standard","has-post-thumbnail","hentry","category-rugby"],"acf":[],"_links":{"self":[{"href":"https:\/\/mvz-sports.com\/fr\/wp-json\/wp\/v2\/posts\/48028","targetHints":{"allow":["GET"]}}],"collection":[{"href":"https:\/\/mvz-sports.com\/fr\/wp-json\/wp\/v2\/posts"}],"about":[{"href":"https:\/\/mvz-sports.com\/fr\/wp-json\/wp\/v2\/types\/post"}],"author":[{"embeddable":true,"href":"https:\/\/mvz-sports.com\/fr\/wp-json\/wp\/v2\/users\/2"}],"replies":[{"embeddable":true,"href":"https:\/\/mvz-sports.com\/fr\/wp-json\/wp\/v2\/comments?post=48028"}],"version-history":[{"count":2,"href":"https:\/\/mvz-sports.com\/fr\/wp-json\/wp\/v2\/posts\/48028\/revisions"}],"predecessor-version":[{"id":48033,"href":"https:\/\/mvz-sports.com\/fr\/wp-json\/wp\/v2\/posts\/48028\/revisions\/48033"}],"wp:featuredmedia":[{"embeddable":true,"href":"https:\/\/mvz-sports.com\/fr\/wp-json\/wp\/v2\/media\/48031"}],"wp:attachment":[{"href":"https:\/\/mvz-sports.com\/fr\/wp-json\/wp\/v2\/media?parent=48028"}],"wp:term":[{"taxonomy":"category","embeddable":true,"href":"https:\/\/mvz-sports.com\/fr\/wp-json\/wp\/v2\/categories?post=48028"},{"taxonomy":"post_tag","embeddable":true,"href":"https:\/\/mvz-sports.com\/fr\/wp-json\/wp\/v2\/tags?post=48028"}],"curies":[{"name":"wp","href":"https:\/\/api.w.org\/{rel}","templated":true}]}}