{"id":48060,"date":"2026-04-24T21:34:00","date_gmt":"2026-04-24T19:34:00","guid":{"rendered":"https:\/\/mvz-sports.com\/fr\/?p=48060"},"modified":"2026-04-25T04:12:23","modified_gmt":"2026-04-25T02:12:23","slug":"sil-y-a-une-place-benzema-de-retour-en-bleus-si-zidane-est-selectionneur-il-se-confie","status":"publish","type":"post","link":"https:\/\/mvz-sports.com\/fr\/football\/news\/sil-y-a-une-place-benzema-de-retour-en-bleus-si-zidane-est-selectionneur-il-se-confie","title":{"rendered":"\u00ab\u00a0S\u2019il y a une place\u2026\u00a0\u00bb : Benzema de retour en Bleus si Zidane est s\u00e9lectionneur ? Il se confie"},"content":{"rendered":"\n<p><strong>Karim Benzema n\u2019a pas d\u00e9finitivement tourn\u00e9 la page de l\u2019\u00e9quipe de France. Lors d\u2019un live Instagram avec le rappeur Rohff, l\u2019attaquant d\u2019Al Hilal a \u00e9voqu\u00e9 la possibilit\u00e9 d\u2019un retour sous le maillot bleu, surtout si Zin\u00e9dine Zidane prend les r\u00eanes de la s\u00e9lection.<\/strong><\/p>\n\n\n\n<p> \u00ab\u00a0Si je continue \u00e0 performer et \u00e0 \u00eatre en forme, on ne sait jamais. S\u2019il y a une place\u2026 En tout cas, je fais tout pour garder la forme\u00a0\u00bb, a-t-il d\u00e9clar\u00e9. Une d\u00e9claration qui relance les sp\u00e9culations, alors que Benzema, <strong>40 ans en 2028<\/strong>, n\u2019a plus jou\u00e9 pour les Bleus depuis juin 2022 (d\u00e9faite contre la Croatie en Ligue des nations) et avait annonc\u00e9 sa retraite internationale en d\u00e9cembre 2022. Pourtant, avec 24 buts cette saison en Arabie saoudite, dont quatre tripl\u00e9s, l\u2019ancien Madril\u00e8ne prouve qu\u2019il a encore le niveau. Et si Zidane, son mentor au <strong>Real Madrid<\/strong>, devient s\u00e9lectionneur, un retour n\u2019est pas exclu.<\/p>\n\n\n\n<p><strong><a href=\"https:\/\/mvz-sports.com\/fr\/football\/players\/karim-mostafa-benzema\">Karim Benzema<\/a><\/strong> a marqu\u00e9 l\u2019histoire du football fran\u00e7ais, mais son parcours en \u00e9quipe de France s\u2019est arr\u00eat\u00e9 pr\u00e9matur\u00e9ment en 2022, en raison d\u2019une blessure l\u2019ayant priv\u00e9 de la <a href=\"https:\/\/mvz-sports.com\/fr\/football\/competitions\/coupe-du-monde-de-football\">Coupe du monde<\/a> au Qatar, suivie d\u2019une retraite internationale annonc\u00e9e en d\u00e9cembre de la m\u00eame ann\u00e9e. Pourtant, lors d\u2019un \u00e9change avec le rappeur Rohff sur Instagram, l\u2019attaquant a laiss\u00e9 planer le doute sur un \u00e9ventuel retour, surtout si <strong>Zin\u00e9dine Zidane<\/strong> prend la succession de <strong>Didier Deschamps<\/strong>.<\/p>\n\n\n\n<h2 class=\"wp-block-heading\">Une retraite internationale pas d\u00e9finitivement act\u00e9e<\/h2>\n\n\n\n<h3 class=\"wp-block-heading\">\u00ab\u00a0Si je continue \u00e0 performer et \u00e0 \u00eatre en forme, on ne sait jamais\u00a0\u00bb<\/h3>\n\n\n\n<p><strong>Karim Benzema<\/strong> a <strong>nuanc\u00e9 ses propos<\/strong> sur sa retraite internationale. \u00ab\u00a0Si je continue \u00e0 performer et \u00e0 \u00eatre en forme, on ne sait jamais. S\u2019il y a une place\u2026\u00a0\u00bb, a-t-il d\u00e9clar\u00e9 lors du live avec Rohff. Une phrase qui montre que <strong>la porte n\u2019est pas d\u00e9finitivement ferm\u00e9e<\/strong>.<\/p>\n\n\n\n<h3 class=\"wp-block-heading\">Une condition : la pr\u00e9sence de Zidane \u00e0 la t\u00eate des Bleus<\/h3>\n\n\n\n<p>La <strong>relation privil\u00e9gi\u00e9e<\/strong> entre Karim Benzema et <strong>Zin\u00e9dine Zidane<\/strong> est un \u00e9l\u00e9ment cl\u00e9 de cette \u00e9quation. Les deux hommes ont <strong>forg\u00e9 une relation forte<\/strong> lors de leur collaboration au <strong>Real Madrid<\/strong>, o\u00f9 Benzema a \u00e9t\u00e9 un <strong>pilier de l\u2019attaque<\/strong> et a contribu\u00e9 \u00e0 trois <strong>Ligues des champions cons\u00e9cutives<\/strong> (2016, 2017, 2018).<\/p>\n\n\n\n<h2 class=\"wp-block-heading\">Un Benzema toujours performant \u00e0 37 ans<\/h2>\n\n\n\n<h3 class=\"wp-block-heading\">24 buts cette saison avec Al Hilal<\/h3>\n\n\n\n<p>Malgr\u00e9 son \u00e2ge (il aura <strong>40 ans lors de l\u2019Euro 2028<\/strong>), Karim Benzema <strong>prouve qu\u2019il a encore le niveau<\/strong>. Cette saison avec <strong>Al Hilal<\/strong>, il a d\u00e9j\u00e0 marqu\u00e9 <strong>24 buts toutes comp\u00e9titions confondues<\/strong>, dont <strong>quatre tripl\u00e9s<\/strong>, dont deux lors des <strong>deux derniers mois<\/strong>.<\/p>\n\n\n\n<h3 class=\"wp-block-heading\">Une forme physique pr\u00e9serv\u00e9e<\/h3>\n\n\n\n<p>Benzema a toujours \u00e9t\u00e9 <strong>rigoureux<\/strong> dans sa pr\u00e9paration physique. \u00ab\u00a0Je fais tout pour garder la forme\u00a0\u00bb, a-t-il d\u00e9clar\u00e9. Une discipline qui lui permet de <strong>rester comp\u00e9titif<\/strong> malgr\u00e9 les ann\u00e9es.<\/p>\n\n\n\n<h2 class=\"wp-block-heading\">Un retour qui ferait de lui le 10\u1d49 joueur \u00e0 atteindre les 100 s\u00e9lections<\/h2>\n\n\n\n<h3 class=\"wp-block-heading\">Un cap symbolique en vue<\/h3>\n\n\n\n<p>Si Karim Benzema \u00e9tait <strong>rappel\u00e9 en \u00e9quipe de France<\/strong>, il pourrait <strong>d\u00e9passer les 100 s\u00e9lections<\/strong>, devenant ainsi le <strong>10\u1d49 joueur de l\u2019histoire des Bleus<\/strong> \u00e0 atteindre ce cap. Il rejoindrait alors un <strong>club tr\u00e8s ferm\u00e9<\/strong>, compos\u00e9 de <strong><a href=\"https:\/\/mvz-sports.com\/fr\/football\/players\/hugo-hadrien-dominique-lloris\">Hugo Lloris<\/a> (145)<\/strong>, <strong><a href=\"https:\/\/mvz-sports.com\/fr\/football\/players\/marcus-lilian-thuram-ulien\">Lilian Thuram<\/a> (142)<\/strong>, <strong><a href=\"https:\/\/mvz-sports.com\/fr\/football\/players\/olivier-jonathan-giroud\">Olivier Giroud<\/a> (137)<\/strong>, <strong><a href=\"https:\/\/mvz-sports.com\/fr\/football\/players\/antoine-griezmann\">Antoine Griezmann<\/a> (137)<\/strong>, <strong>Thierry Henry (123)<\/strong>, <strong>Marcel Desailly (116)<\/strong>, <strong>Zin\u00e9dine Zidane (108)<\/strong>, <strong>Patrick Vieira (107)<\/strong> et <strong>Didier Deschamps (103)<\/strong>.<\/p>\n\n\n\n<p>Karim Benzema <strong>n\u2019exclut pas un retour en \u00e9quipe de France<\/strong>, surtout si <strong>Zin\u00e9dine Zidane<\/strong> devient s\u00e9lectionneur. <\/p>\n\n\n\n<p>Pensez-vous que Karim Benzema devrait faire son retour en \u00e9quipe de France ? Quel impact cela aurait-il sur les Bleus ?<\/p>\n","protected":false},"excerpt":{"rendered":"<p>Karim Benzema n\u2019a pas d\u00e9finitivement tourn\u00e9 la page de l\u2019\u00e9quipe de France. Lors d\u2019un live Instagram avec le rappeur Rohff, l\u2019attaquant d\u2019Al Hilal a \u00e9voqu\u00e9 la possibilit\u00e9 d\u2019un retour sous le maillot bleu, surtout si Zin\u00e9dine Zidane prend les r\u00eanes de la s\u00e9lection. \u00ab\u00a0Si je continue \u00e0 performer et \u00e0 \u00eatre en forme, on ne [&hellip;]<\/p>\n","protected":false},"author":2,"featured_media":48056,"comment_status":"open","ping_status":"open","sticky":false,"template":"","format":"standard","meta":{"_acf_changed":false,"_seopress_robots_primary_cat":"none","_seopress_titles_title":"","_seopress_titles_desc":"","_seopress_robots_index":"","footnotes":""},"categories":[1],"tags":[],"class_list":["post-48060","post","type-post","status-publish","format-standard","has-post-thumbnail","hentry","category-football"],"acf":[],"_links":{"self":[{"href":"https:\/\/mvz-sports.com\/fr\/wp-json\/wp\/v2\/posts\/48060","targetHints":{"allow":["GET"]}}],"collection":[{"href":"https:\/\/mvz-sports.com\/fr\/wp-json\/wp\/v2\/posts"}],"about":[{"href":"https:\/\/mvz-sports.com\/fr\/wp-json\/wp\/v2\/types\/post"}],"author":[{"embeddable":true,"href":"https:\/\/mvz-sports.com\/fr\/wp-json\/wp\/v2\/users\/2"}],"replies":[{"embeddable":true,"href":"https:\/\/mvz-sports.com\/fr\/wp-json\/wp\/v2\/comments?post=48060"}],"version-history":[{"count":3,"href":"https:\/\/mvz-sports.com\/fr\/wp-json\/wp\/v2\/posts\/48060\/revisions"}],"predecessor-version":[{"id":48085,"href":"https:\/\/mvz-sports.com\/fr\/wp-json\/wp\/v2\/posts\/48060\/revisions\/48085"}],"wp:featuredmedia":[{"embeddable":true,"href":"https:\/\/mvz-sports.com\/fr\/wp-json\/wp\/v2\/media\/48056"}],"wp:attachment":[{"href":"https:\/\/mvz-sports.com\/fr\/wp-json\/wp\/v2\/media?parent=48060"}],"wp:term":[{"taxonomy":"category","embeddable":true,"href":"https:\/\/mvz-sports.com\/fr\/wp-json\/wp\/v2\/categories?post=48060"},{"taxonomy":"post_tag","embeddable":true,"href":"https:\/\/mvz-sports.com\/fr\/wp-json\/wp\/v2\/tags?post=48060"}],"curies":[{"name":"wp","href":"https:\/\/api.w.org\/{rel}","templated":true}]}}