{"id":48087,"date":"2026-04-25T09:31:00","date_gmt":"2026-04-25T07:31:00","guid":{"rendered":"https:\/\/mvz-sports.com\/fr\/?p=48087"},"modified":"2026-04-25T09:43:09","modified_gmt":"2026-04-25T07:43:09","slug":"sorti-sur-blessure-mbappe-est-touche-a-lischio-droit-vrai-coup-dur-pour-le-tricolore-avant-la-coupe-du-monde","status":"publish","type":"post","link":"https:\/\/mvz-sports.com\/fr\/football\/news\/sorti-sur-blessure-mbappe-est-touche-a-lischio-droit-vrai-coup-dur-pour-le-tricolore-avant-la-coupe-du-monde","title":{"rendered":"Sorti sur blessure, Mbapp\u00e9 est touch\u00e9 \u00e0 l&rsquo;ischio droit, vrai coup dur pour le tricolore avant la coupe du monde ?"},"content":{"rendered":"\n<p><strong>Apr\u00e8s le nul du Real Madrid face au Real Betis, \u00c1lvaro Arbeloa a confirm\u00e9 qu\u2019une blessure \/ g\u00eane touchait Kylian Mbapp\u00e9, \u00e9voquant un inconfort et laissant la suite des \u00e9v\u00e9nements aux \u201cprochains jours\u201d.<\/strong><\/p>\n\n\n\n<p>Lors du match <strong><a href=\"https:\/\/mvz-sports.com\/fr\/football\/clubs\/real-madrid\">Real Madrid<\/a> \u2013 <a href=\"https:\/\/mvz-sports.com\/fr\/football\/clubs\/real-betis\">Real Betis<\/a><\/strong> (1-1), l\u2019alerte est venue en fin de rencontre : Mbapp\u00e9 a sembl\u00e9 \u00eatre g\u00ean\u00e9 \u00e0 la suite d\u2019une action, avant de demander \u00e0 son staff m\u00e9dical d\u2019intervenir et de proc\u00e9der au changement. Le technicien s\u2019est ensuite exprim\u00e9 sur son \u00e9tat.<\/p>\n\n\n\n<h2 class=\"wp-block-heading\">Un \u201cinconfort\u201d confirm\u00e9 par Arbeloa<\/h2>\n\n\n\n<p>Interrog\u00e9 sur la situation, Arbeloa a r\u00e9pondu de mani\u00e8re prudente : <a href=\"https:\/\/mvz-sports.com\/fr\/football\/players\/kylian-mbappe-lottin\">Mbapp\u00e9<\/a> aurait eu un <strong>inconfort<\/strong>, sans certitude \u00e0 ce stade. Le point important, c\u2019est que le diagnostic n\u2019est pas totalement tranch\u00e9, puisqu\u2019il renvoie \u00e0 une \u00e9valuation dans les <strong>jours \u00e0 venir<\/strong>.<\/p>\n\n\n\n<h2 class=\"wp-block-heading\">Des premiers examens qui orientent vers une surcharge<\/h2>\n\n\n\n<p>M\u00eame si l\u2019entra\u00eeneur ne d\u00e9taille pas l\u2019ampleur exacte, l\u2019article pr\u00e9cise qu\u2019une <strong>surcharge<\/strong> toucherait les <strong>ischio-jambiers<\/strong> de la <strong>jambe gauche<\/strong>, d\u2019apr\u00e8s les <strong>premiers examens<\/strong>. Le doute reste donc sur la dur\u00e9e d\u2019indisponibilit\u00e9 et sur l\u2019\u00e9volution de la g\u00eane.<\/p>\n\n\n\n<h2 class=\"wp-block-heading\">Mbapp\u00e9 sorti apr\u00e8s une action : une soir\u00e9e difficile pour Madrid<\/h2>\n\n\n\n<p>Le texte rappelle que Mbapp\u00e9 a sembl\u00e9 se blesser <strong>en fin de partie<\/strong> apr\u00e8s une s\u00e9quence avec <strong>Valverde<\/strong>. Mbapp\u00e9 a ensuite demand\u00e9 le changement \u00e0 son staff m\u00e9dical.<\/p>\n\n\n\n<p>Pour le Real Madrid, le match est donc doublement p\u00e9nalisant :<\/p>\n\n\n\n<ul class=\"wp-block-list\">\n<li>le club conc\u00e8de le nul <strong>chez lui (1-1)<\/strong>,<\/li>\n\n\n\n<li>et perd possiblement son meilleur buteur de la saison (au moins \u00e0 court terme), ce qui complique la <strong>course au titre<\/strong>.<\/li>\n<\/ul>\n\n\n\n<p>Selon Arbeloa, Mbapp\u00e9 souffre bien d\u2019un probl\u00e8me : un <strong>inconfort<\/strong> qui serait li\u00e9 \u00e0 une <strong>surcharge des ischios-jambiers (jambe gauche)<\/strong>. Le <strong>Real<\/strong> attend d\u00e9sormais les prochains jours pour clarifier la gravit\u00e9 et la r\u00e9cup\u00e9ration du Fran\u00e7ais.<\/p>\n","protected":false},"excerpt":{"rendered":"<p>Apr\u00e8s le nul du Real Madrid face au Real Betis, \u00c1lvaro Arbeloa a confirm\u00e9 qu\u2019une blessure \/ g\u00eane touchait Kylian Mbapp\u00e9, \u00e9voquant un inconfort et laissant la suite des \u00e9v\u00e9nements aux \u201cprochains jours\u201d. Lors du match Real Madrid \u2013 Real Betis (1-1), l\u2019alerte est venue en fin de rencontre : Mbapp\u00e9 a sembl\u00e9 \u00eatre g\u00ean\u00e9 [&hellip;]<\/p>\n","protected":false},"author":2,"featured_media":48094,"comment_status":"open","ping_status":"open","sticky":false,"template":"","format":"standard","meta":{"_acf_changed":false,"_seopress_robots_primary_cat":"none","_seopress_titles_title":"","_seopress_titles_desc":"","_seopress_robots_index":"","footnotes":""},"categories":[1],"tags":[],"class_list":["post-48087","post","type-post","status-publish","format-standard","has-post-thumbnail","hentry","category-football"],"acf":[],"_links":{"self":[{"href":"https:\/\/mvz-sports.com\/fr\/wp-json\/wp\/v2\/posts\/48087","targetHints":{"allow":["GET"]}}],"collection":[{"href":"https:\/\/mvz-sports.com\/fr\/wp-json\/wp\/v2\/posts"}],"about":[{"href":"https:\/\/mvz-sports.com\/fr\/wp-json\/wp\/v2\/types\/post"}],"author":[{"embeddable":true,"href":"https:\/\/mvz-sports.com\/fr\/wp-json\/wp\/v2\/users\/2"}],"replies":[{"embeddable":true,"href":"https:\/\/mvz-sports.com\/fr\/wp-json\/wp\/v2\/comments?post=48087"}],"version-history":[{"count":2,"href":"https:\/\/mvz-sports.com\/fr\/wp-json\/wp\/v2\/posts\/48087\/revisions"}],"predecessor-version":[{"id":48095,"href":"https:\/\/mvz-sports.com\/fr\/wp-json\/wp\/v2\/posts\/48087\/revisions\/48095"}],"wp:featuredmedia":[{"embeddable":true,"href":"https:\/\/mvz-sports.com\/fr\/wp-json\/wp\/v2\/media\/48094"}],"wp:attachment":[{"href":"https:\/\/mvz-sports.com\/fr\/wp-json\/wp\/v2\/media?parent=48087"}],"wp:term":[{"taxonomy":"category","embeddable":true,"href":"https:\/\/mvz-sports.com\/fr\/wp-json\/wp\/v2\/categories?post=48087"},{"taxonomy":"post_tag","embeddable":true,"href":"https:\/\/mvz-sports.com\/fr\/wp-json\/wp\/v2\/tags?post=48087"}],"curies":[{"name":"wp","href":"https:\/\/api.w.org\/{rel}","templated":true}]}}