{"id":48091,"date":"2026-04-25T07:31:00","date_gmt":"2026-04-25T05:31:00","guid":{"rendered":"https:\/\/mvz-sports.com\/fr\/?p=48091"},"modified":"2026-04-25T11:33:18","modified_gmt":"2026-04-25T09:33:18","slug":"pas-de-roland-garros-pour-le-double-tenant-du-titre-alcaraz-blesse-au-poignet-droit-et-laisse-le-chemin-libre-a-sinner","status":"publish","type":"post","link":"https:\/\/mvz-sports.com\/fr\/tennis\/news\/pas-de-roland-garros-pour-le-double-tenant-du-titre-alcaraz-blesse-au-poignet-droit-et-laisse-le-chemin-libre-a-sinner","title":{"rendered":"Pas de Roland-Garros pour le double tenant du titre : Alcaraz bless\u00e9 au poignet droit et laisse le chemin libre \u00e0 Sinner"},"content":{"rendered":"\n<p><strong>Carlos Alcaraz, double tenant du titre \u00e0 Roland-Garros, a annonc\u00e9 son forfait pour l\u2019\u00e9dition 2026, bless\u00e9 au poignet. Il ne reviendra pas \u00e0 temps pour d\u00e9fendre ses couronnes 2024 et 2025.<\/strong><\/p>\n\n\n\n<p>L\u2019annonce est tomb\u00e9e le <strong>vendredi 24 avril<\/strong>, environ un mois avant le d\u00e9but des premiers matchs du tournoi principal de <strong>Roland-Garros<\/strong>. Carlos Alcaraz, <strong>n\u00b02 mondial<\/strong> de <a href=\"https:\/\/mvz-sports.com\/fr\/tennis\">tennis<\/a>, ne participera donc pas aux Internationaux de France <strong>en 2026<\/strong>, alors qu\u2019il y a remport\u00e9 les deux derni\u00e8res \u00e9ditions.<\/p>\n\n\n\n<h2 class=\"wp-block-heading\">Une blessure au poignet qui a d\u00e9j\u00e0 contraint Alcaraz<\/h2>\n\n\n\n<p>Le forfait est li\u00e9 \u00e0 une blessure au <strong>poignet<\/strong>, survenue pendant sa victoire au <strong>premier tour de l\u2019ATP 500 de Barcelone<\/strong>. Alcaraz s\u2019\u00e9tait retir\u00e9 d\u00e8s le <strong>15 avril<\/strong> puis avait \u00e9galement d\u00e9cid\u00e9 de d\u00e9clarer forfait pour le <strong>Masters 1000 de Madrid<\/strong> (du <strong>22 avril au 3 mai<\/strong>).<\/p>\n\n\n\n<h2 class=\"wp-block-heading\">Pourquoi il restait incertain : \u201cprendre une d\u00e9cision apr\u00e8s le prochain examen\u201d<\/h2>\n\n\n\n<p>Quatre jours avant l\u2019annonce, il indiquait encore attendre l\u2019\u00e9volution de la situation. En conf\u00e9rence de presse, il expliquait qu\u2019il ne voulait pas forcer au risque de se compliquer les <strong>tournois suivants<\/strong>, et qu\u2019un <strong>prochain examen<\/strong> devait permettre de d\u00e9cider.<\/p>\n\n\n\n<p>Finalement, l\u2019\u00e9quipe et lui ont tranch\u00e9 en choisissant la prudence : ils privil\u00e9gient un retour ult\u00e9rieur sur le court plut\u00f4t que de compromettre sa pr\u00e9paration et sa sant\u00e9.<\/p>\n\n\n\n<h2 class=\"wp-block-heading\">Alcaraz s\u2019appuie sur un message de prudence, et vise un retour plus fort<\/h2>\n\n\n\n<p>Dans son message publi\u00e9 sur <strong>X<\/strong>, Alcaraz parle d\u2019un moment difficile, mais affirme \u00eatre convaincu qu\u2019il reviendra \u201cplus fort\u201d.<\/p>\n\n\n\n<h2 class=\"wp-block-heading\">En creux : une opportunit\u00e9 pour Jannik Sinner ?<\/h2>\n\n\n\n<p>Son absence pourrait profiter \u00e0 son grand rival, <strong>Jannik Sinner<\/strong>. Le <strong>n\u00b01 mondial<\/strong> italien compte d\u00e9j\u00e0 <strong>quatre Majeurs<\/strong>, mais n\u2019a encore jamais triomph\u00e9 \u00e0 <strong>Roland-Garros<\/strong>, sur l\u2019ocre parisienne.<\/p>\n\n\n\n<p>Avec ce forfait pour <strong>Roland-Garros 2026<\/strong>, Carlos Alcaraz ne d\u00e9fendra pas ses titres de <strong>2024<\/strong> et <strong>2025<\/strong>. Bless\u00e9 au <strong>poignet<\/strong> et d\u00e9j\u00e0 emp\u00each\u00e9 de jouer \u00e0 <strong>Madrid<\/strong>, il a choisi la <strong>prudence<\/strong> en attendant d\u2019\u00e9valuer sa situation, quitte \u00e0 faire l\u2019impasse sur la tourn\u00e9e parisienne potentiellement au b\u00e9n\u00e9fice de <strong>Jannik Sinner<\/strong>.<\/p>\n","protected":false},"excerpt":{"rendered":"<p>Carlos Alcaraz, double tenant du titre \u00e0 Roland-Garros, a annonc\u00e9 son forfait pour l\u2019\u00e9dition 2026, bless\u00e9 au poignet. Il ne reviendra pas \u00e0 temps pour d\u00e9fendre ses couronnes 2024 et 2025. L\u2019annonce est tomb\u00e9e le vendredi 24 avril, environ un mois avant le d\u00e9but des premiers matchs du tournoi principal de Roland-Garros. Carlos Alcaraz, n\u00b02 [&hellip;]<\/p>\n","protected":false},"author":2,"featured_media":48096,"comment_status":"open","ping_status":"open","sticky":false,"template":"","format":"standard","meta":{"_acf_changed":false,"_seopress_robots_primary_cat":"none","_seopress_titles_title":"","_seopress_titles_desc":"","_seopress_robots_index":"","footnotes":""},"categories":[4],"tags":[],"class_list":["post-48091","post","type-post","status-publish","format-standard","has-post-thumbnail","hentry","category-tennis"],"acf":[],"_links":{"self":[{"href":"https:\/\/mvz-sports.com\/fr\/wp-json\/wp\/v2\/posts\/48091","targetHints":{"allow":["GET"]}}],"collection":[{"href":"https:\/\/mvz-sports.com\/fr\/wp-json\/wp\/v2\/posts"}],"about":[{"href":"https:\/\/mvz-sports.com\/fr\/wp-json\/wp\/v2\/types\/post"}],"author":[{"embeddable":true,"href":"https:\/\/mvz-sports.com\/fr\/wp-json\/wp\/v2\/users\/2"}],"replies":[{"embeddable":true,"href":"https:\/\/mvz-sports.com\/fr\/wp-json\/wp\/v2\/comments?post=48091"}],"version-history":[{"count":2,"href":"https:\/\/mvz-sports.com\/fr\/wp-json\/wp\/v2\/posts\/48091\/revisions"}],"predecessor-version":[{"id":48099,"href":"https:\/\/mvz-sports.com\/fr\/wp-json\/wp\/v2\/posts\/48091\/revisions\/48099"}],"wp:featuredmedia":[{"embeddable":true,"href":"https:\/\/mvz-sports.com\/fr\/wp-json\/wp\/v2\/media\/48096"}],"wp:attachment":[{"href":"https:\/\/mvz-sports.com\/fr\/wp-json\/wp\/v2\/media?parent=48091"}],"wp:term":[{"taxonomy":"category","embeddable":true,"href":"https:\/\/mvz-sports.com\/fr\/wp-json\/wp\/v2\/categories?post=48091"},{"taxonomy":"post_tag","embeddable":true,"href":"https:\/\/mvz-sports.com\/fr\/wp-json\/wp\/v2\/tags?post=48091"}],"curies":[{"name":"wp","href":"https:\/\/api.w.org\/{rel}","templated":true}]}}