{"id":48122,"date":"2026-04-25T16:33:00","date_gmt":"2026-04-25T14:33:00","guid":{"rendered":"https:\/\/mvz-sports.com\/fr\/?p=48122"},"modified":"2026-04-25T12:36:50","modified_gmt":"2026-04-25T10:36:50","slug":"paul-seixas-a-ete-tres-impressionnant-evenepoel-encense-la-pepite-francaise-avant-de-lui-glisser-un-avertissement","status":"publish","type":"post","link":"https:\/\/mvz-sports.com\/fr\/cyclisme\/news\/paul-seixas-a-ete-tres-impressionnant-evenepoel-encense-la-pepite-francaise-avant-de-lui-glisser-un-avertissement","title":{"rendered":"\u00ab\u00a0Paul Seixas a \u00e9t\u00e9 tr\u00e8s impressionnant\u00a0\u00bb : Evenepoel encense la p\u00e9pite fran\u00e7aise, avant de lui glisser un avertissement"},"content":{"rendered":"\n<p><strong>\u00c0 l\u2019approche de Li\u00e8ge-Bastogne-Li\u00e8ge, Remco Evenepoel affiche ses ambitions\u2026 tout en saluant la mont\u00e9e en puissance du jeune Paul Seixas.<\/strong><\/p>\n\n\n\n<p>Port\u00e9 par sa victoire r\u00e9cente sur l\u2019Amstel Gold Race, <strong>Remco Evenepoel<\/strong> arrive lanc\u00e9 sur <strong>Li\u00e8ge-Bastogne-Li\u00e8ge<\/strong>. Mais face \u00e0 une concurrence f\u00e9roce men\u00e9e par <strong>Tadej Pogacar<\/strong>, le Belge sait que rien ne sera simple. Entre strat\u00e9gie, respect des rivaux et regard sur la nouvelle g\u00e9n\u00e9ration, il se livre sans d\u00e9tour.<\/p>\n\n\n\n<h2 class=\"wp-block-heading\">Evenepoel confiant avant Li\u00e8ge-Bastogne-Li\u00e8ge<\/h2>\n\n\n\n<p>Double vainqueur de <strong>Li\u00e8ge-Bastogne-Li\u00e8ge<\/strong>, <strong>Remco Evenepoel<\/strong> conna\u00eet parfaitement le terrain. Le Belge aborde la course avec confiance, mais reste lucide sur les difficult\u00e9s du parcours. Entre routes exigeantes et descentes techniques, la vigilance sera essentielle.<\/p>\n\n\n\n<h2 class=\"wp-block-heading\">Pogacar, l\u2019ombre permanente<\/h2>\n\n\n\n<p>Face \u00e0 lui, Tadej Pogacar reste la r\u00e9f\u00e9rence. Le Slov\u00e8ne impressionne par sa capacit\u00e9 \u00e0 attaquer fort et longtemps. Evenepoel le sait : r\u00e9pondre \u00e0 ces offensives demandera une gestion parfaite de l\u2019effort.<\/p>\n\n\n\n<h2 class=\"wp-block-heading\">Paul Seixas, la r\u00e9v\u00e9lation qui intrigue<\/h2>\n\n\n\n<p>Le regard d\u2019Evenepoel s\u2019est aussi tourn\u00e9 vers <strong>Paul Seixas<\/strong>, vainqueur de la Fl\u00e8che Wallonne. Le Belge n\u2019a pas cach\u00e9 son admiration pour la performance du Fran\u00e7ais. Mais il rappelle que Li\u00e8ge-Bastogne-Li\u00e8ge est une \u00e9preuve bien plus longue et exigeante.<\/p>\n\n\n\n<h2 class=\"wp-block-heading\">Une course tactique et impr\u00e9visible<\/h2>\n\n\n\n<p>Le parcours 2026 promet une bataille intense, notamment avec l\u2019ajout du col du Maquisard.<\/p>\n\n\n\n<p>Les moments cl\u00e9s, comme la Redoute, seront d\u00e9cisifs selon <a href=\"https:\/\/www.lequipe.fr\/Cyclisme-sur-route\/Actualites\/Remco-evenepoel-avant-liege-bastogne-liege-paul-seixas-a-ete-tres-impressionnant-dans-la-fleche-wallonne\/1670656\" target=\"_blank\" rel=\"noreferrer noopener\">L&rsquo;Equipe<\/a> . Entre fatigue accumul\u00e9e et conditions de course, la strat\u00e9gie fera la diff\u00e9rence. \u00ab\u00a0C&rsquo;est clair que l&rsquo;effort de Paul Seixas a \u00e9t\u00e9 tr\u00e8s impressionnant. Mais bon, l&rsquo;effort de dimanche, 260 km, c&rsquo;est compl\u00e8tement diff\u00e9rent. Il y aura plus de fatigue dans les jambes. Il n&rsquo;a que 19 ans, il a quand m\u00eame fait quelques jours de course cette ann\u00e9e sur un tr\u00e8s haut niveau. <\/p>\n\n\n\n<h2 class=\"wp-block-heading\">Une nouvelle g\u00e9n\u00e9ration qui bouscule la hi\u00e9rarchie<\/h2>\n\n\n\n<p>L\u2019\u00e9mergence de jeunes talents comme <strong>Paul Seixas<\/strong> confirme une \u00e9volution du <a href=\"https:\/\/mvz-sports.com\/fr\/cyclisme\">cyclisme<\/a> moderne. De plus en plus pr\u00e9coces, ces coureurs n\u2019h\u00e9sitent plus \u00e0 d\u00e9fier les cadors d\u00e8s leurs premi\u00e8res saisons. Cette tendance pourrait redistribuer les cartes plus rapidement que pr\u00e9vu et offrir des courses encore plus ouvertes dans les ann\u00e9es \u00e0 venir.<\/p>\n\n\n\n<p>Entre exp\u00e9rience, strat\u00e9gie et nouvelles ambitions, Remco Evenepoel avance avec d\u00e9termination. Face \u00e0 Pogacar et \u00e0 une concurrence en pleine \u00e9volution, Li\u00e8ge-Bastogne-Li\u00e8ge s\u2019annonce plus ouverte que jamais. Reste \u00e0 savoir qui saura tirer son \u00e9pingle du jeu. Et vous, qui voyez-vous s\u2019imposer sur cette classique mythique ?<\/p>\n","protected":false},"excerpt":{"rendered":"<p>\u00c0 l\u2019approche de Li\u00e8ge-Bastogne-Li\u00e8ge, Remco Evenepoel affiche ses ambitions\u2026 tout en saluant la mont\u00e9e en puissance du jeune Paul Seixas. Port\u00e9 par sa victoire r\u00e9cente sur l\u2019Amstel Gold Race, Remco Evenepoel arrive lanc\u00e9 sur Li\u00e8ge-Bastogne-Li\u00e8ge. Mais face \u00e0 une concurrence f\u00e9roce men\u00e9e par Tadej Pogacar, le Belge sait que rien ne sera simple. Entre strat\u00e9gie, [&hellip;]<\/p>\n","protected":false},"author":2,"featured_media":48125,"comment_status":"open","ping_status":"open","sticky":false,"template":"","format":"standard","meta":{"_acf_changed":false,"_seopress_robots_primary_cat":"none","_seopress_titles_title":"","_seopress_titles_desc":"","_seopress_robots_index":"","footnotes":""},"categories":[38],"tags":[],"class_list":["post-48122","post","type-post","status-publish","format-standard","has-post-thumbnail","hentry","category-cyclisme"],"acf":[],"_links":{"self":[{"href":"https:\/\/mvz-sports.com\/fr\/wp-json\/wp\/v2\/posts\/48122","targetHints":{"allow":["GET"]}}],"collection":[{"href":"https:\/\/mvz-sports.com\/fr\/wp-json\/wp\/v2\/posts"}],"about":[{"href":"https:\/\/mvz-sports.com\/fr\/wp-json\/wp\/v2\/types\/post"}],"author":[{"embeddable":true,"href":"https:\/\/mvz-sports.com\/fr\/wp-json\/wp\/v2\/users\/2"}],"replies":[{"embeddable":true,"href":"https:\/\/mvz-sports.com\/fr\/wp-json\/wp\/v2\/comments?post=48122"}],"version-history":[{"count":2,"href":"https:\/\/mvz-sports.com\/fr\/wp-json\/wp\/v2\/posts\/48122\/revisions"}],"predecessor-version":[{"id":48131,"href":"https:\/\/mvz-sports.com\/fr\/wp-json\/wp\/v2\/posts\/48122\/revisions\/48131"}],"wp:featuredmedia":[{"embeddable":true,"href":"https:\/\/mvz-sports.com\/fr\/wp-json\/wp\/v2\/media\/48125"}],"wp:attachment":[{"href":"https:\/\/mvz-sports.com\/fr\/wp-json\/wp\/v2\/media?parent=48122"}],"wp:term":[{"taxonomy":"category","embeddable":true,"href":"https:\/\/mvz-sports.com\/fr\/wp-json\/wp\/v2\/categories?post=48122"},{"taxonomy":"post_tag","embeddable":true,"href":"https:\/\/mvz-sports.com\/fr\/wp-json\/wp\/v2\/tags?post=48122"}],"curies":[{"name":"wp","href":"https:\/\/api.w.org\/{rel}","templated":true}]}}