{"id":48178,"date":"2026-04-26T08:31:00","date_gmt":"2026-04-26T06:31:00","guid":{"rendered":"https:\/\/mvz-sports.com\/fr\/?p=48178"},"modified":"2026-04-26T05:46:42","modified_gmt":"2026-04-26T03:46:42","slug":"ca-a-beaucoup-siffle-et-quil-faudrait-peut-etre-prendre-exemple-sur-vannes-le-garrec-cible-le-public-catalan-et-ca-nest-pas-passe","status":"publish","type":"post","link":"https:\/\/mvz-sports.com\/fr\/rugby\/news\/ca-a-beaucoup-siffle-et-quil-faudrait-peut-etre-prendre-exemple-sur-vannes-le-garrec-cible-le-public-catalan-et-ca-nest-pas-passe","title":{"rendered":"\u00ab\u00a0\u00c7a a beaucoup siffl\u00e9 et qu\u2019il faudrait peut-\u00eatre prendre exemple sur Vannes\u00a0\u00bb : Le Garrec cible le public catalan et \u00e7a n&rsquo;est pas pass\u00e9"},"content":{"rendered":"\n<p><strong>Entre Nolann Le Garrec et le public de l\u2019USA Perpignan, la tension a franchi un cap apr\u00e8s une victoire explosive du Stade Rochelais<\/strong><\/p>\n\n\n\n<p>Auteur d\u2019un match exceptionnel, le demi de m\u00eal\u00e9e rochelais a fait basculer la rencontre \u00e0 lui seul. Mais au-del\u00e0 de sa performance, ses gestes et ses d\u00e9clarations apr\u00e8s le match ont d\u00e9clench\u00e9 une vive pol\u00e9mique du c\u00f4t\u00e9 de Perpignan.<\/p>\n\n\n\n<h2 class=\"wp-block-heading\">Une performance XXL qui fait basculer le match<\/h2>\n\n\n\n<p>Sur la pelouse du <strong>Stade Aim\u00e9-Giral<\/strong>, <strong>Nolann Le Garrec<\/strong> a livr\u00e9 une prestation de tr\u00e8s haut niveau. Avec un doubl\u00e9 et 26 points inscrits, il a \u00e9t\u00e9 le grand artisan du succ\u00e8s du <strong>Stade Rochelais<\/strong> (31-29), scellant la victoire sur une p\u00e9nalit\u00e9 d\u00e9cisive dans les derni\u00e8res secondes.<\/p>\n\n\n\n<p>Son sang-froid dans un contexte aussi hostile confirme son statut de joueur capable de faire basculer les grandes rencontres. Une prestation de ce calibre fait-elle de lui l\u2019un des meilleurs num\u00e9ros 9 du championnat ?<\/p>\n\n\n\n<h2 class=\"wp-block-heading\">Une attitude provocatrice qui enflamme le stade<\/h2>\n\n\n\n<p>Mais au-del\u00e0 de la performance, c\u2019est le comportement du joueur qui a fait r\u00e9agir. D\u00e8s ses premi\u00e8res tentatives, <strong>Nolann Le Garrec<\/strong> a provoqu\u00e9 les tribunes avec un geste explicite demandant le silence.<\/p>\n\n\n\n<p>Face \u00e0 lui, le public de <strong>l\u2019USA Perpignan<\/strong>, r\u00e9put\u00e9 pour son ambiance bouillante, n\u2019a pas tard\u00e9 \u00e0 r\u00e9pondre avec des sifflets nourris.<\/p>\n\n\n\n<h2 class=\"wp-block-heading\">La phrase de trop apr\u00e8s le match<\/h2>\n\n\n\n<p>La pol\u00e9mique a pris une autre dimension apr\u00e8s le coup de sifflet final. Au micro de <strong>Canal+<\/strong>, le demi de m\u00eal\u00e9e a critiqu\u00e9 l\u2019attitude du public catalan. \u00ab Il faudrait peut-\u00eatre prendre exemple sur Vannes \u00bb, a-t-il lanc\u00e9, en r\u00e9f\u00e9rence \u00e0 une ambiance jug\u00e9e plus respectueuse lors des tentatives de but.<\/p>\n\n\n\n<p>Une sortie qui n\u2019a \u00e9videmment pas \u00e9t\u00e9 bien accueillie en Catalogne, o\u00f9 la ferveur fait partie int\u00e9grante de l\u2019identit\u00e9 du club.<\/p>\n\n\n\n<h2 class=\"wp-block-heading\">Jer\u00f3nimo De la Fuente calme le jeu<\/h2>\n\n\n\n<p>Face \u00e0 la pol\u00e9mique, Jer\u00f3nimo de la Fuente a choisi l\u2019apaisement. Pour son 100e match de <a href=\"https:\/\/mvz-sports.com\/fr\/rugby\">rugby<\/a> avec <strong>l\u2019USA Perpignan<\/strong>, le centre argentin a d\u00e9fendu son public sans entrer dans la confrontation.<\/p>\n\n\n\n<p>\u00ab S\u2019il ne l\u2019aime pas, c\u2019est son probl\u00e8me \u00bb, a-t-il simplement d\u00e9clar\u00e9, rappelant son attachement \u00e0 l\u2019ambiance unique d\u2019Aim\u00e9-Giral. Une r\u00e9ponse mesur\u00e9e qui contraste avec l\u2019intensit\u00e9 du d\u00e9bat.<\/p>\n\n\n\n<h2 class=\"wp-block-heading\">Une rivalit\u00e9 d\u00e9sormais bien install\u00e9e<\/h2>\n\n\n\n<p>Ce nouvel \u00e9pisode ne fait que renforcer les tensions d\u00e9j\u00e0 existantes entre <strong>Nolann Le Garrec<\/strong> et le public perpignanais. D\u00e9j\u00e0 critiqu\u00e9 la saison derni\u00e8re lors de son passage au Racing 92, le joueur semble d\u00e9sormais persona non grata \u00e0 Stade Aim\u00e9-Giral.<\/p>\n\n\n\n<p>Entre performance exceptionnelle et d\u00e9claration pol\u00e9mique, <strong>Nolann Le Garrec<\/strong> a marqu\u00e9 les esprits \u00e0 Perpignan. Mais cet \u00e9pisode relance aussi un d\u00e9bat plus large sur la place du public et le comportement des joueurs dans le <a href=\"https:\/\/mvz-sports.com\/fr\/rugby\/competitions\/top-14\">Top 14<\/a>.<\/p>\n\n\n\n<p>Une chose est certaine : lors de leur prochaine confrontation, l\u2019accueil promet d\u2019\u00eatre encore plus \u00e9lectrique. Selon vous, Le Garrec a-t-il \u00e9t\u00e9 trop loin ou simplement fid\u00e8le \u00e0 son temp\u00e9rament ?<\/p>\n","protected":false},"excerpt":{"rendered":"<p>Entre Nolann Le Garrec et le public de l\u2019USA Perpignan, la tension a franchi un cap apr\u00e8s une victoire explosive du Stade Rochelais Auteur d\u2019un match exceptionnel, le demi de m\u00eal\u00e9e rochelais a fait basculer la rencontre \u00e0 lui seul. Mais au-del\u00e0 de sa performance, ses gestes et ses d\u00e9clarations apr\u00e8s le match ont d\u00e9clench\u00e9 [&hellip;]<\/p>\n","protected":false},"author":2,"featured_media":48181,"comment_status":"open","ping_status":"open","sticky":false,"template":"","format":"standard","meta":{"_acf_changed":false,"_seopress_robots_primary_cat":"none","_seopress_titles_title":"","_seopress_titles_desc":"","_seopress_robots_index":"","footnotes":""},"categories":[7],"tags":[],"class_list":["post-48178","post","type-post","status-publish","format-standard","has-post-thumbnail","hentry","category-rugby"],"acf":[],"_links":{"self":[{"href":"https:\/\/mvz-sports.com\/fr\/wp-json\/wp\/v2\/posts\/48178","targetHints":{"allow":["GET"]}}],"collection":[{"href":"https:\/\/mvz-sports.com\/fr\/wp-json\/wp\/v2\/posts"}],"about":[{"href":"https:\/\/mvz-sports.com\/fr\/wp-json\/wp\/v2\/types\/post"}],"author":[{"embeddable":true,"href":"https:\/\/mvz-sports.com\/fr\/wp-json\/wp\/v2\/users\/2"}],"replies":[{"embeddable":true,"href":"https:\/\/mvz-sports.com\/fr\/wp-json\/wp\/v2\/comments?post=48178"}],"version-history":[{"count":2,"href":"https:\/\/mvz-sports.com\/fr\/wp-json\/wp\/v2\/posts\/48178\/revisions"}],"predecessor-version":[{"id":48183,"href":"https:\/\/mvz-sports.com\/fr\/wp-json\/wp\/v2\/posts\/48178\/revisions\/48183"}],"wp:featuredmedia":[{"embeddable":true,"href":"https:\/\/mvz-sports.com\/fr\/wp-json\/wp\/v2\/media\/48181"}],"wp:attachment":[{"href":"https:\/\/mvz-sports.com\/fr\/wp-json\/wp\/v2\/media?parent=48178"}],"wp:term":[{"taxonomy":"category","embeddable":true,"href":"https:\/\/mvz-sports.com\/fr\/wp-json\/wp\/v2\/categories?post=48178"},{"taxonomy":"post_tag","embeddable":true,"href":"https:\/\/mvz-sports.com\/fr\/wp-json\/wp\/v2\/tags?post=48178"}],"curies":[{"name":"wp","href":"https:\/\/api.w.org\/{rel}","templated":true}]}}