{"id":48233,"date":"2026-04-27T07:33:00","date_gmt":"2026-04-27T05:33:00","guid":{"rendered":"https:\/\/mvz-sports.com\/fr\/?p=48233"},"modified":"2026-04-27T05:33:27","modified_gmt":"2026-04-27T03:33:27","slug":"on-le-merite-pierre-mignoni-envoie-un-message-clair-avant-le-choc-europeen-de-toulon","status":"publish","type":"post","link":"https:\/\/mvz-sports.com\/fr\/rugby\/news\/on-le-merite-pierre-mignoni-envoie-un-message-clair-avant-le-choc-europeen-de-toulon","title":{"rendered":"On le m\u00e9rite \u00bb : Pierre Mignoni envoie un message clair avant le choc europ\u00e9en de Toulon"},"content":{"rendered":"\n<p><strong>Le manager du Rugby Club Toulonnais, Pierre Mignoni, a affich\u00e9 sa d\u00e9termination apr\u00e8s la victoire bonifi\u00e9e de son \u00e9quipe contre Bayonne, ce samedi 25 avril 2026 \u00e0 Mayol.<\/strong><\/p>\n\n\n\n<p> Bien que <strong>l&rsquo;infirmerie varoise<\/strong> continue de se remplir avec la blessure aux c\u00f4tes d<strong>&lsquo;Oliver Cowie<\/strong>, le technicien se projette avec ambition sur la demi-finale de Champions Cup \u00e0 venir contre <strong>le Leinster<\/strong>. Pour <strong>Pierre Mignoni<\/strong>, cette qualification europ\u00e9enne, la premi\u00e8re pour le club depuis onze ans, n&rsquo;est pas un aboutissement mais le d\u00e9but d&rsquo;un d\u00e9fi immense face \u00e0 l&rsquo;un des g\u00e9ants du continent.<\/p>\n\n\n\n<p><strong>Le RCT<\/strong> s&rsquo;appr\u00eate \u00e0 vivre une semaine capitale pour son histoire r\u00e9cente. Apr\u00e8s avoir assur\u00e9 l&rsquo;essentiel en championnat, les Toulonnais basculent en mode europ\u00e9en avec un d\u00e9placement p\u00e9rilleux en Irlande. <strong>Pierre Mignoni<\/strong> insiste sur la l\u00e9gitimit\u00e9 de son groupe \u00e0 ce niveau de la comp\u00e9tition, tout en restant lucide sur le statut d&rsquo;outsider de son \u00e9quipe face \u00e0 l&rsquo;ogre dublinois.<\/p>\n\n\n\n<h2 class=\"wp-block-heading\">Un effectif mobilis\u00e9 malgr\u00e9 la casse<\/h2>\n\n\n\n<p>La gestion de l&rsquo;effectif devient un v\u00e9ritable casse-t\u00eate pour le staff toulonnais. La perte d&rsquo;<strong>Oliver Cowie<\/strong>, touch\u00e9 lors du dernier match, s&rsquo;ajoute \u00e0 une liste de bless\u00e9s d\u00e9j\u00e0 longue. \u00ab\u00a0On n\u2019aura pas trop de marge. Malheureusement, on perd beaucoup de monde\u00a0\u00bb, regrette <strong>Pierre Mignoni<\/strong>, tout en martelant que la solution viendra de l&rsquo;unit\u00e9 du groupe.<\/p>\n\n\n\n<p>Pour le manager de ce club de <a href=\"https:\/\/mvz-sports.com\/fr\/rugby\">rugby<\/a>, le match contre <strong>le Leinster<\/strong> se gagnera \u00e0 23, mais surtout gr\u00e2ce \u00e0 l&rsquo;implication de l&rsquo;ensemble des joueurs durant la semaine d&rsquo;entra\u00eenement. \u00c0 certains postes o\u00f9 les rotations sont limit\u00e9es, la solidarit\u00e9 sera le ma\u00eetre-mot pour tenir le choc physiquement et mentalement face \u00e0 la cadence impos\u00e9e par le calendrier.<\/p>\n\n\n\n<h2 class=\"wp-block-heading\">Une demi-finale m\u00e9rit\u00e9e mais pas finale<\/h2>\n\n\n\n<p><strong>Le RCT<\/strong> retrouve le dernier carr\u00e9 de la grande Coupe d&rsquo;Europe apr\u00e8s onze ann\u00e9es d&rsquo;attente. Pour <strong>Pierre Mignoni<\/strong>, ce parcours est le fruit d&rsquo;un travail acharn\u00e9 : \u00ab\u00a0Si on est en demi-finale de Champions Cup, c\u2019est qu\u2019on le m\u00e9rite\u00a0\u00bb. Cependant, il refuse que ses joueurs se contentent de ce stade de la comp\u00e9tition.<\/p>\n\n\n\n<p>Bien que <strong>le Leinster<\/strong> fasse figure de grand favori chez lui, le manager varois refuse de partir battu. Il reconna\u00eet la sup\u00e9riorit\u00e9 structurelle et l&rsquo;exp\u00e9rience des Irlandais, habitu\u00e9s \u00e0 ces rendez-vous annuels, mais il voit dans ce d\u00e9fi une opportunit\u00e9 d&rsquo;\u00e9crire une nouvelle page glorieuse pour Toulon, loin de toute autosatisfaction.<\/p>\n\n\n\n<h2 class=\"wp-block-heading\">L&rsquo;ombre du glorieux pass\u00e9 de 2015<\/h2>\n\n\n\n<p>La derni\u00e8re confrontation entre les deux clubs en phase finale remonte \u00e0 2015, une \u00e9poque o\u00f9 <strong>Pierre Mignoni<\/strong> \u00e9tait encore sur le terrain (ou dans le staff avec plus de cheveux, comme il s&rsquo;en amuse). \u00ab\u00a0C&rsquo;\u00e9tait une belle aventure\u00a0\u00bb, se souvient-il, tout en pr\u00e9cisant qu&rsquo;il n&rsquo;existe plus aucun joueur de cette \u00e9pop\u00e9e dans l&rsquo;effectif actuel.<\/p>\n\n\n\n<p>Cette nouvelle aventure europ\u00e9enne est, selon lui, une histoire totalement diff\u00e9rente. Il ne s&rsquo;agit pas de vivre dans le souvenir des succ\u00e8s pass\u00e9s, mais de cr\u00e9er une dynamique propre \u00e0 ce groupe version 2026. L&rsquo;objectif est clair : transformer ce bon souvenir en une motivation suppl\u00e9mentaire pour renverser la hi\u00e9rarchie \u00e9tablie.<\/p>\n\n\n\n<p>La capacit\u00e9 de <strong>Pierre Mignoni<\/strong> \u00e0 transformer les contraintes de l&rsquo;infirmerie en un moteur de coh\u00e9sion sera la cl\u00e9 du succ\u00e8s \u00e0 Dublin. Dans un contexte o\u00f9 le <strong>Leinster<\/strong> impose un rythme de jeu international, la r\u00e9silience d\u00e9fensive de Toulon et son efficacit\u00e9 sur les rares munitions obtenues d\u00e9termineront si le club peut revivre les frissons des grandes ann\u00e9es europ\u00e9ennes.<\/p>\n\n\n\n<p>L<strong>e RCT<\/strong> aborde son choc contre <strong>le Leinste<\/strong>r avec beaucoup d&rsquo;humilit\u00e9 mais une envie farouche de bousculer la hi\u00e9rarchie, sous l&rsquo;impulsion d&rsquo;un <strong>Pierre Mignoni<\/strong> protecteur envers son groupe. Malgr\u00e9 l&rsquo;absence d&rsquo;<strong>Oliver Cowie<\/strong>, l&rsquo;ambition varoise reste intacte pour cette semaine historique. Selon vous, Toulon poss\u00e8de-t-il les armes n\u00e9cessaires pour cr\u00e9er l&rsquo;exploit en Irlande le week-end prochain ?<\/p>\n\n\n\n<p><\/p>\n","protected":false},"excerpt":{"rendered":"<p>Le manager du Rugby Club Toulonnais, Pierre Mignoni, a affich\u00e9 sa d\u00e9termination apr\u00e8s la victoire bonifi\u00e9e de son \u00e9quipe contre Bayonne, ce samedi 25 avril 2026 \u00e0 Mayol. Bien que l&rsquo;infirmerie varoise continue de se remplir avec la blessure aux c\u00f4tes d&lsquo;Oliver Cowie, le technicien se projette avec ambition sur la demi-finale de Champions Cup [&hellip;]<\/p>\n","protected":false},"author":2,"featured_media":48236,"comment_status":"open","ping_status":"open","sticky":false,"template":"","format":"standard","meta":{"_acf_changed":false,"_seopress_robots_primary_cat":"none","_seopress_titles_title":"","_seopress_titles_desc":"","_seopress_robots_index":"","footnotes":""},"categories":[7],"tags":[],"class_list":["post-48233","post","type-post","status-publish","format-standard","has-post-thumbnail","hentry","category-rugby"],"acf":[],"_links":{"self":[{"href":"https:\/\/mvz-sports.com\/fr\/wp-json\/wp\/v2\/posts\/48233","targetHints":{"allow":["GET"]}}],"collection":[{"href":"https:\/\/mvz-sports.com\/fr\/wp-json\/wp\/v2\/posts"}],"about":[{"href":"https:\/\/mvz-sports.com\/fr\/wp-json\/wp\/v2\/types\/post"}],"author":[{"embeddable":true,"href":"https:\/\/mvz-sports.com\/fr\/wp-json\/wp\/v2\/users\/2"}],"replies":[{"embeddable":true,"href":"https:\/\/mvz-sports.com\/fr\/wp-json\/wp\/v2\/comments?post=48233"}],"version-history":[{"count":2,"href":"https:\/\/mvz-sports.com\/fr\/wp-json\/wp\/v2\/posts\/48233\/revisions"}],"predecessor-version":[{"id":48244,"href":"https:\/\/mvz-sports.com\/fr\/wp-json\/wp\/v2\/posts\/48233\/revisions\/48244"}],"wp:featuredmedia":[{"embeddable":true,"href":"https:\/\/mvz-sports.com\/fr\/wp-json\/wp\/v2\/media\/48236"}],"wp:attachment":[{"href":"https:\/\/mvz-sports.com\/fr\/wp-json\/wp\/v2\/media?parent=48233"}],"wp:term":[{"taxonomy":"category","embeddable":true,"href":"https:\/\/mvz-sports.com\/fr\/wp-json\/wp\/v2\/categories?post=48233"},{"taxonomy":"post_tag","embeddable":true,"href":"https:\/\/mvz-sports.com\/fr\/wp-json\/wp\/v2\/tags?post=48233"}],"curies":[{"name":"wp","href":"https:\/\/api.w.org\/{rel}","templated":true}]}}