{"id":48253,"date":"2026-04-27T10:32:00","date_gmt":"2026-04-27T08:32:00","guid":{"rendered":"https:\/\/mvz-sports.com\/fr\/?p=48253"},"modified":"2026-04-27T07:33:53","modified_gmt":"2026-04-27T05:33:53","slug":"gagner-autant-que-possible-jusqua-ce-quil-nous-detruise-tous-pogacar-bluffe-par-lincroyable-paul-seixas","status":"publish","type":"post","link":"https:\/\/mvz-sports.com\/fr\/cyclisme\/news\/gagner-autant-que-possible-jusqua-ce-quil-nous-detruise-tous-pogacar-bluffe-par-lincroyable-paul-seixas","title":{"rendered":"\u00ab Gagner autant que possible jusqu\u2019\u00e0 ce qu\u2019il nous d\u00e9truise tous \u00bb : Pogacar bluff\u00e9 par l\u2019incroyable Paul Seixas"},"content":{"rendered":"\n<p><strong>Tadej Poga\u010dar a surclass\u00e9 la concurrence pour remporter Li\u00e8ge-Bastogne-Li\u00e8ge ce dimanche 26 avril 2026, mais l&rsquo;essentiel \u00e9tait ailleurs pour le Slov\u00e8ne. <\/strong><\/p>\n\n\n\n<p>\u00c0 l&rsquo;arriv\u00e9e, le leader de l&rsquo;\u00e9quipe <strong>UAE Team Emirates<\/strong> n&rsquo;avait qu&rsquo;un nom \u00e0 la bouche : <strong>Paul Seixas<\/strong>. Le jeune prodige fran\u00e7ais de 19 ans, membre de la formation <strong>Decathlon AG2R La Mondiale<\/strong> (cit\u00e9e sous son appellation <strong>Decathlon CMA CGM<\/strong>), a \u00e9t\u00e9 le seul \u00e0 pouvoir suivre l&rsquo;attaque d\u00e9vastatrice du champion du monde dans la C\u00f4te de La Redoute, provoquant la stup\u00e9faction des t\u00e9nors du peloton.<\/p>\n\n\n\n<p>L&rsquo;av\u00e8nement de <strong>Paul Seixas<\/strong> agit comme un \u00e9lectrochoc sur le cyclisme mondial. \u00c0 seulement 19 ans, le Fran\u00e7ais a bouscul\u00e9 la hi\u00e9rarchie lors de la \u00ab\u00a0Doyenne\u00a0\u00bb, for\u00e7ant <strong>Tadej Poga\u010dar<\/strong> \u00e0 livrer une analyse m\u00ealant admiration et inqui\u00e9tude. Pour le champion slov\u00e8ne, la progression fulgurante de ce nouveau rival est un signal d&rsquo;alarme pour tous les coureurs de la g\u00e9n\u00e9ration actuelle.<\/p>\n\n\n\n<h2 class=\"wp-block-heading\">Un duel au sommet dans La Redoute<\/h2>\n\n\n\n<p>Le moment fort de la course s&rsquo;est produit dans la C\u00f4te de La Redoute, o\u00f9 <strong>Tadej Poga\u010dar<\/strong> a plac\u00e9 son acc\u00e9l\u00e9ration habituelle. \u00c0 sa grande surprise, <strong>Paul Seixas<\/strong> est revenu \u00e0 sa hauteur au sommet. \u00ab Au sommet, il est revenu \u00e0 ma hauteur et je me suis dit : \u00ab\u00a0D&rsquo;accord, il est vraiment impressionnant\u00a0\u00bb \u00bb, a racont\u00e9 le Slov\u00e8ne, qui a d\u00fb attendre la Roche-aux-Faucons, \u00e0 14 kilom\u00e8tres de l&rsquo;arriv\u00e9e, pour enfin distancer le Fran\u00e7ais.<\/p>\n\n\n\n<p>Cette r\u00e9sistance in\u00e9dite face au meilleur coureur du monde souligne le potentiel hors norme de <strong>Paul Seixas<\/strong>. Le leader de la formation <strong>UAE Team Emirates<\/strong> a reconnu avoir \u00e9t\u00e9 pouss\u00e9 dans ses retranchements par un coureur qui n&rsquo;a pas encore atteint, th\u00e9oriquement, la pleine maturit\u00e9 physique.<\/p>\n\n\n\n<h2 class=\"wp-block-heading\">Une menace s\u00e9rieuse pour les ann\u00e9es \u00e0 venir<\/h2>\n\n\n\n<p><strong>Tadej Poga\u010dar<\/strong> ne cache pas son appr\u00e9hension face \u00e0 la marge de progression du Fran\u00e7ais. \u00c0 27 ans, le Slov\u00e8ne estime que le peloton doit \u00ab gagner autant que possible \u00bb avant que <strong>Paul Seixas<\/strong> ne finisse par \u00ab tout d\u00e9truire \u00bb. Cette d\u00e9claration, bien que teint\u00e9e d&rsquo;humour, traduit une r\u00e9elle reconnaissance du talent pur du jeune coureur de <strong>Decathlon AG2R La Mondiale<\/strong>.<\/p>\n\n\n\n<p>\u00ab Le corps est normalement au sommet entre 26 et 30 ans \u00bb, a rappel\u00e9 <strong>Tadej Poga\u010dar<\/strong>, soulignant l&rsquo;anomalie statistique que repr\u00e9sente la performance de <strong>Paul Seixas<\/strong> \u00e0 son \u00e2ge. Cette pr\u00e9cocit\u00e9 motive les cadors \u00e0 travailler encore plus dur pour tenter de contenir ce ph\u00e9nom\u00e8ne dans les prochaines saisons.<\/p>\n\n\n\n<blockquote class=\"twitter-tweet\"><p lang=\"fr\" dir=\"ltr\">\ud83d\udeb4 <a href=\"https:\/\/twitter.com\/hashtag\/LBL?src=hash&amp;ref_src=twsrc%5Etfw\">#LBL<\/a> | \ud83d\udea8PAUL SEIXAS EST LE SEUL \u00c0 SUIVRE L&#39;ATTAQUE DE POGACAR !<br><br>\u26a1\ufe0fLe duel tant attendu a lieu alors que Evenepoel est l\u00e2ch\u00e9 !<br><br>\ud83d\udcfaSuivez la course en direct sur la cha\u00eene sport de <a href=\"https:\/\/t.co\/LcvzhE4Q6I\">https:\/\/t.co\/LcvzhE4Q6I<\/a> <a href=\"https:\/\/t.co\/SVBVb9RCIe\">pic.twitter.com\/SVBVb9RCIe<\/a><\/p>&mdash; francetvsport (@francetvsport) <a href=\"https:\/\/twitter.com\/francetvsport\/status\/2048388432779432237?ref_src=twsrc%5Etfw\">April 26, 2026<\/a><\/blockquote> <script async src=\"https:\/\/platform.twitter.com\/widgets.js\" charset=\"utf-8\"><\/script>\n\n\n\n<h2 class=\"wp-block-heading\">Remco Evenepoel reconna\u00eet sa sup\u00e9riorit\u00e9<\/h2>\n\n\n\n<p>Le Belge <strong>Remco Evenepoel<\/strong>, leader de l&rsquo;\u00e9quipe <strong>Soudal Quick-Step<\/strong>, a lui aussi d\u00fb s&rsquo;incliner. Pourtant sceptique la veille sur la capacit\u00e9 du Fran\u00e7ais \u00e0 tenir la distance de 260 kilom\u00e8tres, le double champion olympique a admis avoir \u00e9t\u00e9 bluff\u00e9. Troisi\u00e8me de l&rsquo;\u00e9preuve, il a constat\u00e9 que le duo de t\u00eate allait simplement \u00ab trop vite \u00bb pour le reste du monde.<\/p>\n\n\n\n<p>Pour <strong>Remco Evenepoel<\/strong>, la performance de <strong>Paul Seixas<\/strong> n&rsquo;est plus une surprise mais une confirmation. Les doutes sur le \u00ab coffre \u00bb physique du jeune coureur ont \u00e9t\u00e9 balay\u00e9s par sa capacit\u00e9 \u00e0 accompagner <strong>Tadej Poga\u010dar<\/strong> dans les moments les plus critiques de la course, marquant ainsi la naissance d&rsquo;une nouvelle \u00e8re dans les classiques ardennaises.<\/p>\n\n\n\n<p>La stup\u00e9faction exprim\u00e9e par <strong>Tadej Poga\u010dar<\/strong> et <strong>Remco Evenepoel<\/strong> montre que le cyclisme est entr\u00e9 dans une phase o\u00f9 la pr\u00e9cocit\u00e9 devient la nouvelle norme, mais <strong>Paul Seixas<\/strong> semble franchir un palier suppl\u00e9mentaire. En tenant t\u00eate au champion du monde sur l&rsquo;un des terrains les plus exigeants du calendrier, le coureur de <strong>Decathlon AG2R La Mondiale<\/strong> transforme les promesses des cat\u00e9gories de jeunes en une r\u00e9alit\u00e9 brutale pour l&rsquo;\u00e9lite mondiale.<\/p>\n\n\n\n<p>En conclusion, la victoire de <strong>Tadej Poga\u010dar<\/strong> \u00e0 Li\u00e8ge est presque \u00e9clips\u00e9e par l&rsquo;\u00e9closion ph\u00e9nom\u00e9nale de <strong>Paul Seixas<\/strong>, qui a impressionn\u00e9 les plus grands noms de la discipline. Le duel entre le Slov\u00e8ne et le Fran\u00e7ais promet d&rsquo;animer les prochaines ann\u00e9es du <a href=\"https:\/\/mvz-sports.com\/fr\/cyclisme\">cyclisme<\/a> sur route. Selon vous, <strong>Paul Seixas<\/strong> est-il d\u00e9j\u00e0 en mesure de remporter un Grand Tour d\u00e8s la saison prochaine ?<\/p>\n","protected":false},"excerpt":{"rendered":"<p>Tadej Poga\u010dar a surclass\u00e9 la concurrence pour remporter Li\u00e8ge-Bastogne-Li\u00e8ge ce dimanche 26 avril 2026, mais l&rsquo;essentiel \u00e9tait ailleurs pour le Slov\u00e8ne. \u00c0 l&rsquo;arriv\u00e9e, le leader de l&rsquo;\u00e9quipe UAE Team Emirates n&rsquo;avait qu&rsquo;un nom \u00e0 la bouche : Paul Seixas. Le jeune prodige fran\u00e7ais de 19 ans, membre de la formation Decathlon AG2R La Mondiale (cit\u00e9e [&hellip;]<\/p>\n","protected":false},"author":2,"featured_media":48257,"comment_status":"open","ping_status":"open","sticky":false,"template":"","format":"standard","meta":{"_acf_changed":false,"_seopress_robots_primary_cat":"none","_seopress_titles_title":"","_seopress_titles_desc":"","_seopress_robots_index":"","footnotes":""},"categories":[38],"tags":[],"class_list":["post-48253","post","type-post","status-publish","format-standard","has-post-thumbnail","hentry","category-cyclisme"],"acf":[],"_links":{"self":[{"href":"https:\/\/mvz-sports.com\/fr\/wp-json\/wp\/v2\/posts\/48253","targetHints":{"allow":["GET"]}}],"collection":[{"href":"https:\/\/mvz-sports.com\/fr\/wp-json\/wp\/v2\/posts"}],"about":[{"href":"https:\/\/mvz-sports.com\/fr\/wp-json\/wp\/v2\/types\/post"}],"author":[{"embeddable":true,"href":"https:\/\/mvz-sports.com\/fr\/wp-json\/wp\/v2\/users\/2"}],"replies":[{"embeddable":true,"href":"https:\/\/mvz-sports.com\/fr\/wp-json\/wp\/v2\/comments?post=48253"}],"version-history":[{"count":2,"href":"https:\/\/mvz-sports.com\/fr\/wp-json\/wp\/v2\/posts\/48253\/revisions"}],"predecessor-version":[{"id":48260,"href":"https:\/\/mvz-sports.com\/fr\/wp-json\/wp\/v2\/posts\/48253\/revisions\/48260"}],"wp:featuredmedia":[{"embeddable":true,"href":"https:\/\/mvz-sports.com\/fr\/wp-json\/wp\/v2\/media\/48257"}],"wp:attachment":[{"href":"https:\/\/mvz-sports.com\/fr\/wp-json\/wp\/v2\/media?parent=48253"}],"wp:term":[{"taxonomy":"category","embeddable":true,"href":"https:\/\/mvz-sports.com\/fr\/wp-json\/wp\/v2\/categories?post=48253"},{"taxonomy":"post_tag","embeddable":true,"href":"https:\/\/mvz-sports.com\/fr\/wp-json\/wp\/v2\/tags?post=48253"}],"curies":[{"name":"wp","href":"https:\/\/api.w.org\/{rel}","templated":true}]}}