{"id":48341,"date":"2026-04-28T12:01:00","date_gmt":"2026-04-28T10:01:00","guid":{"rendered":"https:\/\/mvz-sports.com\/fr\/?p=48341"},"modified":"2026-04-28T11:03:53","modified_gmt":"2026-04-28T09:03:53","slug":"coupe-du-monde-2026-un-retour-surprise-dhugo-lloris-dans-les-cages-tricolores","status":"publish","type":"post","link":"https:\/\/mvz-sports.com\/fr\/football\/news\/coupe-du-monde-2026-un-retour-surprise-dhugo-lloris-dans-les-cages-tricolores","title":{"rendered":"Coupe du monde 2026 : un retour surprise d&rsquo;Hugo Lloris dans les cages tricolores ?"},"content":{"rendered":"\n<p><strong>\u00c0 39 ans, et trois ans apr\u00e8s avoir tir\u00e9 sa r\u00e9v\u00e9rence internationale, Hugo Lloris pourrait-il cr\u00e9er la sensation en r\u00e9int\u00e9grant l&rsquo;\u00e9quipe de France pour la Coupe du monde 2026 ? <\/strong><\/p>\n\n\n\n<p>L&rsquo;ancien capitaine embl\u00e9matique des Bleus, aujourd&rsquo;hui titulaire indiscutable au <strong><a href=\"https:\/\/mvz-sports.com\/fr\/football\/clubs\/los-angeles-fc\">Los Angeles FC<\/a><\/strong>, songerait s\u00e9rieusement \u00e0 un retour dans un r\u00f4le de num\u00e9ro 3. Profitant de la situation pr\u00e9caire de <strong>Lucas Chevalier<\/strong> au <a href=\"https:\/\/mvz-sports.com\/fr\/football\/clubs\/paris-saint-germain\">PSG<\/a> et de sa parfaite connaissance du terrain am\u00e9ricain, le recordman de s\u00e9lections (145) se tient pr\u00eat pour une ultime aventure, m\u00eame si la d\u00e9cision finale appartient d\u00e9sormais \u00e0 un <strong>Didier Deschamps<\/strong> fid\u00e8le \u00e0 ses principes.<\/p>\n\n\n\n<p>Le sc\u00e9nario semblait \u00e9crit : apr\u00e8s la finale \u00e9pique de 2022 au Qatar, <strong>Hugo Lloris<\/strong> passait le relais \u00e0 la nouvelle g\u00e9n\u00e9ration. Pourtant, \u00e0 l&rsquo;approche du Mondial aux \u00c9tats-Unis, la rumeur d&rsquo;un retour du champion du monde 2018 prend de l&rsquo;ampleur. Dans un pays qu&rsquo;il habite d\u00e9sormais, l&rsquo;ancien gardien de <strong><a href=\"https:\/\/mvz-sports.com\/fr\/football\/clubs\/tottenham\">Tottenham<\/a><\/strong> verrait dans ce tournoi l&rsquo;occasion parfaite d&rsquo;\u00e9pauler <strong><a href=\"https:\/\/mvz-sports.com\/fr\/football\/players\/mike-peterson-maignan\">Mike Maignan<\/a><\/strong> et <strong><a href=\"https:\/\/mvz-sports.com\/fr\/football\/players\/brice-lauriche-samba\">Brice Samba<\/a><\/strong>, offrant au groupe France une exp\u00e9rience incomparable au moment o\u00f9 la hi\u00e9rarchie des gardiens vacille.<\/p>\n\n\n\n<h2 class=\"wp-block-heading\">Lucas Chevalier dans l&rsquo;impasse, une porte s&rsquo;ouvre<\/h2>\n\n\n\n<p>Le retour potentiel de Lloris est \u00e9troitement li\u00e9 au sort de <strong><a href=\"https:\/\/mvz-sports.com\/fr\/football\/players\/lucas-chevalier\">Lucas Chevalier<\/a><\/strong>. Habituel troisi\u00e8me portier de \u00ab DD \u00bb, l&rsquo;ancien Lillois vit un calvaire au <strong>PSG<\/strong> sous les ordres de <strong>Luis Enrique<\/strong>. \u00c9cart\u00e9 du terrain depuis le 23 janvier 2026 au profit de <strong><a href=\"https:\/\/mvz-sports.com\/fr\/football\/players\/matvey-safonov\">Matvey Safonov<\/a><\/strong>, Chevalier manque cruellement de rythme. Pour <strong>Didier Deschamps<\/strong>, emmener un gardien n&rsquo;ayant pas jou\u00e9 depuis cinq mois \u00e0 une Coupe du monde repr\u00e9sente un risque majeur, ouvrant ainsi la voie \u00e0 des solutions alternatives.<\/p>\n\n\n\n<p>Pendant ce temps, <strong><a href=\"https:\/\/mvz-sports.com\/fr\/football\/players\/hugo-hadrien-dominique-lloris\">Hugo Lloris<\/a><\/strong> affiche une forme insolente en <strong>MLS<\/strong>. Avec seulement 4 buts conc\u00e9d\u00e9s en 9 rencontres cette saison, il encha\u00eene les performances de haut niveau sous le soleil de Californie. Cette r\u00e9gularit\u00e9, coupl\u00e9e \u00e0 son statut de cadre historique, en fait une option de secours cr\u00e9dible pour s\u00e9curiser le vestiaire tricolore durant l&rsquo;\u00e9t\u00e9.<\/p>\n\n\n\n<h2 class=\"wp-block-heading\">Une \u00ab last dance \u00bb par respect et pudeur<\/h2>\n\n\n\n<p>S&rsquo;il ne fera pas activement campagne pour \u00ab piquer la place \u00bb des gardiens en place, l&rsquo;ancien Lyonnais ne cacherait pas son enthousiasme en cas de convocation. Connaissant parfaitement les infrastructures et les conditions de jeu am\u00e9ricaines, il agirait comme un guide pr\u00e9cieux pour le groupe. Ses proches soulignent sa volont\u00e9 d&rsquo;aider, sans pour autant remettre en question le leadership de <strong>Mike Maignan<\/strong>.<\/p>\n\n\n\n<p>Toutefois, la d\u00e9cision reste entre les mains du s\u00e9lectionneur. Si <strong>L&rsquo;\u00c9quipe<\/strong> \u00e9voque cette possibilit\u00e9, d&rsquo;autres sources comme <strong>RMC Sport<\/strong> se montrent plus sceptiques, affirmant que <strong>Didier Deschamps<\/strong> pr\u00e9f\u00e9rerait rester sur sa ligne de conduite. En cas d&rsquo;\u00e9viction de Chevalier, le technicien basque pourrait \u00e9galement se tourner vers des noms connus comme <strong>Alphonse Areola<\/strong> ou tenter un pari sur la jeunesse avec <strong>Robin Risser<\/strong>.<\/p>\n\n\n\n<p>L&rsquo;\u00e9ventuel rappel d&rsquo;<strong>Hugo Lloris<\/strong> poserait un dilemme symbolique fort pour le football fran\u00e7ais. D&rsquo;un c\u00f4t\u00e9, la tentation de s&rsquo;appuyer sur une l\u00e9gende vivante pour stabiliser un groupe en qu\u00eate d&rsquo;un troisi\u00e8me sacre mondial ; de l&rsquo;autre, le risque de freiner l&rsquo;int\u00e9gration de nouveaux profils prometteurs. <\/p>\n\n\n\n<p>Ce \u00ab\u00a0California Dreamin'\u00a0\u00bb de Lloris illustre la difficult\u00e9 de quitter d\u00e9finitivement le maillot bleu quand la passion du jeu et la perspective d&rsquo;un tournoi \u00ab \u00e0 domicile \u00bb se rejoignent.<\/p>\n\n\n\n<p>Le 14 mai prochain, la liste de <strong>Didier Deschamps<\/strong> sera scrut\u00e9e comme rarement, avec en point d&rsquo;orgue le nom du troisi\u00e8me gardien. Entre la nostalgie d&rsquo;un retour d&rsquo;<strong>Hugo Lloris<\/strong> et le pragmatisme du renouvellement, le s\u00e9lectionneur devra trancher pour garantir l&rsquo;\u00e9quilibre des Bleus. <\/p>\n\n\n\n<p>Selon vous, l&rsquo;exp\u00e9rience d&rsquo;un ancien capitaine est-elle plus pr\u00e9cieuse qu&rsquo;un jeune gardien en devenir pour aborder une comp\u00e9tition aussi intense qu&rsquo;une <a href=\"https:\/\/mvz-sports.com\/fr\/football\/competitions\/coupe-du-monde-de-football\">Coupe du monde<\/a> aux \u00c9tats-Unis ?<\/p>\n","protected":false},"excerpt":{"rendered":"<p>\u00c0 39 ans, et trois ans apr\u00e8s avoir tir\u00e9 sa r\u00e9v\u00e9rence internationale, Hugo Lloris pourrait-il cr\u00e9er la sensation en r\u00e9int\u00e9grant l&rsquo;\u00e9quipe de France pour la Coupe du monde 2026 ? L&rsquo;ancien capitaine embl\u00e9matique des Bleus, aujourd&rsquo;hui titulaire indiscutable au Los Angeles FC, songerait s\u00e9rieusement \u00e0 un retour dans un r\u00f4le de num\u00e9ro 3. Profitant de [&hellip;]<\/p>\n","protected":false},"author":2,"featured_media":48344,"comment_status":"open","ping_status":"open","sticky":false,"template":"","format":"standard","meta":{"_acf_changed":false,"_seopress_robots_primary_cat":"none","_seopress_titles_title":"","_seopress_titles_desc":"","_seopress_robots_index":"","footnotes":""},"categories":[1],"tags":[],"class_list":["post-48341","post","type-post","status-publish","format-standard","has-post-thumbnail","hentry","category-football"],"acf":[],"_links":{"self":[{"href":"https:\/\/mvz-sports.com\/fr\/wp-json\/wp\/v2\/posts\/48341","targetHints":{"allow":["GET"]}}],"collection":[{"href":"https:\/\/mvz-sports.com\/fr\/wp-json\/wp\/v2\/posts"}],"about":[{"href":"https:\/\/mvz-sports.com\/fr\/wp-json\/wp\/v2\/types\/post"}],"author":[{"embeddable":true,"href":"https:\/\/mvz-sports.com\/fr\/wp-json\/wp\/v2\/users\/2"}],"replies":[{"embeddable":true,"href":"https:\/\/mvz-sports.com\/fr\/wp-json\/wp\/v2\/comments?post=48341"}],"version-history":[{"count":2,"href":"https:\/\/mvz-sports.com\/fr\/wp-json\/wp\/v2\/posts\/48341\/revisions"}],"predecessor-version":[{"id":48346,"href":"https:\/\/mvz-sports.com\/fr\/wp-json\/wp\/v2\/posts\/48341\/revisions\/48346"}],"wp:featuredmedia":[{"embeddable":true,"href":"https:\/\/mvz-sports.com\/fr\/wp-json\/wp\/v2\/media\/48344"}],"wp:attachment":[{"href":"https:\/\/mvz-sports.com\/fr\/wp-json\/wp\/v2\/media?parent=48341"}],"wp:term":[{"taxonomy":"category","embeddable":true,"href":"https:\/\/mvz-sports.com\/fr\/wp-json\/wp\/v2\/categories?post=48341"},{"taxonomy":"post_tag","embeddable":true,"href":"https:\/\/mvz-sports.com\/fr\/wp-json\/wp\/v2\/tags?post=48341"}],"curies":[{"name":"wp","href":"https:\/\/api.w.org\/{rel}","templated":true}]}}