{"id":48373,"date":"2026-04-28T18:33:00","date_gmt":"2026-04-28T16:33:00","guid":{"rendered":"https:\/\/mvz-sports.com\/fr\/?p=48373"},"modified":"2026-04-28T12:55:11","modified_gmt":"2026-04-28T10:55:11","slug":"fin-de-saison-apres-une-fracture-de-fatigue-pour-lucas-tauzin-qui-devrait-rejoindre-la-pro-d2-en-fin-de-saison","status":"publish","type":"post","link":"https:\/\/mvz-sports.com\/fr\/rugby\/news\/fin-de-saison-apres-une-fracture-de-fatigue-pour-lucas-tauzin-qui-devrait-rejoindre-la-pro-d2-en-fin-de-saison","title":{"rendered":"Fin de saison apr\u00e8s une fracture de fatigue pour Lucas Tauzin qui devrait rejoindre la Pro D2 en fin de saison"},"content":{"rendered":"\n<p><strong>L\u2019aventure auvergnate de Lucas Tauzin se termine de la plus cruelle des mani\u00e8res. Victime d\u2019une fracture de fatigue, le trois-quarts de l&rsquo;ASM Clermont est contraint de mettre un terme pr\u00e9matur\u00e9 \u00e0 sa saison. <\/strong><\/p>\n\n\n\n<p>En fin de contrat et non conserv\u00e9 par le club, le joueur ne portera donc plus jamais le maillot jaune et bleu avant son d\u00e9part pr\u00e9vu vers le<strong> FC Grenoble<\/strong> cet \u00e9t\u00e9. Cette annonce intervient dans un contexte m\u00e9dical critique pour les Clermontois, dont l&rsquo;effectif est d\u00e9cim\u00e9 \u00e0 l&rsquo;approche des derni\u00e8res \u00e9ch\u00e9ances du <a href=\"https:\/\/mvz-sports.com\/fr\/rugby\/competitions\/top-14\">Top 14<\/a>.<\/p>\n\n\n\n<p>Le sort s&rsquo;acharne sur l&rsquo;infirmerie de l&rsquo;<strong>ASM<\/strong>. Alors que le club lutte pour accrocher le wagon des qualifiables, la perte d\u00e9finitive de <strong>Lucas Tauzin<\/strong> vient fragiliser un groupe d\u00e9j\u00e0 soumis \u00e0 une cascade de forfaits. Pour le joueur, c&rsquo;est un adieu sans c\u00e9r\u00e9monie au public de Marcel-Michelin, une fin d&rsquo;\u00e9tape brutale avant de rebondir en <a href=\"https:\/\/mvz-sports.com\/fr\/rugby\/competitions\/pro-d2\">Pro D2<\/a>. Pour <strong>Christophe Urios<\/strong>, la gestion de ce groupe \u00ab\u00a0en mode survie\u00a0\u00bb devient un v\u00e9ritable casse-t\u00eate strat\u00e9gique, notamment dans le secteur de la m\u00eal\u00e9e.<\/p>\n\n\n\n<h2 class=\"wp-block-heading\">La tuile Lucas Tauzin et l&rsquo;horizon grenoblois<\/h2>\n\n\n\n<p>Le diagnostic est sans appel : la fracture de fatigue dont souffre <strong>Lucas Tauzin<\/strong> n\u00e9cessite un repos total, excluant tout retour sur les terrains avant la cl\u00f4ture du championnat le 6 juin. Arriv\u00e9 avec l&rsquo;ambition de se relancer, l&rsquo;ancien Toulousain quitte la V\u00e9n\u00e9tie fran\u00e7aise sur une note d&rsquo;inachev\u00e9. Son avenir est d\u00e9sormais act\u00e9 du c\u00f4t\u00e9 de l&rsquo;Is\u00e8re, o\u00f9 il rejoindra le <strong>FC Grenoble<\/strong> pour devenir l&rsquo;un des cadres du projet alpin en Pro D2.<\/p>\n\n\n\n<p>Heureusement, le staff clermontois peut compter sur quelques bouff\u00e9es d&rsquo;oxyg\u00e8ne. Les retours de <strong>Selevasio Tolofua<\/strong> (mollet) et du puissant centre <strong>George Moala<\/strong> (cheville) tombent \u00e0 pic pour compenser la perte de Tauzin et densifier une ligne arri\u00e8re qui aura fort \u00e0 faire lors des prochaines batailles.<\/p>\n\n\n\n<h2 class=\"wp-block-heading\">Un axe droit de la m\u00eal\u00e9e totalement d\u00e9cim\u00e9<\/h2>\n\n\n\n<p>Si les lignes arri\u00e8res retrouvent quelques couleurs, le pack clermontois est en \u00e9tat d&rsquo;alerte maximale. Le poste de pilier droit est devenu un v\u00e9ritable champ de mines :<\/p>\n\n\n\n<ul class=\"wp-block-list\">\n<li><strong>Cristian Ojovan :<\/strong> Indisponible (ischio-jambiers).<\/li>\n\n\n\n<li><strong>R\u00e9gis Montagne :<\/strong> Forfait (hernie cervicale).<\/li>\n\n\n\n<li><strong>Giorgi Dzmanashvili :<\/strong> Mis au repos forc\u00e9 apr\u00e8s une commotion c\u00e9r\u00e9brale cette semaine.<\/li>\n<\/ul>\n\n\n\n<p>Cette h\u00e9catombe oblige l&rsquo;<strong>ASM<\/strong> \u00e0 une promotion acc\u00e9l\u00e9r\u00e9e de ses jeunes du centre de formation. Face aux m\u00eal\u00e9es les plus puissantes du pays, le manque d&rsquo;exp\u00e9rience de ces \u00ab\u00a0minots\u00a0\u00bb propuls\u00e9s en premi\u00e8re ligne sera le grand d\u00e9fi des semaines \u00e0 venir.<\/p>\n\n\n\n<h2 class=\"wp-block-heading\">Un effectif sous haute surveillance (Infirmerie)<\/h2>\n\n\n\n<p>La liste des absents pour les prochaines \u00e9ch\u00e9ances ressemble \u00e0 un inventaire \u00e0 la Pr\u00e9vert, touchant toutes les lignes du terrain :<\/p>\n\n\n\n<ul class=\"wp-block-list\">\n<li><strong>Fin de saison :<\/strong> Pierre Fouyssac (Tendon d&rsquo;Achille) et Lucas Tauzin (Fracture de fatigue).<\/li>\n\n\n\n<li><strong>Paquet d&rsquo;avants :<\/strong> Thibaud Lanen (Cheville), Tevita Ratuva (Orteil) et Rob Simmons (en reprise).<\/li>\n\n\n\n<li><strong>Premi\u00e8re ligne :<\/strong> R\u00e9gis Montagne, Cristian Ojovan et Giorgi Dzmanashvili.<\/li>\n<\/ul>\n\n\n\n<p>Le d\u00e9part forc\u00e9 de <strong>Lucas Tauzin<\/strong> par la petite porte illustre la pr\u00e9carit\u00e9 des carri\u00e8res professionnelles face aux blessures de fin de contrat. Pour l&rsquo;<strong>ASM<\/strong>, cette situation renforce la n\u00e9cessit\u00e9 de s&rsquo;appuyer sur un r\u00e9servoir de jeunes joueurs de plus en plus sollicit\u00e9s.<\/p>\n\n\n\n<p> La capacit\u00e9 de <strong>Christophe Urios<\/strong> \u00e0 maintenir une coh\u00e9sion malgr\u00e9 huit cadres \u00e0 l&rsquo;infirmerie sera d\u00e9terminante. Si Clermont parvient \u00e0 se qualifier avec un groupe aussi remani\u00e9, cet exercice 2025-2026 restera comme l&rsquo;une des saisons les plus r\u00e9silientes de l&rsquo;histoire moderne du club.<\/p>\n\n\n\n<p>L&rsquo;<strong>ASM Clermont<\/strong> doit d\u00e9sormais composer sans <strong>Lucas Tauzin<\/strong> et avec une premi\u00e8re ligne exp\u00e9rimentale pour boucler son marathon printanier. Le retour esp\u00e9r\u00e9 de <strong>Rob Simmons<\/strong> dans les prochaines semaines pourrait apporter le leadership n\u00e9cessaire \u00e0 un pack en souffrance. <\/p>\n\n\n\n<p>Selon vous, le recrutement de Tauzin par Grenoble est-il le coup de ma\u00eetre qui permettra au FCG de retrouver l&rsquo;\u00e9lite d\u00e8s la saison prochaine ?<\/p>\n","protected":false},"excerpt":{"rendered":"<p>L\u2019aventure auvergnate de Lucas Tauzin se termine de la plus cruelle des mani\u00e8res. Victime d\u2019une fracture de fatigue, le trois-quarts de l&rsquo;ASM Clermont est contraint de mettre un terme pr\u00e9matur\u00e9 \u00e0 sa saison. En fin de contrat et non conserv\u00e9 par le club, le joueur ne portera donc plus jamais le maillot jaune et bleu [&hellip;]<\/p>\n","protected":false},"author":2,"featured_media":48376,"comment_status":"open","ping_status":"open","sticky":false,"template":"","format":"standard","meta":{"_acf_changed":false,"_seopress_robots_primary_cat":"none","_seopress_titles_title":"","_seopress_titles_desc":"","_seopress_robots_index":"","footnotes":""},"categories":[7],"tags":[],"class_list":["post-48373","post","type-post","status-publish","format-standard","has-post-thumbnail","hentry","category-rugby"],"acf":[],"_links":{"self":[{"href":"https:\/\/mvz-sports.com\/fr\/wp-json\/wp\/v2\/posts\/48373","targetHints":{"allow":["GET"]}}],"collection":[{"href":"https:\/\/mvz-sports.com\/fr\/wp-json\/wp\/v2\/posts"}],"about":[{"href":"https:\/\/mvz-sports.com\/fr\/wp-json\/wp\/v2\/types\/post"}],"author":[{"embeddable":true,"href":"https:\/\/mvz-sports.com\/fr\/wp-json\/wp\/v2\/users\/2"}],"replies":[{"embeddable":true,"href":"https:\/\/mvz-sports.com\/fr\/wp-json\/wp\/v2\/comments?post=48373"}],"version-history":[{"count":2,"href":"https:\/\/mvz-sports.com\/fr\/wp-json\/wp\/v2\/posts\/48373\/revisions"}],"predecessor-version":[{"id":48378,"href":"https:\/\/mvz-sports.com\/fr\/wp-json\/wp\/v2\/posts\/48373\/revisions\/48378"}],"wp:featuredmedia":[{"embeddable":true,"href":"https:\/\/mvz-sports.com\/fr\/wp-json\/wp\/v2\/media\/48376"}],"wp:attachment":[{"href":"https:\/\/mvz-sports.com\/fr\/wp-json\/wp\/v2\/media?parent=48373"}],"wp:term":[{"taxonomy":"category","embeddable":true,"href":"https:\/\/mvz-sports.com\/fr\/wp-json\/wp\/v2\/categories?post=48373"},{"taxonomy":"post_tag","embeddable":true,"href":"https:\/\/mvz-sports.com\/fr\/wp-json\/wp\/v2\/tags?post=48373"}],"curies":[{"name":"wp","href":"https:\/\/api.w.org\/{rel}","templated":true}]}}