{"id":48385,"date":"2026-04-28T20:31:00","date_gmt":"2026-04-28T18:31:00","guid":{"rendered":"https:\/\/mvz-sports.com\/fr\/?p=48385"},"modified":"2026-04-28T16:08:35","modified_gmt":"2026-04-28T14:08:35","slug":"toulon-a-de-nouvelles-raisons-dy-croire-encore-plus-le-leinster-a-son-infirmerie-pleine","status":"publish","type":"post","link":"https:\/\/mvz-sports.com\/fr\/rugby\/news\/toulon-a-de-nouvelles-raisons-dy-croire-encore-plus-le-leinster-a-son-infirmerie-pleine","title":{"rendered":"Toulon a de nouvelles raisons d&rsquo;y croire encore plus : Le Leinster a son infirmerie pleine !"},"content":{"rendered":"\n<p><strong>Le vent de l&rsquo;inqui\u00e9tude souffle sur Dublin. \u00c0 quelques jours de sa demi-finale de Champions Cup face au RC Toulon, le Leinster fait face \u00e0 une v\u00e9ritable h\u00e9catombe m\u00e9dicale, particuli\u00e8rement au sein de son pack. <\/strong><\/p>\n\n\n\n<p>Entre les forfaits act\u00e9s et les incertitudes pesant sur des cadres comme <strong>Tadhg Furlong<\/strong> ou <strong>Andrew Porter<\/strong>, la province irlandaise aborde ce choc europ\u00e9en dans une position de fragilit\u00e9 in\u00e9dite. Un sc\u00e9nario qui pourrait bien ouvrir la porte \u00e0 un exploit toulonnais en terre irlandaise.<\/p>\n\n\n\n<p>Le Stadium de Dublin s&rsquo;appr\u00eate \u00e0 vibrer pour l&rsquo;un des sommets de la saison, mais le <strong>Leinster<\/strong> ne s&rsquo;y pr\u00e9sentera pas avec son habituel visage de rouleau compresseur. La \u00ab\u00a0machine\u00a0\u00bb irlandaise est gripp\u00e9e par une s\u00e9rie de blessures qui touchent le c\u0153ur m\u00eame de son syst\u00e8me de jeu : la premi\u00e8re ligne. Alors que Toulon arrive avec des ambitions retrouv\u00e9es, le staff du Leinster, men\u00e9 par <strong>Leo Cullen<\/strong>, doit improviser pour aligner un huit de devant comp\u00e9titif.<\/p>\n\n\n\n<h2 class=\"wp-block-heading\">Une premi\u00e8re ligne d\u00e9cim\u00e9e, le casse-t\u00eate du staff<\/h2>\n\n\n\n<p>Le secteur de la m\u00eal\u00e9e ferm\u00e9e est devenu un sujet de pr\u00e9occupation majeure. Le pilier droit international <strong>Tadhg Furlong<\/strong> est tr\u00e8s incertain apr\u00e8s une alerte musculaire contre Tr\u00e9vise. \u00ab Compte tenu de ses ant\u00e9c\u00e9dents, le moindre signe est inqui\u00e9tant \u00bb, a reconnu l&rsquo;entra\u00eeneur des avants <strong>Robin McBryde<\/strong>. Mais c&rsquo;est \u00e0 gauche que la situation vire au cauchemar avec les absences cumul\u00e9es de <strong>Jack Boyle<\/strong>, <strong>Paddy McCarthy<\/strong> et <strong>Alex Usanov<\/strong>.<\/p>\n\n\n\n<p>Le cas d&rsquo;<strong>Andrew Porter<\/strong>, touch\u00e9 \u00e0 l&rsquo;\u00e9paule, est suivi heure par heure. Si le pilier vedette devait renoncer, le Leinster perdrait son principal moteur en m\u00eal\u00e9e et dans le jeu au sol. Cette accumulation de p\u00e9pins physiques oblige ce club de <a href=\"https:\/\/mvz-sports.com\/fr\/rugby\">rugby<\/a> \u00e0 des solutions de repli, faisant passer la province d&rsquo;une situation de confort absolu \u00e0 une gestion d&rsquo;urgence.<\/p>\n\n\n\n<h2 class=\"wp-block-heading\">Des solutions d\u2019urgence, mais peu de certitudes<\/h2>\n\n\n\n<p>Pour compenser ces pertes, le Leinster a d\u00fb rappeler <strong>Ed Byrne<\/strong> et compte \u00e9norm\u00e9ment sur l&rsquo;exp\u00e9rience du v\u00e9t\u00e9ran fran\u00e7ais <strong>Rabah Slimani<\/strong> pour stabiliser l&rsquo;\u00e9difice. Si des jeunes comme <strong>Thomas Clarkson<\/strong> ont montr\u00e9 de belles promesses, l&rsquo;intensit\u00e9 d&rsquo;une demi-finale europ\u00e9enne face \u00e0 la densit\u00e9 physique du RCT repr\u00e9sente un saut dans l&rsquo;inconnu pour les espoirs <strong>Niall Smyth<\/strong> et <strong>Andrew Sparrow<\/strong>.<\/p>\n\n\n\n<p>L&rsquo;absence en deuxi\u00e8me ligne de <strong>Ryan Baird<\/strong>, victime d&rsquo;une rechute, prive \u00e9galement l&rsquo;\u00e9quipe d&rsquo;une de ses meilleures options en touche et dans le jeu de mouvement. Le cinq de devant irlandais, d&rsquo;ordinaire si souverain, semble aujourd&rsquo;hui \u00e0 la merci de la puissance varoise.<\/p>\n\n\n\n<h2 class=\"wp-block-heading\">D\u2019autres absences qui p\u00e8sent lourd<\/h2>\n\n\n\n<p>L&rsquo;infirmerie ne d\u00e9semplit pas non plus derri\u00e8re. Bien qu&rsquo;un l\u00e9ger espoir subsiste pour <strong>James Lowe<\/strong>, <strong>Jordan Larmour<\/strong> et le jeune <strong>Diarmuid Mangan<\/strong>, leur manque de rythme apr\u00e8s une semaine sans entra\u00eenement complet pourrait peser lourd. Le Leinster joue une course contre la montre pour r\u00e9cup\u00e9rer ses finisseurs, essentiels pour conclure les s\u00e9quences de possession qui font la renomm\u00e9e du club.<\/p>\n\n\n\n<p>Cette vuln\u00e9rabilit\u00e9 inhabituelle du <strong>Leinster<\/strong> replace le <strong>RC Toulon<\/strong> dans une position de pr\u00e9dateur qu&rsquo;il affectionne particuli\u00e8rement en Coupe d&rsquo;Europe. Priv\u00e9 de ses piliers titulaires, le club irlandais pourrait voir son syst\u00e8me de lances-roquettes gripp\u00e9 d\u00e8s les phases de conqu\u00eate. <\/p>\n\n\n\n<p>Pour Toulon, l&rsquo;enjeu sera de d\u00e9placer le combat sur le terrain de la puissance pure, l\u00e0 o\u00f9 les absences irlandaises se feront le plus sentir. Si le pack varois parvient \u00e0 enfoncer une premi\u00e8re ligne exp\u00e9rimentale, le mythe de l&rsquo;invincibilit\u00e9 dublinoise pourrait voler en \u00e9clats.<\/p>\n\n\n\n<p>Le <strong>Leinster<\/strong> aborde cette demi-finale sur une corde raide, entre obligation de r\u00e9sultat et effectif morcel\u00e9. Pour Toulon, l&rsquo;opportunit\u00e9 est historique : faire tomber l&rsquo;ogre chez lui en exploitant ses failles m\u00e9dicales. Selon vous, l&rsquo;exp\u00e9rience de cadres comme <strong>Rabah Slimani<\/strong> suffira-t-elle \u00e0 colmater les br\u00e8ches face \u00e0 la faim de victoires des Toulonnais ?<\/p>\n","protected":false},"excerpt":{"rendered":"<p>Le vent de l&rsquo;inqui\u00e9tude souffle sur Dublin. \u00c0 quelques jours de sa demi-finale de Champions Cup face au RC Toulon, le Leinster fait face \u00e0 une v\u00e9ritable h\u00e9catombe m\u00e9dicale, particuli\u00e8rement au sein de son pack. Entre les forfaits act\u00e9s et les incertitudes pesant sur des cadres comme Tadhg Furlong ou Andrew Porter, la province irlandaise [&hellip;]<\/p>\n","protected":false},"author":2,"featured_media":48393,"comment_status":"open","ping_status":"open","sticky":false,"template":"","format":"standard","meta":{"_acf_changed":false,"_seopress_robots_primary_cat":"none","_seopress_titles_title":"","_seopress_titles_desc":"","_seopress_robots_index":"","footnotes":""},"categories":[7],"tags":[],"class_list":["post-48385","post","type-post","status-publish","format-standard","has-post-thumbnail","hentry","category-rugby"],"acf":[],"_links":{"self":[{"href":"https:\/\/mvz-sports.com\/fr\/wp-json\/wp\/v2\/posts\/48385","targetHints":{"allow":["GET"]}}],"collection":[{"href":"https:\/\/mvz-sports.com\/fr\/wp-json\/wp\/v2\/posts"}],"about":[{"href":"https:\/\/mvz-sports.com\/fr\/wp-json\/wp\/v2\/types\/post"}],"author":[{"embeddable":true,"href":"https:\/\/mvz-sports.com\/fr\/wp-json\/wp\/v2\/users\/2"}],"replies":[{"embeddable":true,"href":"https:\/\/mvz-sports.com\/fr\/wp-json\/wp\/v2\/comments?post=48385"}],"version-history":[{"count":3,"href":"https:\/\/mvz-sports.com\/fr\/wp-json\/wp\/v2\/posts\/48385\/revisions"}],"predecessor-version":[{"id":48406,"href":"https:\/\/mvz-sports.com\/fr\/wp-json\/wp\/v2\/posts\/48385\/revisions\/48406"}],"wp:featuredmedia":[{"embeddable":true,"href":"https:\/\/mvz-sports.com\/fr\/wp-json\/wp\/v2\/media\/48393"}],"wp:attachment":[{"href":"https:\/\/mvz-sports.com\/fr\/wp-json\/wp\/v2\/media?parent=48385"}],"wp:term":[{"taxonomy":"category","embeddable":true,"href":"https:\/\/mvz-sports.com\/fr\/wp-json\/wp\/v2\/categories?post=48385"},{"taxonomy":"post_tag","embeddable":true,"href":"https:\/\/mvz-sports.com\/fr\/wp-json\/wp\/v2\/tags?post=48385"}],"curies":[{"name":"wp","href":"https:\/\/api.w.org\/{rel}","templated":true}]}}