{"id":48402,"date":"2026-04-29T05:32:00","date_gmt":"2026-04-29T03:32:00","guid":{"rendered":"https:\/\/mvz-sports.com\/fr\/?p=48402"},"modified":"2026-04-28T16:10:20","modified_gmt":"2026-04-28T14:10:20","slug":"les-vertiges-me-faisaient-vomir-maxime-mermoz-ancien-international-francais-vient-detre-declare-handicape","status":"publish","type":"post","link":"https:\/\/mvz-sports.com\/fr\/rugby\/news\/les-vertiges-me-faisaient-vomir-maxime-mermoz-ancien-international-francais-vient-detre-declare-handicape","title":{"rendered":"\u00ab\u00a0Les vertiges me faisaient vomir\u00a0\u00bb : Maxime Mermoz (ancien international fran\u00e7ais) vient d&rsquo;\u00eatre d\u00e9clar\u00e9 handicap\u00e9"},"content":{"rendered":"\n<p><strong>Le monde du rugby est sous le choc apr\u00e8s les r\u00e9v\u00e9lations de l&rsquo;ancien international fran\u00e7ais Maxime Mermoz. Double champion d&rsquo;Europe avec le RC Toulon (2013, 2014) et s\u00e9lectionn\u00e9 \u00e0 35 reprises sous le maillot bleu, le trois-quarts centre a annonc\u00e9 avoir \u00e9t\u00e9 officiellement reconnu comme personne handicap\u00e9e par la MDPH. <\/strong><\/p>\n\n\n\n<p>Victime d&rsquo;une pathologie rare de l&rsquo;oreille interne  une rupture h\u00e9mato-labyrinthique qu&rsquo;il tra\u00eene depuis 2017, l&rsquo;ancien joueur livre un t\u00e9moignage poignant sur une descente aux enfers marqu\u00e9e par des vertiges chroniques, une perte de poids alarmante et un isolement forc\u00e9.<\/p>\n\n\n\n<p>Alors que les phases finales europ\u00e9ennes battent leur plein, le r\u00e9cit de <strong>Maxime Mermoz<\/strong> vient rappeler la fragilit\u00e9 des athl\u00e8tes de haut niveau face aux traumatismes invisibles. Longtemps rest\u00e9 dans l&rsquo;ombre apr\u00e8s sa retraite sportive, l&rsquo;ancien centre pass\u00e9 par Toulouse, <strong>Perpignan<\/strong> et <strong>Leicester<\/strong> a bris\u00e9 le silence sur le mal myst\u00e9rieux qui a bris\u00e9 son quotidien. <\/p>\n\n\n\n<p>Ce diagnostic de handicap vient mettre des mots sur des ann\u00e9es de calvaire o\u00f9 chaque geste de la vie courante \u00e9tait devenu un combat insurmontable.<\/p>\n\n\n\n<h2 class=\"wp-block-heading\">La rupture h\u00e9mato-labyrinthique : le d\u00e9but du calvaire<\/h2>\n\n\n\n<p>Tout bascule en 2017 lors d&rsquo;un voyage aux \u00c9tats-Unis. Un simple atterrissage provoque des acouph\u00e8nes qui ne le quitteront plus, d\u00e9clenchant un \u00e9tat vertigineux permanent. <\/p>\n\n\n\n<p>La pathologie, une fissure dans le labyrinthe de l&rsquo;oreille, laisse passer des fluides l\u00e0 o\u00f9 ils ne devraient pas, perturbant totalement son \u00e9quilibre et son syst\u00e8me nerveux. \u00ab C\u2019est comme des fissures. Avec les \u00e9motions et les chocs, \u00e7a s\u2019ouvre petit \u00e0 petit \u00bb, explique-t-il \u00e0 nos confr\u00e8res d&rsquo;ActuRugby.<\/p>\n\n\n\n<p>Ce dysfonctionnement a eu des r\u00e9percussions dramatiques sur sa carri\u00e8re et sa vie priv\u00e9e. <strong>Mermoz<\/strong> raconte avoir \u00e9t\u00e9 pris de malaises en plein entra\u00eenement, incapable de soulever des poids ou m\u00eame de regarder quelqu&rsquo;un dans les yeux. <\/p>\n\n\n\n<p>Sa sant\u00e9 physique s&rsquo;est d\u00e9grad\u00e9e au point de perdre 15 kilos, les vertiges constants provoquant des vomissements quotidiens.<\/p>\n\n\n\n<h2 class=\"wp-block-heading\">L&rsquo;isolement et la lutte pour la survie<\/h2>\n\n\n\n<p>Pendant pr\u00e8s d&rsquo;un an, l&rsquo;ancien Toulonnais s&rsquo;est mur\u00e9 dans un silence total, coup\u00e9 de ses amis et de sa famille. Incapable de regarder des \u00e9crans ou de conduire sans mettre sa vie en danger, il s&rsquo;est retrouv\u00e9 dans l&rsquo;impossibilit\u00e9 d&rsquo;exercer la moindre activit\u00e9.<\/p>\n\n\n\n<p> \u00ab Juste aller \u00e0 la cuisine et me servir un verre d\u2019eau \u00e9tait une victoire \u00bb, confie-t-il. Cette p\u00e9riode d&rsquo;arr\u00eat maladie de deux ans et demi a \u00e9t\u00e9 le th\u00e9\u00e2tre d&rsquo;une lutte acharn\u00e9e, port\u00e9e par l&rsquo;amour pour son fils Aaron.<\/p>\n\n\n\n<p>C&rsquo;est finalement en 2022, gr\u00e2ce aux progr\u00e8s de l&rsquo;imagerie m\u00e9dicale, qu&rsquo;une sp\u00e9cialiste a pu confirmer le diagnostic via une IRM haute puissance. Un protocole lourd d&rsquo;injections d&rsquo;anti-inflammatoires dans l&rsquo;oreille, bien que risqu\u00e9 pour son audition d\u00e9j\u00e0 entam\u00e9e \u00e0 60 %, lui a permis d&rsquo;entamer une lente gu\u00e9rison.<\/p>\n\n\n\n<p>Le t\u00e9moignage de <strong>Maxime Mermoz<\/strong> jette une lumi\u00e8re crue sur l&rsquo;apr\u00e8s-carri\u00e8re des rugbymen et la reconnaissance des pathologies li\u00e9es aux chocs et aux traumatismes cr\u00e2niens ou sensoriels. En rendant public son statut de travailleur handicap\u00e9, il brise un tabou dans un milieu o\u00f9 la force physique est la norme.<\/p>\n\n\n\n<p> Sa r\u00e9silience face \u00e0 ce \u00ab\u00a0handicap invisible\u00a0\u00bb montre une autre facette du courage, loin des pelouses du <a href=\"https:\/\/mvz-sports.com\/fr\/rugby\/competitions\/top-14\">Top 14<\/a>. Aujourd&rsquo;hui reconverti dans le coaching en entreprise, il utilise son parcours pour sensibiliser sur la sant\u00e9 mentale et nerveuse, prouvant que la reconstruction est possible m\u00eame apr\u00e8s avoir touch\u00e9 le fond.<\/p>\n\n\n\n<p>Aujourd&rsquo;hui, <strong>Maxime Mermoz<\/strong> va mieux et n&rsquo;a plus eu besoin d&rsquo;injections depuis trois ans, marquant une victoire significative sur la maladie. Sa reconnaissance en tant que personne handicap\u00e9e est l&rsquo;aboutissement d&rsquo;un long combat administratif et m\u00e9dical pour faire valider ses souffrances. <\/p>\n\n\n\n<p>Selon vous, le cas de <strong>Maxime Mermoz<\/strong> doit-il inciter les instances du <a href=\"https:\/\/mvz-sports.com\/fr\/rugby\">rugby<\/a> \u00e0 renforcer encore davantage le suivi m\u00e9dical des joueurs, m\u00eame apr\u00e8s l&rsquo;arr\u00eat de leur carri\u00e8re professionnelle ?<\/p>\n","protected":false},"excerpt":{"rendered":"<p>Le monde du rugby est sous le choc apr\u00e8s les r\u00e9v\u00e9lations de l&rsquo;ancien international fran\u00e7ais Maxime Mermoz. Double champion d&rsquo;Europe avec le RC Toulon (2013, 2014) et s\u00e9lectionn\u00e9 \u00e0 35 reprises sous le maillot bleu, le trois-quarts centre a annonc\u00e9 avoir \u00e9t\u00e9 officiellement reconnu comme personne handicap\u00e9e par la MDPH. Victime d&rsquo;une pathologie rare de [&hellip;]<\/p>\n","protected":false},"author":2,"featured_media":48405,"comment_status":"open","ping_status":"open","sticky":false,"template":"","format":"standard","meta":{"_acf_changed":false,"_seopress_robots_primary_cat":"none","_seopress_titles_title":"","_seopress_titles_desc":"","_seopress_robots_index":"","footnotes":""},"categories":[7],"tags":[],"class_list":["post-48402","post","type-post","status-publish","format-standard","has-post-thumbnail","hentry","category-rugby"],"acf":[],"_links":{"self":[{"href":"https:\/\/mvz-sports.com\/fr\/wp-json\/wp\/v2\/posts\/48402","targetHints":{"allow":["GET"]}}],"collection":[{"href":"https:\/\/mvz-sports.com\/fr\/wp-json\/wp\/v2\/posts"}],"about":[{"href":"https:\/\/mvz-sports.com\/fr\/wp-json\/wp\/v2\/types\/post"}],"author":[{"embeddable":true,"href":"https:\/\/mvz-sports.com\/fr\/wp-json\/wp\/v2\/users\/2"}],"replies":[{"embeddable":true,"href":"https:\/\/mvz-sports.com\/fr\/wp-json\/wp\/v2\/comments?post=48402"}],"version-history":[{"count":2,"href":"https:\/\/mvz-sports.com\/fr\/wp-json\/wp\/v2\/posts\/48402\/revisions"}],"predecessor-version":[{"id":48409,"href":"https:\/\/mvz-sports.com\/fr\/wp-json\/wp\/v2\/posts\/48402\/revisions\/48409"}],"wp:featuredmedia":[{"embeddable":true,"href":"https:\/\/mvz-sports.com\/fr\/wp-json\/wp\/v2\/media\/48405"}],"wp:attachment":[{"href":"https:\/\/mvz-sports.com\/fr\/wp-json\/wp\/v2\/media?parent=48402"}],"wp:term":[{"taxonomy":"category","embeddable":true,"href":"https:\/\/mvz-sports.com\/fr\/wp-json\/wp\/v2\/categories?post=48402"},{"taxonomy":"post_tag","embeddable":true,"href":"https:\/\/mvz-sports.com\/fr\/wp-json\/wp\/v2\/tags?post=48402"}],"curies":[{"name":"wp","href":"https:\/\/api.w.org\/{rel}","templated":true}]}}