{"id":51996,"date":"2026-07-05T08:01:00","date_gmt":"2026-07-05T06:01:00","guid":{"rendered":"https:\/\/mvz-sports.com\/fr\/?p=51996"},"modified":"2026-07-04T20:32:46","modified_gmt":"2026-07-04T18:32:46","slug":"penaud-retrouve-les-bleus-avec-un-essai-puis-sort-sur-blessure-au-mollet","status":"publish","type":"post","link":"https:\/\/mvz-sports.com\/fr\/rugby\/news\/penaud-retrouve-les-bleus-avec-un-essai-puis-sort-sur-blessure-au-mollet","title":{"rendered":"Penaud retrouve les Bleus avec un essai puis sort sur blessure au mollet"},"content":{"rendered":"\n<p class=\"wp-block-paragraph\"><strong>Damian Penaud a marqu\u00e9 un essai d\u00e8s la 2e minute face \u00e0 la Nouvelle-Z\u00e9lande, son 41e en 60 s\u00e9lections  record absolu de l&rsquo;histoire du XV de France , avant d&rsquo;\u00eatre contraint de quitter le terrain \u00e0 la mi-temps sur blessure au mollet.<\/strong><\/p>\n\n\n\n<p class=\"wp-block-paragraph\">La France s&rsquo;est inclin\u00e9e 34-32 face aux All Blacks en ouverture du Championnat des nations, mais c&rsquo;est le sc\u00e9nario de <a href=\"https:\/\/mvz-sports.com\/fr\/rugby\/players\/damian-penaud\">Damian Penaud<\/a> qui r\u00e9sume le cauchemar de cette premi\u00e8re journ\u00e9e. Apr\u00e8s sept mois d&rsquo;absence et une \u00e9viction volontaire du Tournoi des Six Nations 2026, le meilleur marqueur d&rsquo;essais de l&rsquo;histoire du XV de France avait tout \u00e0 prouver sur cette tourn\u00e9e. Il a prouv\u00e9 en deux minutes, puis a d\u00fb sortir bless\u00e9 : un retour en fanfare transform\u00e9 en point d&rsquo;interrogation g\u00e9ant pour la suite du Championnat des nations.<\/p>\n\n\n\n<h2 class=\"wp-block-heading\">41e essai en 60 s\u00e9lections : le record qui n&rsquo;a pas suffi<\/h2>\n\n\n\n<p class=\"wp-block-paragraph\">Deux minutes. C&rsquo;est le temps qu&rsquo;il a fallu \u00e0 Damian Penaud pour rappeler pourquoi son absence avait \u00e9t\u00e9 si remarqu\u00e9e.<\/p>\n\n\n\n<p class=\"wp-block-paragraph\">D\u00e8s l&rsquo;entame du match contre la Nouvelle-Z\u00e9lande,\u00a0l&rsquo;ailier de l&rsquo;Union Bordeaux-B\u00e8gles\u00a0aplatit son\u00a0<strong>41e essai en 60 s\u00e9lections<\/strong>\u00a0. Un chiffre qui d\u00e9passe d\u00e9finitivement Serge Blanco et son total de 38 essais, longtemps consid\u00e9r\u00e9 comme intouchable. Penaud est seul, loin devant, dans les livres d&rsquo;histoire du <a href=\"https:\/\/mvz-sports.com\/fr\/rugby\">rugby<\/a> fran\u00e7ais.<\/p>\n\n\n\n<p class=\"wp-block-paragraph\">Sauf que ce record arrive dans un contexte particulier. Penaud n&rsquo;avait plus port\u00e9 le maillot bleu depuis le 22 novembre 2025. Plus de sept mois d&rsquo;absence. Et pas n&rsquo;importe quelle absence : <strong>Fabien Galthi\u00e9<\/strong> l&rsquo;avait \u00e9cart\u00e9 de l&rsquo;int\u00e9gralit\u00e9 du Tournoi des Six Nations 2026 au profit notamment de Th\u00e9o Attissogbe, assumant ce choix comme un message collectif. \u00ab C&rsquo;est aussi un message pour nos 42 joueurs \u00bb, avait-il d\u00e9clar\u00e9 en 2025 lors d&rsquo;une premi\u00e8re mise \u00e0 l&rsquo;\u00e9cart, logique reconduite jusqu&rsquo;\u00e0 l&rsquo;annonce de la liste du Tournoi en janvier 2026.<\/p>\n\n\n\n<p class=\"wp-block-paragraph\">Cette tourn\u00e9e  Nouvelle-Z\u00e9lande, Australie, Japon \u00e9tait la seule fen\u00eatre de reconqu\u00eate disponible avant la fin de saison.<\/p>\n\n\n\n<p class=\"wp-block-paragraph\">L&rsquo;essai \u00e0 la 2e minute r\u00e9v\u00e8le une r\u00e9ponse parfaite. Il s&rsquo;est transform\u00e9 en pr\u00e9ambule d&rsquo;un sc\u00e9nario bien plus sombre.<\/p>\n\n\n\n<h2 class=\"wp-block-heading\">Sorti \u00e0 la mi-temps : la blessure qui interrompt la reconqu\u00eate<\/h2>\n\n\n\n<p class=\"wp-block-paragraph\">Avant le match, Pierre Bochaton avait r\u00e9sum\u00e9 l&rsquo;\u00e9tat d&rsquo;esprit de son co\u00e9quipier avec une franchise d\u00e9sarmante : \u00ab Je pense que \u00e7a a touch\u00e9 son ego de ne pas y \u00eatre pour les 6 Nations, donc je pense qu&rsquo;il est revanchard. Il est pr\u00eat \u00e0 rechausser les crampons et \u00e0 montrer de quoi il est capable. \u00bb<\/p>\n\n\n\n<p class=\"wp-block-paragraph\">L&rsquo;essai semblait lui donner raison  la suite a tout contredit.<\/p>\n\n\n\n<p class=\"wp-block-paragraph\">Quelques minutes apr\u00e8s son coup d&rsquo;\u00e9clat, Penaud ressent une tension au mollet. Il tient jusqu&rsquo;\u00e0 la mi-temps, mais ne revient pas en seconde p\u00e9riode. Antoine Hastoy prend sa place.\u00a0Galthi\u00e9 a expliqu\u00e9 la d\u00e9cision apr\u00e8s le match\u00a0: \u00ab Il a pr\u00e9f\u00e9r\u00e9 arr\u00eater car il sentait une tension au mollet avant de se d\u00e9chirer, c&rsquo;est ce qu&rsquo;il nous a dit. On est 42 quand m\u00eame, on a de quoi travailler. \u00bb<\/p>\n\n\n\n<p class=\"wp-block-paragraph\">Le ton est mesur\u00e9, presque administratif. Mais derri\u00e8re cette phrase se cache une r\u00e9alit\u00e9 sportive bien moins confortable.<\/p>\n\n\n\n<p class=\"wp-block-paragraph\"><strong>Penaud n&rsquo;a pas \u00e9t\u00e9 sorti par pr\u00e9caution : il a senti son mollet l\u00e2cher.<\/strong>&nbsp;Apr\u00e8s sept mois d&rsquo;absence et une mise \u00e0 l&rsquo;\u00e9cart qui a bless\u00e9 son orgueil, il termine son premier mi-temps de retour sur une table de soins.<\/p>\n\n\n\n<p class=\"wp-block-paragraph\">Le timing est d&rsquo;autant plus cruel qu&rsquo;\u00e0 un an de la Coupe du Monde 2027, chaque tourn\u00e9e compte double pour les joueurs en qu\u00eate de l\u00e9gitimit\u00e9.<\/p>\n\n\n\n<h2 class=\"wp-block-heading\">Australie en doute : Penaud et les Bleus face \u00e0 une crise d&rsquo;effectifs<\/h2>\n\n\n\n<p class=\"wp-block-paragraph\">Le prochain match des Bleus est programm\u00e9 le 11 juillet face \u00e0 l&rsquo;Australie. Galthi\u00e9 a laiss\u00e9 la question ouverte : \u00ab Sur un des ailiers qui sont forfait, sur un des trois-quarts polyvalents. Est-ce que la blessure est d\u00e9finitive ? On va voir. \u00bb<\/p>\n\n\n\n<p class=\"wp-block-paragraph\">\u00ab On va voir. \u00bb Pas franchement rassurant.<\/p>\n\n\n\n<p class=\"wp-block-paragraph\">Si Penaud est indisponible,\u00a0<strong>Th\u00e9o Forner serait le seul ailier de m\u00e9tier restant<\/strong>\u00a0dans le groupe des 42  une option mince pour un poste cl\u00e9.<\/p>\n\n\n\n<p class=\"wp-block-paragraph\">La situation est aggrav\u00e9e par les blessures survenues lors de ce m\u00eame match : Pierre Bochaton, celui-l\u00e0 m\u00eame qui d\u00e9crivait Penaud comme \u00ab revanchard \u00bb deux jours plus t\u00f4t, a lui-m\u00eame \u00e9t\u00e9 sorti \u00e0 la 35e minute pour des douleurs aux cervicales. Max Spring, entr\u00e9 en cours de jeu, a gliss\u00e9 sur l&rsquo;aile et s&rsquo;est inflig\u00e9 une coupure au genou n\u00e9cessitant une dizaine de points de suture.<\/p>\n\n\n\n<p class=\"wp-block-paragraph\">Trois ailiers ou joueurs de couloir touch\u00e9s en un seul match. Galthi\u00e9 doit g\u00e9rer une crise d&rsquo;effectifs r\u00e9els, pas th\u00e9orique, d\u00e8s la premi\u00e8re journ\u00e9e d&rsquo;une tourn\u00e9e de trois matchs.<\/p>\n\n\n\n<p class=\"wp-block-paragraph\">En quarante minutes, Penaud a r\u00e9sum\u00e9 la fragilit\u00e9 de ce retour : un essai record, puis une sortie sur blessure. Avec seulement Th\u00e9o Forner en sauvegarde \u00e0 l&rsquo;aile et une cascade de blessures qui s&rsquo;accumulent, Galthi\u00e9 doit d\u00e9sormais g\u00e9rer une crise d&rsquo;effectifs en plein Championnat des nations. Penaud sera-t-il r\u00e9tabli pour le 11 juillet face \u00e0 l&rsquo;Australie ? Et si ce n&rsquo;est pas le cas, qui Galthi\u00e9 alignera-t-il \u00e0 l&rsquo;aile avec un groupe d\u00e9j\u00e0 d\u00e9cim\u00e9 ?<\/p>\n\n\n\n<p class=\"wp-block-paragraph\"><\/p>\n","protected":false},"excerpt":{"rendered":"<p>Damian Penaud a marqu\u00e9 un essai d\u00e8s la 2e minute face \u00e0 la Nouvelle-Z\u00e9lande, son 41e en 60 s\u00e9lections record absolu de l&rsquo;histoire du XV de France , avant d&rsquo;\u00eatre contraint de quitter le terrain \u00e0 la mi-temps sur blessure au mollet. La France s&rsquo;est inclin\u00e9e 34-32 face aux All Blacks en ouverture du Championnat [&hellip;]<\/p>\n","protected":false},"author":6,"featured_media":39793,"comment_status":"open","ping_status":"open","sticky":false,"template":"","format":"standard","meta":{"_acf_changed":false,"_seopress_robots_primary_cat":"none","_seopress_titles_title":"","_seopress_titles_desc":"","_seopress_robots_index":"","footnotes":""},"categories":[7],"tags":[],"class_list":["post-51996","post","type-post","status-publish","format-standard","has-post-thumbnail","hentry","category-rugby"],"acf":[],"_links":{"self":[{"href":"https:\/\/mvz-sports.com\/fr\/wp-json\/wp\/v2\/posts\/51996","targetHints":{"allow":["GET"]}}],"collection":[{"href":"https:\/\/mvz-sports.com\/fr\/wp-json\/wp\/v2\/posts"}],"about":[{"href":"https:\/\/mvz-sports.com\/fr\/wp-json\/wp\/v2\/types\/post"}],"author":[{"embeddable":true,"href":"https:\/\/mvz-sports.com\/fr\/wp-json\/wp\/v2\/users\/6"}],"replies":[{"embeddable":true,"href":"https:\/\/mvz-sports.com\/fr\/wp-json\/wp\/v2\/comments?post=51996"}],"version-history":[{"count":2,"href":"https:\/\/mvz-sports.com\/fr\/wp-json\/wp\/v2\/posts\/51996\/revisions"}],"predecessor-version":[{"id":52000,"href":"https:\/\/mvz-sports.com\/fr\/wp-json\/wp\/v2\/posts\/51996\/revisions\/52000"}],"wp:featuredmedia":[{"embeddable":true,"href":"https:\/\/mvz-sports.com\/fr\/wp-json\/wp\/v2\/media\/39793"}],"wp:attachment":[{"href":"https:\/\/mvz-sports.com\/fr\/wp-json\/wp\/v2\/media?parent=51996"}],"wp:term":[{"taxonomy":"category","embeddable":true,"href":"https:\/\/mvz-sports.com\/fr\/wp-json\/wp\/v2\/categories?post=51996"},{"taxonomy":"post_tag","embeddable":true,"href":"https:\/\/mvz-sports.com\/fr\/wp-json\/wp\/v2\/tags?post=51996"}],"curies":[{"name":"wp","href":"https:\/\/api.w.org\/{rel}","templated":true}]}}