{"id":54063,"date":"2026-08-15T16:15:00","date_gmt":"2026-08-15T14:15:00","guid":{"rendered":"https:\/\/mvz-sports.com\/fr\/?p=54063"},"modified":"2026-08-15T13:40:29","modified_gmt":"2026-08-15T11:40:29","slug":"sans-ferrand-prevot-au-top-le-ventoux-a-reveille-51-millions-de-telespectateurs-preuve-que-le-tour-feminin-nest-plus-un-simple-effet-de-mode","status":"publish","type":"post","link":"https:\/\/mvz-sports.com\/fr\/cyclisme\/news\/sans-ferrand-prevot-au-top-le-ventoux-a-reveille-51-millions-de-telespectateurs-preuve-que-le-tour-feminin-nest-plus-un-simple-effet-de-mode","title":{"rendered":"Sans Ferrand Pr\u00e9vot au top, Le Ventoux a r\u00e9veill\u00e9 5,1 millions de t\u00e9l\u00e9spectateurs, preuve que le Tour f\u00e9minin n&rsquo;est plus un simple effet de mode"},"content":{"rendered":"\n<p class=\"wp-block-paragraph\"><strong>Le Ventoux a offert au Tour de France Femmes bien plus qu&rsquo;une grande \u00e9tape sportive : avec 5,1 millions de t\u00e9l\u00e9spectateurs, il a confirm\u00e9 que la course f\u00e9minine sait d\u00e9sormais attirer au-del\u00e0 du cercle habituel du cyclisme.<\/strong><\/p>\n\n\n\n<p class=\"wp-block-paragraph\">Le chiffre compte parce qu&rsquo;il arrive dans un contexte moins \u00e9vident qu&rsquo;en 2025. L&rsquo;\u00e9dition pr\u00e9c\u00e9dente avait \u00e9t\u00e9 port\u00e9e par un r\u00e9cit tr\u00e8s puissant pour le public fran\u00e7ais, avec <strong>Pauline Ferrand-Pr\u00e9vot<\/strong> en haut de l&rsquo;affiche et un sacr\u00e9 capable de transformer une arriv\u00e9e en rendez-vous national.<\/p>\n\n\n\n<p class=\"wp-block-paragraph\">Cette fois, l&rsquo;audience reste pourtant tr\u00e8s haute. France 2 a r\u00e9uni 2,6 millions de t\u00e9l\u00e9spectateurs en moyenne chaque jour, pour 32,9 % de part d&rsquo;audience sur neuf jours. C&rsquo;est quasiment le double de la moyenne habituelle annonc\u00e9e pour la cha\u00eene, situ\u00e9e \u00e0 17 %.<\/p>\n\n\n\n<h2 class=\"wp-block-heading\">Le Ventoux, un pic qui raconte plus qu&rsquo;une simple curiosit\u00e9<\/h2>\n\n\n\n<p class=\"wp-block-paragraph\">L&rsquo;\u00e9tape du Ventoux concentre le signal le plus fort : 5,1 millions de t\u00e9l\u00e9spectateurs et 41,5 % de part d&rsquo;audience. Dans une lecture sportive, c&rsquo;est un sommet de montagne. Dans une lecture TV, c&rsquo;est surtout un moment o\u00f9 une cours f\u00e9minine devient un programme grand public.<\/p>\n\n\n\n<p class=\"wp-block-paragraph\">Ce n&rsquo;est pas un d\u00e9tail. Le Ventoux parle m\u00eame \u00e0 des t\u00e9l\u00e9spectateurs qui ne suivent pas chaque classement, chaque \u00e9chapp\u00e9e ou chaque bataille pour les maillots distinctifs. Son nom suffit \u00e0 cr\u00e9er une attente. Quand le Tour de France Femmes arrive sur ce terrain, il r\u00e9cup\u00e8re une partie de l&rsquo;imaginaire du <a href=\"https:\/\/mvz-sports.com\/fr\/cyclisme\">cyclisme<\/a> fran\u00e7ais.<\/p>\n\n\n\n<p class=\"wp-block-paragraph\">Cas concret : un t\u00e9l\u00e9spectateur qui ne regarde pas toutes les \u00e9tapes peut tr\u00e8s bien allumer France 2 pour le Ventoux, simplement parce qu&rsquo;il sait que cette mont\u00e9e p\u00e8se dans l&rsquo;histoire du Tour. S&rsquo;il reste devant la course, ce n&rsquo;est plus seulement par curiosit\u00e9. C&rsquo;est que le spectacle tient.<\/p>\n\n\n\n<p class=\"wp-block-paragraph\">La diff\u00e9rence est l\u00e0. Une audience de curiosit\u00e9 peut gonfler une journ\u00e9e. Une moyenne \u00e0 2,6 millions sur l&rsquo;ensemble de l&rsquo;\u00e9preuve montre un rendez-vous qui s&rsquo;installe.<\/p>\n\n\n\n<h2 class=\"wp-block-heading\">Des audiences stables malgr\u00e9 un r\u00e9cit fran\u00e7ais moins \u00e9vident<\/h2>\n\n\n\n<p class=\"wp-block-paragraph\">La comparaison avec 2025 rend le r\u00e9sultat plus int\u00e9ressant. L&rsquo;\u00e9dition pr\u00e9c\u00e9dente est annonc\u00e9e \u00e0 2,7 millions de t\u00e9l\u00e9spectateurs en moyenne et 31,6 % de part d&rsquo;audience. En 2026, la moyenne baisse tr\u00e8s l\u00e9g\u00e8rement en volume, mais la part d&rsquo;audience progresse \u00e0 32,9 %.<\/p>\n\n\n\n<p class=\"wp-block-paragraph\">Autrement dit, le <strong>Tour de France Femmes<\/strong> ne s&rsquo;effondre pas sans une grande locomotive tricolore au sommet du r\u00e9cit. Le pic 2025 autour du sacre de Pauline Ferrand-Pr\u00e9vot, donn\u00e9 \u00e0 7,7 millions de t\u00e9l\u00e9spectateurs, reste \u00e9videmment \u00e0 part. Un tel sc\u00e9nario additionne le sport, l&rsquo;\u00e9motion nationale et la puissance d&rsquo;une championne d\u00e9j\u00e0 connue du grand public.<\/p>\n\n\n\n<p class=\"wp-block-paragraph\">Mais c&rsquo;est justement pour cela que les chiffres actuels sont parlants. M\u00eame sans une histoire aussi simple \u00e0 vendre au t\u00e9l\u00e9spectateur occasionnel, la course conserve un tr\u00e8s haut niveau d&rsquo;exposition. Elle n&rsquo;a plus besoin d&rsquo;un alignement parfait pour exister \u00e0 la t\u00e9l\u00e9vision.<\/p>\n\n\n\n<p class=\"wp-block-paragraph\">Le public semble r\u00e9pondre \u00e0 plusieurs leviers \u00e0 la fois : la lisibilit\u00e9 du format, la force des \u00e9tapes, la place sur France 2 l&rsquo;apr\u00e8s-midi et une habitude qui commence \u00e0 se cr\u00e9er. Le Tour f\u00e9minin n&rsquo;est plus uniquement regard\u00e9 parce qu&rsquo;une Fran\u00e7aise peut gagner. Il est regard\u00e9 parce qu&rsquo;il a trouv\u00e9 sa place dans le calendrier sportif.<\/p>\n\n\n\n<h2 class=\"wp-block-heading\">Un signe de maturit\u00e9 pour le cyclisme f\u00e9minin \u00e0 la t\u00e9l\u00e9vision<\/h2>\n\n\n\n<p class=\"wp-block-paragraph\">Le point le plus fort reste peut-\u00eatre la stabilit\u00e9. Dans le sport t\u00e9l\u00e9vis\u00e9, la vraie installation ne se mesure pas seulement au pic d&rsquo;un jour. Elle se voit quand un \u00e9v\u00e9nement garde son m\u00eame socle quand le sc\u00e9nario est moins favorable.<\/p>\n\n\n\n<p class=\"wp-block-paragraph\">Le Tour de France Femmes semble entrer dans cette zone. France 2 a \u00e9t\u00e9 leader chaque apr\u00e8s-midi sur la p\u00e9riode \u00e9voqu\u00e9e, avec des chiffres qui ne prennent pas en compte les audiences d&rsquo;Eurosport et HBO Max. Cela donne au rendez-vous une base solide, m\u00eame si le total r\u00e9el tous les diffuseurs confondus demanderaient une donn\u00e9e consolid\u00e9e.<\/p>\n\n\n\n<p class=\"wp-block-paragraph\">Pour le cyclisme f\u00e9minin, c&rsquo;est une \u00e9tape importante. Les grandes courses ont longtemps d\u00fb prouver qu&rsquo;elles m\u00e9ritaient leur fen\u00eatre d&rsquo;exposition. L\u00e0, le d\u00e9bat change de nature : il ne s&rsquo;agit plus seulement de d\u00e9fendre la diffusion, mais de constater que le public r\u00e9pond lorsque le produit est install\u00e9, bien racont\u00e9 et accessible.<\/p>\n\n\n\n<p class=\"wp-block-paragraph\">Le Ventoux n&rsquo;a donc pas seulement r\u00e9veill\u00e9 5,1 millions de t\u00e9l\u00e9spectateurs. Il a donn\u00e9 une image claire de ce que peut devenir le Tour de France Femmes : un rendez-vous populaire, capable de vivre par ses propres \u00e9tapes, ses propres h\u00e9ro\u00efnes et son propre suspense.<\/p>\n\n\n\n<p class=\"wp-block-paragraph\">La nuance reste n\u00e9cessaire. Le pic 2025 autour de <strong>Pauline Ferrand-Pr\u00e9vot<\/strong> montre qu&rsquo;une championne fran\u00e7aise peut encore changer l&rsquo;\u00e9chelle d&rsquo;un public. Mais la maturit\u00e9 d&rsquo;une comp\u00e9tition commence pr\u00e9cis\u00e9ment quand elle continue d&rsquo;attirer sans d\u00e9pendre d&rsquo;un seul visage. Sur ce point, les chiffres racontent une avanc\u00e9e nette.<\/p>\n\n\n\n<pre class=\"wp-block-preformatted\"><\/pre>\n\n\n\n<p class=\"wp-block-paragraph\"><\/p>\n","protected":false},"excerpt":{"rendered":"<p>Le Ventoux a offert au Tour de France Femmes bien plus qu&rsquo;une grande \u00e9tape sportive : avec 5,1 millions de t\u00e9l\u00e9spectateurs, il a confirm\u00e9 que la course f\u00e9minine sait d\u00e9sormais attirer au-del\u00e0 du cercle habituel du cyclisme. Le chiffre compte parce qu&rsquo;il arrive dans un contexte moins \u00e9vident qu&rsquo;en 2025. L&rsquo;\u00e9dition pr\u00e9c\u00e9dente avait \u00e9t\u00e9 port\u00e9e [&hellip;]<\/p>\n","protected":false},"author":2,"featured_media":54066,"comment_status":"open","ping_status":"open","sticky":false,"template":"","format":"standard","meta":{"_acf_changed":false,"_seopress_robots_primary_cat":"none","_seopress_titles_title":"","_seopress_titles_desc":"","_seopress_robots_index":"","footnotes":""},"categories":[38],"tags":[],"class_list":["post-54063","post","type-post","status-publish","format-standard","has-post-thumbnail","hentry","category-cyclisme"],"acf":[],"_links":{"self":[{"href":"https:\/\/mvz-sports.com\/fr\/wp-json\/wp\/v2\/posts\/54063","targetHints":{"allow":["GET"]}}],"collection":[{"href":"https:\/\/mvz-sports.com\/fr\/wp-json\/wp\/v2\/posts"}],"about":[{"href":"https:\/\/mvz-sports.com\/fr\/wp-json\/wp\/v2\/types\/post"}],"author":[{"embeddable":true,"href":"https:\/\/mvz-sports.com\/fr\/wp-json\/wp\/v2\/users\/2"}],"replies":[{"embeddable":true,"href":"https:\/\/mvz-sports.com\/fr\/wp-json\/wp\/v2\/comments?post=54063"}],"version-history":[{"count":2,"href":"https:\/\/mvz-sports.com\/fr\/wp-json\/wp\/v2\/posts\/54063\/revisions"}],"predecessor-version":[{"id":54068,"href":"https:\/\/mvz-sports.com\/fr\/wp-json\/wp\/v2\/posts\/54063\/revisions\/54068"}],"wp:featuredmedia":[{"embeddable":true,"href":"https:\/\/mvz-sports.com\/fr\/wp-json\/wp\/v2\/media\/54066"}],"wp:attachment":[{"href":"https:\/\/mvz-sports.com\/fr\/wp-json\/wp\/v2\/media?parent=54063"}],"wp:term":[{"taxonomy":"category","embeddable":true,"href":"https:\/\/mvz-sports.com\/fr\/wp-json\/wp\/v2\/categories?post=54063"},{"taxonomy":"post_tag","embeddable":true,"href":"https:\/\/mvz-sports.com\/fr\/wp-json\/wp\/v2\/tags?post=54063"}],"curies":[{"name":"wp","href":"https:\/\/api.w.org\/{rel}","templated":true}]}}