{"id":54094,"date":"2026-08-16T09:32:00","date_gmt":"2026-08-16T07:32:00","guid":{"rendered":"https:\/\/mvz-sports.com\/fr\/?p=54094"},"modified":"2026-08-16T03:37:56","modified_gmt":"2026-08-16T01:37:56","slug":"du-haut-de-ses-16-ans-elena-colas-soffre-lor-et-transforme-la-poutre-en-declic-majeur-pour-la-gymnastique-francaise","status":"publish","type":"post","link":"https:\/\/mvz-sports.com\/fr\/jeux-olympiques-dhiver-2026-milano-cortina\/news\/du-haut-de-ses-16-ans-elena-colas-soffre-lor-et-transforme-la-poutre-en-declic-majeur-pour-la-gymnastique-francaise","title":{"rendered":"Du haut de ses 16 ans, Elena Colas s&rsquo;offre l&rsquo;or et transforme la poutre en d\u00e9clic majeur pour la gymnastique fran\u00e7aise"},"content":{"rendered":"\n<p class=\"wp-block-paragraph\"><strong>\u00c0 16 ans, Elena Colas a transform\u00e9 une finale de poutre en message beaucoup plus large : la gymnastique fran\u00e7aise tient une performance qui peut changer le regard port\u00e9 sur sa nouvelle g\u00e9n\u00e9ration.<\/strong><\/p>\n\n\n\n<p class=\"wp-block-paragraph\"><br>Le r\u00e9sultat est simple \u00e0 \u00e9crire, mais beaucoup moins banal qu&rsquo;il n&rsquo;y para\u00eet. Aux <strong>Championnats d&rsquo;Europe<\/strong> de <strong>gymnastique artistique \u00e0 Zagreb<\/strong>, <strong>Elena Colas<\/strong> a d\u00e9croch\u00e9 l&rsquo;or \u00e0 la poutre avec une note de 13.933.<\/p>\n\n\n\n<p class=\"wp-block-paragraph\">Ce titre arrive dans un moment d\u00e9j\u00e0 fort pour elle. La Fran\u00e7aise avait d\u00e9j\u00e0 pris le bronze au concours g\u00e9n\u00e9ral, avant d&rsquo;ajouter une m\u00e9daille individuelle d&rsquo;un autre poids. \u00c0 cet \u00e2ge-l\u00e0, et d\u00e8s ses premiers grands rendez-vous seniors, ce genre d&rsquo;encha\u00eenement ne ressemble pas \u00e0 une simple belle semaine.<\/p>\n\n\n\n<p class=\"wp-block-paragraph\">Il ressemble \u00e0 un signal.<\/p>\n\n\n\n<h2 class=\"wp-block-heading\">Une finale de poutre gagn\u00e9e avec une marge minuscule, mais un impact \u00e9norme<\/h2>\n\n\n\n<p class=\"wp-block-paragraph\">La poutre ne pardonne presque rien. Un d\u00e9s\u00e9quilibre, une r\u00e9ception mal contr\u00f4l\u00e9e, une sortie trop courte, et une finale peut basculer. C&rsquo;est justement ce qui rend la performance d&rsquo;<strong>Elena Colas<\/strong> aussi forte.<\/p>\n\n\n\n<p class=\"wp-block-paragraph\">Sixi\u00e8me \u00e0 passer parmi les huit finalistes, elle n&rsquo;avait pas le confort d&rsquo;une position id\u00e9ale. Elle devait poser un passage propre, assez ambitieux pour viser le podium, assez ma\u00eetris\u00e9 pour ne pas laisser les juges ouvrir la porte aux derni\u00e8res concurrentes.<\/p>\n\n\n\n<p class=\"wp-block-paragraph\">Son 13.933 a suffi pour prendre la t\u00eate. Derri\u00e8re, Manille Esposito a termin\u00e9 \u00e0 13.833. <strong>Angelina Melnikova<\/strong> a pris la troisi\u00e8me place avec 13.700. \u00c0 ce niveau, l&rsquo;\u00e9cart est court, mais il raconte beaucoup : Colas n&rsquo;a pas gagn\u00e9 par d\u00e9faut, elle a gagn\u00e9 dans une finale serr\u00e9e, contre des noms solides.<\/p>\n\n\n\n<p class=\"wp-block-paragraph\">La sortie de poutre, conclue par un saut carp\u00e9, a aussi renforc\u00e9 l&rsquo;impression d&rsquo;un passage men\u00e9 sans trembler. Ce n&rsquo;est pas seulement une note qui a fait la diff\u00e9rence, c&rsquo;est la capacit\u00e9 \u00e0 produire son meilleur mouvement au bon moment.<\/p>\n\n\n\n<h2 class=\"wp-block-heading\">Pourquoi cet or change la lecture autour d&rsquo;Elena Colas<\/h2>\n\n\n\n<p class=\"wp-block-paragraph\">L&rsquo;\u00e2ge tenue forc\u00e9ment l&rsquo;attention. \u00c0 16 ans, Elena Colas est encore au d\u00e9but de son histoire au niveau senior. Mais r\u00e9duire son titre \u00e0 sa pr\u00e9cocit\u00e9 serait trop court.<\/p>\n\n\n\n<p class=\"wp-block-paragraph\">Ce qui compte, c&rsquo;est l&#8217;empilement des preuves. Une m\u00e9daille de bronze au concours g\u00e9n\u00e9ral montre une vraie base globale. Un titre \u00e0 la poutre montre une capacit\u00e9 \u00e0 dominer un agr\u00e8s o\u00f9 la ma\u00eetrise mentale p\u00e8se autant que la technique. Et le corpus f\u00e9d\u00e9ral autour de la comp\u00e9tition la pr\u00e9sente aussi comme m\u00e9daill\u00e9e d&rsquo;argent au sol, un point \u00e0 confirmer<\/p>\n\n\n\n<p class=\"wp-block-paragraph\">Pour la gymnastique fran\u00e7aise, c&rsquo;est l\u00e0 que le r\u00e9sultat prend une autre dimension. La discipline a souvent besoin de moments tr\u00e8s visibles pour sortir de son cercle de passionn\u00e9s. Un titre europ\u00e9en \u00e0 16 ans, sur un agr\u00e8s aussi lisible que la poutre, peut devenir ce type de moment.<\/p>\n\n\n\n<p class=\"wp-block-paragraph\">Cas concret : pour une jeune gymnaste en club, qui suit les comp\u00e9titions internationales sans se projeter encore dans le tr\u00e8s haut niveau, cette finale change l&rsquo;image du possible. Elle voit une Fran\u00e7aise de 16 ans r\u00e9ussir un passage majeur, tenir la pression et repartir avec l&rsquo;or. Ce n&rsquo;est pas une th\u00e9orie de d\u00e9veloppement sportif, c&rsquo;est une sc\u00e8ne tr\u00e8s concr\u00e8te \u00e0 laquelle s&rsquo;identifier.<\/p>\n\n\n\n<h2 class=\"wp-block-heading\">Un d\u00e9clic pour la gymnastique fran\u00e7aise, \u00e0 condition de ne pas br\u00fbler les \u00e9tapes<\/h2>\n\n\n\n<p class=\"wp-block-paragraph\">Parler de d\u00e9clic ne veut pas dire annoncer une domination fran\u00e7aise imm\u00e9diate. Ce serait aller trop loin. En revanche, ce titre donne une mati\u00e8re rare : une performance jeune, internationale, lisible, et associ\u00e9e \u00e0 un vrai niveau de concurrence.<\/p>\n\n\n\n<p class=\"wp-block-paragraph\">La gymnastique fran\u00e7aise peut s&rsquo;en servir comme point d&rsquo;appui. Pour attirer l&rsquo;attention, pour mettre en avant sa rel\u00e8ve, pour raconter autre chose qu&rsquo;un simple tableau de m\u00e9dailles. Elena Colas n&rsquo;a pas seulement ajout\u00e9 une ligne \u00e0 son palmar\u00e8s : elle a donn\u00e9 un visage \u00e0 une g\u00e9n\u00e9ration qui arrive.<\/p>\n\n\n\n<p class=\"wp-block-paragraph\">Le plus int\u00e9ressant, c&rsquo;est peut-\u00eatre la mani\u00e8re. Pas un coup d&rsquo;\u00e9clat isol\u00e9 apr\u00e8s une comp\u00e9tition anonyme, mais une mont\u00e9e en puissance dans le m\u00eame championnat. Bronze au concours g\u00e9n\u00e9ral, puis ou \u00e0 la poutre. Le message sportif est plus solide quand il se r\u00e9p\u00e8te.<\/p>\n\n\n\n<p class=\"wp-block-paragraph\">Il faudra confirmer, bien s\u00fbr, dans d&rsquo;autres finales, d&rsquo;autres formats, d&rsquo;autres contextes. Mais ce qui s&rsquo;est jou\u00e9 \u00e0 Zagreb suffit d\u00e9j\u00e0 \u00e0 modifier le ton autour d&rsquo;Elena Colas. Avant, on pouvait parler d&rsquo;un prodige annonc\u00e9. Apr\u00e8s cette poutre, on parle d&rsquo;une championne d&rsquo;Europe.<\/p>\n\n\n\n<p class=\"wp-block-paragraph\">Et pour la gymnastique fran\u00e7aise, cette nuance change beaucoup de choses.<\/p>\n\n\n\n<pre class=\"wp-block-preformatted\"><\/pre>\n\n\n\n<p class=\"wp-block-paragraph\"><\/p>\n","protected":false},"excerpt":{"rendered":"<p>\u00c0 16 ans, Elena Colas a transform\u00e9 une finale de poutre en message beaucoup plus large : la gymnastique fran\u00e7aise tient une performance qui peut changer le regard port\u00e9 sur sa nouvelle g\u00e9n\u00e9ration. Le r\u00e9sultat est simple \u00e0 \u00e9crire, mais beaucoup moins banal qu&rsquo;il n&rsquo;y para\u00eet. Aux Championnats d&rsquo;Europe de gymnastique artistique \u00e0 Zagreb, Elena [&hellip;]<\/p>\n","protected":false},"author":6,"featured_media":54097,"comment_status":"open","ping_status":"open","sticky":false,"template":"","format":"standard","meta":{"_acf_changed":false,"_seopress_robots_primary_cat":"none","_seopress_titles_title":"","_seopress_titles_desc":"","_seopress_robots_index":"","footnotes":""},"categories":[37],"tags":[],"class_list":["post-54094","post","type-post","status-publish","format-standard","has-post-thumbnail","hentry","category-jeux-olympiques-dhiver-2026-milano-cortina"],"acf":[],"_links":{"self":[{"href":"https:\/\/mvz-sports.com\/fr\/wp-json\/wp\/v2\/posts\/54094","targetHints":{"allow":["GET"]}}],"collection":[{"href":"https:\/\/mvz-sports.com\/fr\/wp-json\/wp\/v2\/posts"}],"about":[{"href":"https:\/\/mvz-sports.com\/fr\/wp-json\/wp\/v2\/types\/post"}],"author":[{"embeddable":true,"href":"https:\/\/mvz-sports.com\/fr\/wp-json\/wp\/v2\/users\/6"}],"replies":[{"embeddable":true,"href":"https:\/\/mvz-sports.com\/fr\/wp-json\/wp\/v2\/comments?post=54094"}],"version-history":[{"count":2,"href":"https:\/\/mvz-sports.com\/fr\/wp-json\/wp\/v2\/posts\/54094\/revisions"}],"predecessor-version":[{"id":54099,"href":"https:\/\/mvz-sports.com\/fr\/wp-json\/wp\/v2\/posts\/54094\/revisions\/54099"}],"wp:featuredmedia":[{"embeddable":true,"href":"https:\/\/mvz-sports.com\/fr\/wp-json\/wp\/v2\/media\/54097"}],"wp:attachment":[{"href":"https:\/\/mvz-sports.com\/fr\/wp-json\/wp\/v2\/media?parent=54094"}],"wp:term":[{"taxonomy":"category","embeddable":true,"href":"https:\/\/mvz-sports.com\/fr\/wp-json\/wp\/v2\/categories?post=54094"},{"taxonomy":"post_tag","embeddable":true,"href":"https:\/\/mvz-sports.com\/fr\/wp-json\/wp\/v2\/tags?post=54094"}],"curies":[{"name":"wp","href":"https:\/\/api.w.org\/{rel}","templated":true}]}}