{"id":54100,"date":"2026-08-16T10:34:00","date_gmt":"2026-08-16T08:34:00","guid":{"rendered":"https:\/\/mvz-sports.com\/fr\/?p=54100"},"modified":"2026-08-16T04:02:04","modified_gmt":"2026-08-16T02:02:04","slug":"jenleve-cette-mini-malediction-jimmy-gressier-tient-enfin-sa-medaille-europeenne-apres-un-finish-express","status":"publish","type":"post","link":"https:\/\/mvz-sports.com\/fr\/athletisme\/news\/jenleve-cette-mini-malediction-jimmy-gressier-tient-enfin-sa-medaille-europeenne-apres-un-finish-express","title":{"rendered":"\u00ab J\u2019enl\u00e8ve cette mini mal\u00e9diction \u00bb : Jimmy Gressier tient enfin sa m\u00e9daille europ\u00e9enne apr\u00e8s un finish express"},"content":{"rendered":"\n<p class=\"wp-block-paragraph\"><strong>Jimmy Gressier n\u2019a pas seulement gagn\u00e9 une m\u00e9daille de bronze \u00e0 Birmingham : il a surtout coup\u00e9 une petite s\u00e9rie de frustrations europ\u00e9ennes, au terme d\u2019un sprint parfaitement choisi sur 10 000 m.<\/strong><\/p>\n\n\n\n<p class=\"wp-block-paragraph\">La phrase dit presque tout. \u00ab J\u2019enl\u00e8ve cette mini mal\u00e9diction \u00bb, a l\u00e2ch\u00e9 le Fran\u00e7ais apr\u00e8s sa course, au micro de France TV. Pas une d\u00e9claration tapageuse. Plut\u00f4t le soulagement d\u2019un coureur qui tournait autour d\u2019un podium europ\u00e9en sans encore r\u00e9ussir \u00e0 le tenir.<\/p>\n\n\n\n<p class=\"wp-block-paragraph\">Sur le papier, la course appartient d\u2019abord \u00e0 Andreas Almgren. Le Su\u00e9dois a impos\u00e9 un rythme qui a rapidement cass\u00e9 le peloton, avant de s\u2019envoler vers le titre europ\u00e9en du 10 000 m \u00e0 <strong>Birmingham<\/strong>. Mais derri\u00e8re cette d\u00e9monstration, <strong>Jimmy Gressier<\/strong> a construit autre chose : une m\u00e9daille d&rsquo;<strong><a href=\"https:\/\/mvz-sports.com\/fr\/athletisme\">athl\u00e9tisme<\/a><\/strong> arrach\u00e9e au bon moment, avec la lucidit\u00e9 qu\u2019il n\u2019avait pas forc\u00e9ment eue quelques jours plus t\u00f4t sur 5000 m.<\/p>\n\n\n\n<h2 class=\"wp-block-heading\">Almgren a \u00e9touff\u00e9 la course, Gressier a attendu son moment<\/h2>\n\n\n\n<p class=\"wp-block-paragraph\"><strong>Andreas Almgren<\/strong> n\u2019a pas gagn\u00e9 ce 10 000 m en pla\u00e7ant une acc\u00e9l\u00e9ration tardive. Il a us\u00e9 la concurrence bien avant le dernier tour. Le rythme est mont\u00e9 tr\u00e8s t\u00f4t, avec une allure impos\u00e9e d\u00e8s les premiers kilom\u00e8tres, puis une cassure nette autour du 7e kilom\u00e8tre.<\/p>\n\n\n\n<p class=\"wp-block-paragraph\">\u00c0 partir de l\u00e0, la course a chang\u00e9 de nature. Pour beaucoup de fondeurs, il ne s\u2019agissait plus de r\u00eaver au titre, mais de survivre \u00e0 l\u2019effort sans exploser. Almgren a fini loin devant, en 27&rsquo;23\u00a0\u00bb44 selon le r\u00e9cit d\u00e9taill\u00e9 de la course, devant le Suisse Dominic Lobalu, deuxi\u00e8me en 27&rsquo;42\u00a0\u00bb67.<\/p>\n\n\n\n<p class=\"wp-block-paragraph\">Le chrono du vainqueur demande tout de m\u00eame une v\u00e9rification L\u2019\u00e9cart est minime, mais sur un r\u00e9sultat de championnat, il compte.<\/p>\n\n\n\n<p class=\"wp-block-paragraph\">Gressier, lui, n\u2019a pas cherch\u00e9 \u00e0 r\u00e9pondre \u00e0 tout. C\u2019est probablement ce qui rend sa m\u00e9daille int\u00e9ressante. Apr\u00e8s sa quatri\u00e8me place sur 5000 m, o\u00f9 il avait regrett\u00e9 d\u2019avoir trop pes\u00e9 sur la course, le Fran\u00e7ais a cette fois g\u00e9r\u00e9 avec plus de retenue. Pas la course parfaite dans ses mots, mais la course assez juste pour repartir avec du m\u00e9tal.<\/p>\n\n\n\n<h2 class=\"wp-block-heading\">Le sprint contre Crippa a transform\u00e9 le bronze en lib\u00e9ration<\/h2>\n\n\n\n<p class=\"wp-block-paragraph\">Le podium ne s\u2019est pas jou\u00e9 dans un long mano a mano spectaculaire. Il s\u2019est jou\u00e9 sur un d\u00e9tail tr\u00e8s concret : le moment o\u00f9 Gressier a d\u00e9cid\u00e9 de lancer son sprint, \u00e0 plus de 100 m\u00e8tres de l\u2019arriv\u00e9e, avec l\u2019Italien Yemaneberhan Crippa encore devant lui.<\/p>\n\n\n\n<p class=\"wp-block-paragraph\">Imaginez la sc\u00e8ne c\u00f4t\u00e9 coureur. Apr\u00e8s presque 28 minutes d\u2019effort, les jambes sont lourdes, le titre est d\u00e9j\u00e0 parti, l\u2019argent aussi. Il reste une m\u00e9daille \u00e0 aller chercher, mais elle est encore dans le dos d\u2019un sp\u00e9cialiste capable de durcir n\u2019importe quelle fin de course. Gressier n\u2019avait pas dix options. Il fallait y aller franchement, sans attendre la ligne.<\/p>\n\n\n\n<p class=\"wp-block-paragraph\">C\u2019est ce qu\u2019il a fait. Son finish express lui a permis de griller Crippa sur la ligne et de prendre la troisi\u00e8me place en 28&rsquo;07\u00a0\u00bb. Le mot \u00ab bronze \u00bb para\u00eet parfois modeste dans un palmar\u00e8s, surtout quand un autre athl\u00e8te \u00e9crase la course devant. Ici, il raconte pourtant une bascule.<\/p>\n\n\n\n<p class=\"wp-block-paragraph\">Cette m\u00e9daille est sa premi\u00e8re aux <strong>Championnats d\u2019Europe<\/strong> seniors. Elle arrive apr\u00e8s une d\u00e9ception r\u00e9cente sur 5000 m, termin\u00e9e au pied du podium. Elle arrive aussi avec une phrase qui montre que <strong>Gressier<\/strong> ne cherchait pas \u00e0 maquiller son championnat : \u00ab C&rsquo;est un soulagement m\u00eame si je ne suis pas tr\u00e8s fier de moi sur ce Championnat. J&rsquo;accepte cette r\u00e9alit\u00e9, et je sais qu&rsquo;il y aura des jours meilleurs. J&rsquo;enl\u00e8ve cette mini mal\u00e9diction \u00bb.<\/p>\n\n\n\n<p class=\"wp-block-paragraph\">La force de cette r\u00e9action tient justement \u00e0 sa nuance. <strong>Gressie<\/strong>r ne transforme pas le bronze en triomphe absolu. Il dit le soulagement, mais aussi l\u2019exigence. Pour un athl\u00e8te de son niveau, ce genre de m\u00e9daille ne ferme pas le d\u00e9bat. Elle l\u2019all\u00e8ge.<\/p>\n\n\n\n<h2 class=\"wp-block-heading\">Un podium qui compte aussi pour la dynamique fran\u00e7aise<\/h2>\n\n\n\n<p class=\"wp-block-paragraph\">La soir\u00e9e fran\u00e7aise ne se r\u00e9sume pas au sprint de <strong>Gressier<\/strong>. <strong>Baptiste Guyon<\/strong> a pris la 5e place en 28&rsquo;20\u00a0\u00bb, apr\u00e8s une course d\u00e9crite comme bien g\u00e9r\u00e9e. Dans un 10 000 m cass\u00e9 par le tempo d\u2019Almgren, cette place a de la valeur : il fallait accepter de courir dans des groupes repris, relanc\u00e9s, puis \u00e9tir\u00e9s par la domination su\u00e9doise.<\/p>\n\n\n\n<p class=\"wp-block-paragraph\">Pour Gressier, ce bronze peut compter au-del\u00e0 du r\u00e9sultat brut. Il efface une frustration europ\u00e9enne, remet une m\u00e9daille autour du cou et confirme qu\u2019il peut r\u00e9pondre dans une course qui ne se d\u00e9roule pas selon son sc\u00e9nario id\u00e9al. Ce n\u2019est pas la m\u00e9daille la plus \u00e9clatante de sa carri\u00e8re, mais elle arrive dans un moment o\u00f9 le mental pesait autant que les jambes.<\/p>\n\n\n\n<p class=\"wp-block-paragraph\">Le cas est simple pour un lecteur qui n\u2019a pas vu la course : si Almgren a \u00e9crit le grand \u00e9cart chronom\u00e9trique de la soir\u00e9e, Gressier a gagn\u00e9 son combat \u00e0 lui. Celui du placement, de la patience, puis d\u2019un dernier effort lanc\u00e9 assez t\u00f4t pour ne pas subir Crippa jusqu\u2019au bout.<\/p>\n\n\n\n<p class=\"wp-block-paragraph\">Et c\u2019est sans doute pour cela que sa formule fonctionne. \u00ab Mini mal\u00e9diction \u00bb n\u2019est pas une excuse, ni une exag\u00e9ration dramatique. C\u2019est le nom donn\u00e9 \u00e0 cette zone inconfortable o\u00f9 un athl\u00e8te de premier plan encha\u00eene les courses fortes sans toujours repartir avec la r\u00e9compense attendue. \u00c0 Birmingham, Gressier a enfin cass\u00e9 cette logique europ\u00e9enne.<\/p>\n\n\n\n<pre class=\"wp-block-preformatted\"><\/pre>\n\n\n\n<p class=\"wp-block-paragraph\"><\/p>\n","protected":false},"excerpt":{"rendered":"<p>Jimmy Gressier n\u2019a pas seulement gagn\u00e9 une m\u00e9daille de bronze \u00e0 Birmingham : il a surtout coup\u00e9 une petite s\u00e9rie de frustrations europ\u00e9ennes, au terme d\u2019un sprint parfaitement choisi sur 10 000 m. La phrase dit presque tout. \u00ab J\u2019enl\u00e8ve cette mini mal\u00e9diction \u00bb, a l\u00e2ch\u00e9 le Fran\u00e7ais apr\u00e8s sa course, au micro de France [&hellip;]<\/p>\n","protected":false},"author":2,"featured_media":54103,"comment_status":"open","ping_status":"open","sticky":false,"template":"","format":"standard","meta":{"_acf_changed":false,"_seopress_robots_primary_cat":"none","_seopress_titles_title":"","_seopress_titles_desc":"","_seopress_robots_index":"","footnotes":""},"categories":[49],"tags":[],"class_list":["post-54100","post","type-post","status-publish","format-standard","has-post-thumbnail","hentry","category-athletisme"],"acf":[],"_links":{"self":[{"href":"https:\/\/mvz-sports.com\/fr\/wp-json\/wp\/v2\/posts\/54100","targetHints":{"allow":["GET"]}}],"collection":[{"href":"https:\/\/mvz-sports.com\/fr\/wp-json\/wp\/v2\/posts"}],"about":[{"href":"https:\/\/mvz-sports.com\/fr\/wp-json\/wp\/v2\/types\/post"}],"author":[{"embeddable":true,"href":"https:\/\/mvz-sports.com\/fr\/wp-json\/wp\/v2\/users\/2"}],"replies":[{"embeddable":true,"href":"https:\/\/mvz-sports.com\/fr\/wp-json\/wp\/v2\/comments?post=54100"}],"version-history":[{"count":2,"href":"https:\/\/mvz-sports.com\/fr\/wp-json\/wp\/v2\/posts\/54100\/revisions"}],"predecessor-version":[{"id":54109,"href":"https:\/\/mvz-sports.com\/fr\/wp-json\/wp\/v2\/posts\/54100\/revisions\/54109"}],"wp:featuredmedia":[{"embeddable":true,"href":"https:\/\/mvz-sports.com\/fr\/wp-json\/wp\/v2\/media\/54103"}],"wp:attachment":[{"href":"https:\/\/mvz-sports.com\/fr\/wp-json\/wp\/v2\/media?parent=54100"}],"wp:term":[{"taxonomy":"category","embeddable":true,"href":"https:\/\/mvz-sports.com\/fr\/wp-json\/wp\/v2\/categories?post=54100"},{"taxonomy":"post_tag","embeddable":true,"href":"https:\/\/mvz-sports.com\/fr\/wp-json\/wp\/v2\/tags?post=54100"}],"curies":[{"name":"wp","href":"https:\/\/api.w.org\/{rel}","templated":true}]}}