{"id":54106,"date":"2026-08-16T13:30:00","date_gmt":"2026-08-16T11:30:00","guid":{"rendered":"https:\/\/mvz-sports.com\/fr\/?p=54106"},"modified":"2026-08-17T12:29:44","modified_gmt":"2026-08-17T10:29:44","slug":"vingegaard-pourrait-manquer-la-vuelta-les-mondiaux-et-tout-ce-que-sa-saison-gardait-encore-en-reserve","status":"publish","type":"post","link":"https:\/\/mvz-sports.com\/fr\/cyclisme\/news\/vingegaard-pourrait-manquer-la-vuelta-les-mondiaux-et-tout-ce-que-sa-saison-gardait-encore-en-reserve","title":{"rendered":"Vingegaard pourrait manquer la Vuelta, les Mondiaux et tout ce que sa saison gardait encore en r\u00e9serve"},"content":{"rendered":"\n<p class=\"wp-block-paragraph\"><strong>Jonas Vingegaard pourrait ne plus courir en 2026, et ce possible arr\u00eat changerait bien plus que la seule affiche de la Vuelta.<\/strong><\/p>\n\n\n\n<p class=\"wp-block-paragraph\">Depuis son abandon sur le Tour de France, la fin de saison du Danois s\u2019\u00e9crit surtout avec des points d\u2019interrogation. Sa fracture de la clavicule l\u2019a coup\u00e9 net dans un \u00e9t\u00e9 o\u00f9 il occupait encore une place majeure dans la hi\u00e9rarchie, derri\u00e8re <strong>Tadej Pogacar<\/strong> au classement g\u00e9n\u00e9ral.<\/p>\n\n\n\n<p class=\"wp-block-paragraph\">Le sc\u00e9nario qui se dessine est d\u00e9sormais plus lourd qu\u2019un simple forfait. Vingegaard ne devrait pas prendre le d\u00e9part de la Vuelta, et sa pr\u00e9sence aux championnats du monde para\u00eet elle aussi tr\u00e8s compromise d\u2019apr\u00e8s HLN. Pour un coureur de son calibre, c\u2019est toute la derni\u00e8re partie de l\u2019ann\u00e9e qui pourrait dispara\u00eetre.<\/p>\n\n\n\n<p class=\"wp-block-paragraph\">Update 17\/08\/2026 <\/p>\n\n\n\n<figure class=\"wp-block-embed is-type-rich is-provider-x wp-block-embed-x\"><div class=\"wp-block-embed__wrapper\">\n<blockquote class=\"twitter-tweet\" data-width=\"550\" data-dnt=\"true\"><p lang=\"fr\" dir=\"ltr\">\ud83d\udea8Fin de saison pour Jonas Vingegaard. <br><br>Il a officiellement tir\u00e9 un trait sur sa saison 2026. <br><br>Fracture de la clavicule sur le Tour, r\u00e9cup\u00e9ration trop lente : le double vainqueur du Tour et r\u00e9cent laur\u00e9at du Giro ne disputera ni les Mondiaux, ni aucune autre course d\u2019ici\u2026 <a href=\"https:\/\/t.co\/QFQjZdNWmj\">pic.twitter.com\/QFQjZdNWmj<\/a><\/p>&mdash; Mvz Sports (@mvz_sports) <a href=\"https:\/\/x.com\/mvz_sports\/status\/2089293796869656709?ref_src=twsrc%5Etfw\">August 17, 2026<\/a><\/blockquote><script async src=\"https:\/\/platform.x.com\/widgets.js\" charset=\"utf-8\"><\/script>\n<\/div><\/figure>\n\n\n\n<h2 class=\"wp-block-heading\">La Vuelta sans Vingegaard, ce n\u2019est pas seulement un nom en moins<\/h2>\n\n\n\n<p class=\"wp-block-paragraph\">La Vuelta repr\u00e9sentait le premier vrai marqueur de retour possible apr\u00e8s le Tour. Elle aurait permis de mesurer son \u00e9tat physique, son envie de reprendre la comp\u00e9tition et la capacit\u00e9 de Visma-Lease a Bike \u00e0 le relancer rapidement sur un grand tour.<\/p>\n\n\n\n<p class=\"wp-block-paragraph\">Son absence annonc\u00e9e change donc la lecture sportive de la course. Sans lui, il manque un rep\u00e8re majeur pour juger le niveau des favoris. Il manque aussi ce duel attendu avec les autres grands grimpeurs du peloton, celui qui donne tout de suite une autre densit\u00e9 \u00e0 trois semaines de course.<\/p>\n\n\n\n<p class=\"wp-block-paragraph\">Cas concret pour un suiveur : si l\u2019on attendait la Vuelta pour savoir si <strong>Vingegaard<\/strong> pouvait rebondir apr\u00e8s le Tour, la r\u00e9ponse ne viendra probablement pas d\u2019Espagne. Le feuilleton se d\u00e9place alors vers son calendrier, sa r\u00e9cup\u00e9ration et la fa\u00e7on dont son \u00e9quipe g\u00e8re une coupure aussi longue.<\/p>\n\n\n\n<h2 class=\"wp-block-heading\">Les Mondiaux semblent encore moins adapt\u00e9s \u00e0 son profil<\/h2>\n\n\n\n<p class=\"wp-block-paragraph\">Le dossier des championnats du monde para\u00eet diff\u00e9rent. <strong>Vingegaard<\/strong> n\u2019a jamais pris part aux Mondiaux, et son profil reste d\u2019abord celui d\u2019un coureur de grands tours. Les courses d\u2019un jour, souvent plus nerveuses et moins contr\u00f4lables, ne sont pas son terrain le plus naturel.<\/p>\n\n\n\n<p class=\"wp-block-paragraph\">Dans ces conditions, imaginer un retour directement sur un rendez-vous mondial aurait d\u00e9j\u00e0 eu quelque chose de fragile. Avec une fracture de la clavicule et plusieurs semaines loin de la comp\u00e9tition, l\u2019hypoth\u00e8se devient encore plus mince.<\/p>\n\n\n\n<p class=\"wp-block-paragraph\">C\u2019est l\u00e0 que l\u2019absence possible prend de l\u2019ampleur. La Vuelta aurait pu \u00eatre une reprise par \u00e9tapes, avec du temps pour retrouver des sensations. Les Mondiaux, eux, imposent une intensit\u00e9 imm\u00e9diate, sans filet. Pour un coureur qui sort d\u2019une blessure, le risque sportif para\u00eet beaucoup moins int\u00e9ressant que le b\u00e9n\u00e9fice.<\/p>\n\n\n\n<h2 class=\"wp-block-heading\">Une saison d\u00e9j\u00e0 pleine, mais coup\u00e9e avant son dernier chapitre<\/h2>\n\n\n\n<p class=\"wp-block-paragraph\">Le paradoxe, c\u2019est que la saison de Jonas Vingegaard n\u2019a rien d\u2019une ann\u00e9e vide. Le Danois avait d\u00e9j\u00e0 remport\u00e9 le Giro, Paris-Nice et le Tour de Catalogne. Avant sa chute sur le Tour de France, il figurait encore \u00e0 la deuxi\u00e8me place du classement g\u00e9n\u00e9ral derri\u00e8re la star du <strong><a href=\"https:\/\/mvz-sports.com\/fr\/cyclisme\">cyclisme<\/a><\/strong> Tadej Pogacar.<\/p>\n\n\n\n<p class=\"wp-block-paragraph\">La frustration vient donc du timing. Ce n\u2019est pas une saison rat\u00e9e qui s\u2019arr\u00eate. C\u2019est une saison tr\u00e8s solide qui pourrait se refermer sans dernier acte, sans r\u00e9ponse sur la Vuelta, sans tentative mondiale, et sans passage confirm\u00e9 sur une grande classique de fin d\u2019ann\u00e9e comme le Tour de Lombardie.<\/p>\n\n\n\n<p class=\"wp-block-paragraph\">Le Tour de Lombardie reste cit\u00e9 comme une possibilit\u00e9 th\u00e9orique dans le calendrier d\u2019automne, mais <strong>Vingegaard<\/strong> ne s\u2019y est plus align\u00e9 depuis 2022. L\u00e0 encore, rien ne permet d\u2019en faire une vraie cible. Le sc\u00e9nario le plus prudent consiste plut\u00f4t \u00e0 envisager une coupure longue, puis une pr\u00e9paration tourn\u00e9e vers 2027.<\/p>\n\n\n\n<p class=\"wp-block-paragraph\">Pour Visma-Lease a Bike, ce serait une d\u00e9cision dure mais lisible. Mieux vaut parfois perdre une fin de saison que compromettre la suivante, surtout avec un leader dont tout le programme repose sur sa capacit\u00e9 \u00e0 redevenir performant sur trois semaines.<\/p>\n\n\n\n<p class=\"wp-block-paragraph\">Le mot important reste donc \u201cpourrait\u201d. Rien ne permet d\u2019annoncer officiellement que <strong>Jonas Vingegaard<\/strong> ne recourra plus cette ann\u00e9e. Mais entre la Vuelta d\u00e9j\u00e0 \u00e9cart\u00e9e, les Mondiaux jug\u00e9s tr\u00e8s improbables et l\u2019absence de course \u00e9vidente \u00e0 viser ensuite, sa saison semble avoir beaucoup moins de portes ouvertes qu\u2019avant sa chute.<\/p>\n\n\n\n<p class=\"wp-block-paragraph\"><\/p>\n","protected":false},"excerpt":{"rendered":"<p>Jonas Vingegaard pourrait ne plus courir en 2026, et ce possible arr\u00eat changerait bien plus que la seule affiche de la Vuelta. Depuis son abandon sur le Tour de France, la fin de saison du Danois s\u2019\u00e9crit surtout avec des points d\u2019interrogation. Sa fracture de la clavicule l\u2019a coup\u00e9 net dans un \u00e9t\u00e9 o\u00f9 il [&hellip;]<\/p>\n","protected":false},"author":6,"featured_media":54110,"comment_status":"open","ping_status":"open","sticky":false,"template":"","format":"standard","meta":{"_acf_changed":false,"_seopress_robots_primary_cat":"none","_seopress_titles_title":"","_seopress_titles_desc":"","_seopress_robots_index":"","footnotes":""},"categories":[38],"tags":[],"class_list":["post-54106","post","type-post","status-publish","format-standard","has-post-thumbnail","hentry","category-cyclisme"],"acf":[],"_links":{"self":[{"href":"https:\/\/mvz-sports.com\/fr\/wp-json\/wp\/v2\/posts\/54106","targetHints":{"allow":["GET"]}}],"collection":[{"href":"https:\/\/mvz-sports.com\/fr\/wp-json\/wp\/v2\/posts"}],"about":[{"href":"https:\/\/mvz-sports.com\/fr\/wp-json\/wp\/v2\/types\/post"}],"author":[{"embeddable":true,"href":"https:\/\/mvz-sports.com\/fr\/wp-json\/wp\/v2\/users\/6"}],"replies":[{"embeddable":true,"href":"https:\/\/mvz-sports.com\/fr\/wp-json\/wp\/v2\/comments?post=54106"}],"version-history":[{"count":3,"href":"https:\/\/mvz-sports.com\/fr\/wp-json\/wp\/v2\/posts\/54106\/revisions"}],"predecessor-version":[{"id":54183,"href":"https:\/\/mvz-sports.com\/fr\/wp-json\/wp\/v2\/posts\/54106\/revisions\/54183"}],"wp:featuredmedia":[{"embeddable":true,"href":"https:\/\/mvz-sports.com\/fr\/wp-json\/wp\/v2\/media\/54110"}],"wp:attachment":[{"href":"https:\/\/mvz-sports.com\/fr\/wp-json\/wp\/v2\/media?parent=54106"}],"wp:term":[{"taxonomy":"category","embeddable":true,"href":"https:\/\/mvz-sports.com\/fr\/wp-json\/wp\/v2\/categories?post=54106"},{"taxonomy":"post_tag","embeddable":true,"href":"https:\/\/mvz-sports.com\/fr\/wp-json\/wp\/v2\/tags?post=54106"}],"curies":[{"name":"wp","href":"https:\/\/api.w.org\/{rel}","templated":true}]}}