{"id":54130,"date":"2026-08-16T16:15:00","date_gmt":"2026-08-16T14:15:00","guid":{"rendered":"https:\/\/mvz-sports.com\/fr\/?p=54130"},"modified":"2026-08-16T15:16:10","modified_gmt":"2026-08-16T13:16:10","slug":"marion-rousse-a-tranche-entre-france-televisions-et-le-tour-et-comprend-que-sa-mission-a-change-dechelle","status":"publish","type":"post","link":"https:\/\/mvz-sports.com\/fr\/cyclisme\/news\/marion-rousse-a-tranche-entre-france-televisions-et-le-tour-et-comprend-que-sa-mission-a-change-dechelle","title":{"rendered":"Marion Rousse a tranch\u00e9 entre France T\u00e9l\u00e9visions et le Tour, et comprend que sa mission a chang\u00e9 d&rsquo;\u00e9chelle"},"content":{"rendered":"\n<p class=\"wp-block-paragraph\"><strong>Marion Rousse n&rsquo;a pas seulement choisi entre deux m\u00e9tiers : sa r\u00e9ponse raconte comment le Tour de France Femmes s&rsquo;est install\u00e9e dans le paysage gr\u00e2ce \u00e0 la t\u00e9l\u00e9vision.<\/strong><\/p>\n\n\n\n<p class=\"wp-block-paragraph\">La question pourrait sembler personnelle. <strong>France T\u00e9l\u00e9visions<\/strong> ou le <strong>Tour de France Femmes<\/strong> ? La consultante ou la directrice de cours ? Pour Marion Rousse, le dilemme est plus subtil qu&rsquo;un simple choix de carri\u00e8re.<\/p>\n\n\n\n<p class=\"wp-block-paragraph\">Interrog\u00e9e par le Journal de Sa\u00f4ne-et-Loire, elle a d&rsquo;abord reconnu la difficult\u00e9 de r\u00e9pondre. \u00ab Il va peut-\u00eatre \u00eatre falloir que je me mouille au bout d&rsquo;un moment, mais c&rsquo;est quand m\u00eame compliqu\u00e9. \u00bb Puis elle a tranch\u00e9, tout en expliquant pourquoi ces deux r\u00f4les sont li\u00e9s.<\/p>\n\n\n\n<p class=\"wp-block-paragraph\">Sa r\u00e9ponse dit beaucoup du cyclisme f\u00e9minin moderne. Pour exister sportivement, une \u00e9preuve doit convaincre sur la route. Mais pour entrer dans les habitudes du public, elle doit aussi \u00eatre racont\u00e9e, r\u00e9p\u00e9t\u00e9e, incarn\u00e9e. C&rsquo;est exactement l\u00e0 que France T\u00e9l\u00e9visions a jou\u00e9 un r\u00f4le majeur.<\/p>\n\n\n\n<h2 class=\"wp-block-heading\">France T\u00e9l\u00e9visions, la vitrine qui a aid\u00e9 le Tour de France Femmes<\/h2>\n\n\n\n<p class=\"wp-block-paragraph\"><strong>Marion Rousse<\/strong> ne pr\u00e9sente pas son r\u00f4le de consultante comme une parenth\u00e8se \u00e0 c\u00f4t\u00e9 du Tour de France Femmes. Elle le d\u00e9crit au contraire comme un levier. \u00ab Les deux me servent en fait \u00bb, explique-t-elle, avant de rappeler que son exposition \u00e0 l&rsquo;antenne a accompagn\u00e9 les premi\u00e8res \u00e9ditions de l&rsquo;\u00e9preuve f\u00e9minine.<\/p>\n\n\n\n<p class=\"wp-block-paragraph\">Le point cl\u00e9 est simple : pendant le Tour hommes, elle parlait chaque jour \u00e0 un massif public. Elle pouvait donc rappeler, \u00e9tape apr\u00e8s \u00e9tape, qu&rsquo;un <strong>Tour de France Femmes<\/strong> suivrait. Ce n&rsquo;est pas un d\u00e9tail de communication. C&rsquo;est une passerelle entre un public d\u00e9j\u00e0 capt\u00e9e par le cyclisme et une course f\u00e9minine qui devait encore s&rsquo;ancrer.<\/p>\n\n\n\n<p class=\"wp-block-paragraph\">Dans un sport o\u00f9 les habitudes comptent \u00e9norm\u00e9ment, cette visibilit\u00e9 vaut cher. Un t\u00e9l\u00e9spectateur qui regarde les \u00e9tapes de juillet n&rsquo;ira pas forc\u00e9ment chercher spontan\u00e9ment le calendrier f\u00e9minin. En revanche, s&rsquo;il entend plusieurs fois qu&rsquo;une autre course arrive juste apr\u00e8s, avec les meilleures coureuses et un v\u00e9ritable enjeu sportif, le passage devient naturel.<\/p>\n\n\n\n<p class=\"wp-block-paragraph\">C&rsquo;est le cas concret le plus parlant : un amateur de cyclisme suit le Tour masculin sur France T\u00e9l\u00e9visions, entend Marion Rousse rappeler l&rsquo;arriv\u00e9e du Tour de France Femmes, puis garder la t\u00e9l\u00e9vision allum\u00e9e quelques jours plus tard pour d\u00e9couvrir l&rsquo;\u00e9preuve. \u00c0 l&rsquo;\u00e9chelle d&rsquo;un seul t\u00e9l\u00e9spectateur, c&rsquo;est presque invisible. \u00c0 l\u2019\u00e9chelle de millions de personnes, cela peut changer la place d\u2019une course.<\/p>\n\n\n\n<h2 class=\"wp-block-heading\">Le choix de Marion Rousse va pourtant vers la direction du Tour<\/h2>\n\n\n\n<p class=\"wp-block-paragraph\">Si les deux casquettes se compl\u00e8tent, <strong>Marion Rousse<\/strong> a fini par donner sa pr\u00e9f\u00e9rence. \u00ab Ce r\u00f4le de directrice, c&rsquo;est je pense la casquette dont je suis la plus fi\u00e8re \u00bb, affirme-t-elle. La phrase compte, parce qu&rsquo;elle ne parle pas seulement de prestige.<\/p>\n\n\n\n<p class=\"wp-block-paragraph\">Elle rattache cette fiert\u00e9 \u00e0 son propre parcours et \u00e0 ce qu&rsquo;elle appelle la \u00ab gal\u00e8re du cyclisme f\u00e9minin \u00bb. L&rsquo;expression n&rsquo;est pas anodine. Elle rappelle que le Tour de France Femmes n&rsquo;est pas seulement une marque relanc\u00e9e ou un produit t\u00e9l\u00e9vis\u00e9 mieux emball\u00e9. C&rsquo;est aussi la r\u00e9paration partielle d&rsquo;un retard historique.<\/p>\n\n\n\n<p class=\"wp-block-paragraph\">Depuis sa relance en 2022, l&rsquo;\u00e9preuve porte une promesse plus large que le classement g\u00e9n\u00e9ral. Elle donne une sc\u00e8ne \u00e0 des champions, mais elle offre aussi des images aux plus jeunes. Marion Rousse insiste d&rsquo;ailleurs sur le nombre de petites filles pr\u00e9sentes au d\u00e9part de la course. Pour elle, l&rsquo;enjeu est l\u00e0 : permettre \u00e0 des enfants de voir des athl\u00e8tes f\u00e9minines au centre du spectacle.<\/p>\n\n\n\n<p class=\"wp-block-paragraph\">Ce choix \u00e9claire aussi sa position particuli\u00e8re. <strong>Marion Rousse<\/strong> n&rsquo;est pas seulement une ancienne championne devenue consultante. Elle est devenue l&rsquo;un des visages qui d\u00e9pendent du cyclisme professionnel f\u00e9minin, des diffuseurs et du grand public. Dans un sport encore tr\u00e8s d\u00e9pendant de la t\u00e9l\u00e9vision gratuite pour toucher large, ce r\u00f4le hybride p\u00e8se lourd.<\/p>\n\n\n\n<h2 class=\"wp-block-heading\">Ce que cette r\u00e9ponse r\u00e9v\u00e8le sur le cyclisme f\u00e9minin<\/h2>\n\n\n\n<p class=\"wp-block-paragraph\">Le plus int\u00e9ressant, dans sa r\u00e9ponse, tient peut-\u00eatre \u00e0 ce qu&rsquo;elle ne s\u00e9pare pas le terrain m\u00e9diatique du terrain sportif. Le <strong>Tour de France Femmes<\/strong> a besoin de parcours exigeants, de grandes coureuses, de suspense et d&rsquo;une vraie cr\u00e9dibilit\u00e9 sportive. Mais il a aussi besoin d&rsquo;un r\u00e9cit continu pour ne pas redevenir un \u00e9v\u00e9nement que l&rsquo;on d\u00e9couvre par hasard.<\/p>\n\n\n\n<p class=\"wp-block-paragraph\">Le corpus autour du sujet rappelle d&rsquo;ailleurs un autre enjeu : le cyclisme f\u00e9minin ne se r\u00e9sume pas \u00e0 son sommet. Des articles r\u00e9cents \u00e9voquent les alertes de Marion Rousse sur la fragilit\u00e9 des clubs, des b\u00e9n\u00e9voles et des cours locaux. Cette dimension doit \u00eatre v\u00e9rifi\u00e9e \u00e0 la source<\/p>\n\n\n\n<p class=\"wp-block-paragraph\">C&rsquo;est l\u00e0 que la r\u00e9ponse de Marion Rousse d\u00e9passe son cas personnel. France T\u00e9l\u00e9visions lui a donn\u00e9 une caisse de r\u00e9sonance. Le Tour de France Femmes lui donne un r\u00f4le d&rsquo;action. L&rsquo;un aide \u00e0 faire conna\u00eetre, l&rsquo;autre \u00e0 construire. Et le <a href=\"https:\/\/mvz-sports.com\/fr\/cyclisme\">cyclisme<\/a> f\u00e9minin a probablement besoin des deux pour durer.<\/p>\n\n\n\n<p class=\"wp-block-paragraph\">Son choix final n&rsquo;efface donc pas la t\u00e9l\u00e9vision. Il la remet \u00e0 sa place : un acc\u00e9l\u00e9rateur. La fiert\u00e9, elle, se trouve dans la direction d&rsquo;une \u00e9preuve capable de cr\u00e9er des mod\u00e8les visibles. Pour un sport qui cherche encore \u00e0 \u00e9largir sa base, c&rsquo;est sans doute le message le plus fort de cette prise de parole.<\/p>\n\n\n\n<pre class=\"wp-block-preformatted\"><\/pre>\n\n\n\n<p class=\"wp-block-paragraph\"><\/p>\n","protected":false},"excerpt":{"rendered":"<p>Marion Rousse n&rsquo;a pas seulement choisi entre deux m\u00e9tiers : sa r\u00e9ponse raconte comment le Tour de France Femmes s&rsquo;est install\u00e9e dans le paysage gr\u00e2ce \u00e0 la t\u00e9l\u00e9vision. La question pourrait sembler personnelle. France T\u00e9l\u00e9visions ou le Tour de France Femmes ? La consultante ou la directrice de cours ? Pour Marion Rousse, le dilemme [&hellip;]<\/p>\n","protected":false},"author":5,"featured_media":54133,"comment_status":"open","ping_status":"open","sticky":false,"template":"","format":"standard","meta":{"_acf_changed":false,"_seopress_robots_primary_cat":"none","_seopress_titles_title":"","_seopress_titles_desc":"","_seopress_robots_index":"","footnotes":""},"categories":[38],"tags":[],"class_list":["post-54130","post","type-post","status-publish","format-standard","has-post-thumbnail","hentry","category-cyclisme"],"acf":[],"_links":{"self":[{"href":"https:\/\/mvz-sports.com\/fr\/wp-json\/wp\/v2\/posts\/54130","targetHints":{"allow":["GET"]}}],"collection":[{"href":"https:\/\/mvz-sports.com\/fr\/wp-json\/wp\/v2\/posts"}],"about":[{"href":"https:\/\/mvz-sports.com\/fr\/wp-json\/wp\/v2\/types\/post"}],"author":[{"embeddable":true,"href":"https:\/\/mvz-sports.com\/fr\/wp-json\/wp\/v2\/users\/5"}],"replies":[{"embeddable":true,"href":"https:\/\/mvz-sports.com\/fr\/wp-json\/wp\/v2\/comments?post=54130"}],"version-history":[{"count":2,"href":"https:\/\/mvz-sports.com\/fr\/wp-json\/wp\/v2\/posts\/54130\/revisions"}],"predecessor-version":[{"id":54135,"href":"https:\/\/mvz-sports.com\/fr\/wp-json\/wp\/v2\/posts\/54130\/revisions\/54135"}],"wp:featuredmedia":[{"embeddable":true,"href":"https:\/\/mvz-sports.com\/fr\/wp-json\/wp\/v2\/media\/54133"}],"wp:attachment":[{"href":"https:\/\/mvz-sports.com\/fr\/wp-json\/wp\/v2\/media?parent=54130"}],"wp:term":[{"taxonomy":"category","embeddable":true,"href":"https:\/\/mvz-sports.com\/fr\/wp-json\/wp\/v2\/categories?post=54130"},{"taxonomy":"post_tag","embeddable":true,"href":"https:\/\/mvz-sports.com\/fr\/wp-json\/wp\/v2\/tags?post=54130"}],"curies":[{"name":"wp","href":"https:\/\/api.w.org\/{rel}","templated":true}]}}