{"id":54146,"date":"2026-08-17T05:31:00","date_gmt":"2026-08-17T03:31:00","guid":{"rendered":"https:\/\/mvz-sports.com\/fr\/?p=54146"},"modified":"2026-08-17T03:38:17","modified_gmt":"2026-08-17T01:38:17","slug":"javais-pousse-mon-corps-bien-trop-loin-vollering-met-des-mots-rares-sur-lapres-ferrand-prevot","status":"publish","type":"post","link":"https:\/\/mvz-sports.com\/fr\/cyclisme\/news\/javais-pousse-mon-corps-bien-trop-loin-vollering-met-des-mots-rares-sur-lapres-ferrand-prevot","title":{"rendered":"\u00ab J\u2019avais pouss\u00e9 mon corps bien trop loin \u00bb : Vollering met des mots rares sur l\u2019apr\u00e8s-Ferrand-Pr\u00e9vot"},"content":{"rendered":"\n<p class=\"wp-block-paragraph\"><strong>Demi Vollering n&rsquo;a pas seulement racont\u00e9 une d\u00e9ception sportive : elle a mis des mots pr\u00e9cis sur ce moment o\u00f9 le corps et la t\u00eate ne suivent plus.<\/strong><\/p>\n\n\n\n<p class=\"wp-block-paragraph\">La phrase est courte, mais elle p\u00e8se lourd. \u00ab J&rsquo;avais pouss\u00e9 mon corps bien trop loin \u00bb, a confi\u00e9 la <strong>N\u00e9erlandaise<\/strong> en revenant sur l&rsquo;apr\u00e8s-Tour de France femmes 2025, une \u00e9dition marqu\u00e9e par le triomphe de <strong>Pauline Ferrand-Pr\u00e9vo<\/strong>t.<\/p>\n\n\n\n<p class=\"wp-block-paragraph\">Ce n&rsquo;est pas un simple moyen de fatigue. Vollering explique avoir envisag\u00e9 une pause d&rsquo;un an, au point de ne plus prendre de plaisir sur le v\u00e9lo. Pour une coureuse de ce niveau, habitu\u00e9e \u00e0 jouer la gagne sur les plus grandes courses, le signal est tout sauf banal.<\/p>\n\n\n\n<h2 class=\"wp-block-heading\">Vollering raconte le moment o\u00f9 le plaisir a disparu<\/h2>\n\n\n\n<p class=\"wp-block-paragraph\">Dans un entretien accord\u00e9 \u00e0 The Athletic, Demi Vollering revient sur une p\u00e9riode o\u00f9 l&rsquo;usure physique a d\u00e9bord\u00e9 sur le mental. \u00ab L&rsquo;ann\u00e9e derni\u00e8re, j&rsquo;en ai vraiment trop fait \u00bb, souffle-t-elle, avant d&rsquo;ajouter qu&rsquo;elle avait pouss\u00e9 son corps \u00ab bien trop loin \u00bb.<\/p>\n\n\n\n<p class=\"wp-block-paragraph\">La suite de sa d\u00e9claration donne la vraie mesure du malaise. La <strong>N\u00e9erlandaise<\/strong> dit avoir aussi d\u00e9pass\u00e9 ses limites mentalement, puis avoir pens\u00e9 \u00e0 s&rsquo;arr\u00eater pendant un an apr\u00e8s le Tour de France de l&rsquo;ann\u00e9e pr\u00e9c\u00e9dente. Sa phrase la plus dure reste celle-ci : elle \u00ab n&rsquo;y prenait plus aucun plaisir \u00bb.<\/p>\n\n\n\n<p class=\"wp-block-paragraph\">Dans le cyclisme moderne, ce type de parole reste rare. Les coureuses parlent souvent de forme, de pr\u00e9paration, de tactique ou de r\u00e9cup\u00e9ration. Beaucoup moins de cette zone grise o\u00f9 l&rsquo;envie se casse, m\u00eame quand la carri\u00e8re continue d&rsquo;avancer.<\/p>\n\n\n\n<p class=\"wp-block-paragraph\">Le contexte rend l&rsquo;aveu encore plus fort. Le <strong>Tour de France femmes 2025<\/strong> est pr\u00e9sent\u00e9 comme celui de Pauline Ferrand-Pr\u00e9vot, championne olympique de VTT cross-country \u00e0 Paris en 2024, lieu s&rsquo;imposer sur un terrain o\u00f9 les sp\u00e9cialistes de la route pensaient tenir leurs rep\u00e8res.<\/p>\n\n\n\n<h2 class=\"wp-block-heading\">L&rsquo;apr\u00e8s-Ferrand-Pr\u00e9vot a laiss\u00e9 une trace plus profonde qu&rsquo;un r\u00e9sultat<\/h2>\n\n\n\n<p class=\"wp-block-paragraph\">R\u00e9duire cette s\u00e9quence \u00e0 une rivalit\u00e9 <strong>Vollering-Ferrand-Pr\u00e9vot<\/strong> serait trop simple. La victoire de PFP a surtout bouscul\u00e9 l&rsquo;\u00e9quilibre de la course et l&rsquo;image que certains favoris pouvaient avoir de leur propre domination.<\/p>\n\n\n\n<p class=\"wp-block-paragraph\">Demi Vollering n&rsquo;a pas formul\u00e9 les choses comme une attaque contre <strong>Ferrand-Pr\u00e9vot<\/strong>. Son t\u00e9moignage parle d&rsquo;abord d&rsquo;elle-m\u00eame : de surcharge, de pression, d&rsquo;un corps pouss\u00e9 au-del\u00e0 du raisonnable et d&rsquo;un esprit qui ne trouve plus de carburant.<\/p>\n\n\n\n<p class=\"wp-block-paragraph\">C&rsquo;est pr\u00e9cis\u00e9ment ce qui rend son propos int\u00e9ressant sportivement. Une grande championne peut perdre une course, analyser ses watts, corriger sa pr\u00e9paration et repartir. Mais quand elle explique qu&rsquo;elle a pens\u00e9 \u00e0 couper pendant un an, on ne parle plus seulement de performance. On parle de survie dans un calendrier qui utilise m\u00eame les meilleures.<\/p>\n\n\n\n<p class=\"wp-block-paragraph\">Le cas lecteur est assez simple \u00e0 imaginer. Un cycliste amateur qui pr\u00e9pare une cyclosportive peut empiler les sorties, les blocs d&rsquo;intensit\u00e9 et les objectifs Strava jusqu&rsquo;\u00e0 ne plus ressentir aucun plaisir. \u00c0 l&rsquo;\u00e9chelle de <strong>Vollering<\/strong>, les enjeux sont plus grands, mais le m\u00e9canisme reste lisible : quand chaque sortie devient une obligation, le v\u00e9lo peut cesser d&rsquo;\u00eatre un refuge.<\/p>\n\n\n\n<h2 class=\"wp-block-heading\">Un road-trip pour retrouver une relation plus libre au v\u00e9lo<\/h2>\n\n\n\n<p class=\"wp-block-paragraph\">La bascule ne vient pas d&rsquo;un nouveau plan d&rsquo;entra\u00eenement, mais d&rsquo;une coupure. Vollering raconte un road-trip en camping-car, loin de la pression, avec une r\u00e8gle simple : ne faire du v\u00e9lo que si elle en avait envie.<\/p>\n\n\n\n<p class=\"wp-block-paragraph\">Apr\u00e8s cette p\u00e9riode d\u00e9connect\u00e9e et quelques balades \u00e0 pied, l&rsquo;envie est revenue. Elle explique \u00eatre remont\u00e9e sur son v\u00e9lo sans objectif et sans attente, avec une sensation de libert\u00e9. Dans son r\u00e9cit, c&rsquo;est ce retour au geste simple qui relance la machine.<\/p>\n\n\n\n<p class=\"wp-block-paragraph\">Cette partie de l&rsquo;histoire nuance fortement le titre. Ferrand-Pr\u00e9vot a marqu\u00e9 l&rsquo;\u00e9dition pr\u00e9c\u00e9dente, mais Vollering ne raconte pas seulement une blessure d&rsquo;ego face \u00e0 une rivale. Elle d\u00e9crit un seuil atteint, puis un retour progressif vers un <strong><a href=\"https:\/\/mvz-sports.com\/fr\/cyclisme\">cyclisme<\/a><\/strong> moins contraint.<\/p>\n\n\n\n<p class=\"wp-block-paragraph\">La suite donne du poids \u00e0 ce cheminement. Pr\u00e9sent\u00e9e comme victorieuse cette ann\u00e9e sur le Tour de France femmes avec FDJ United-Suez, Demi Vollering n&rsquo;appara\u00eet pas seulement comme une championne revenue au sommet. Elle appara\u00eet comme une athl\u00e8te qui a d\u00fb retrouver le go\u00fbt de son sport avant de pouvoir redevenir dominante.<\/p>\n\n\n\n<p class=\"wp-block-paragraph\">Dans un peloton f\u00e9minin de plus en plus dense, o\u00f9 Marlen Reusser, <strong>Kasia Niewiadoma<\/strong>, <strong>Pauline Ferrand-Pr\u00e9vot<\/strong> et <strong>Vollering<\/strong> incarnent des profils tr\u00e8s diff\u00e9rents, cette parole compte. Elle rappelle qu&rsquo;une grande victoire se construit parfois loin des cam\u00e9ras, dans un moment beaucoup moins spectaculaire : accepter de couper avant de casser.<\/p>\n\n\n\n<pre class=\"wp-block-preformatted\"><\/pre>\n\n\n\n<p class=\"wp-block-paragraph\"><\/p>\n","protected":false},"excerpt":{"rendered":"<p>Demi Vollering n&rsquo;a pas seulement racont\u00e9 une d\u00e9ception sportive : elle a mis des mots pr\u00e9cis sur ce moment o\u00f9 le corps et la t\u00eate ne suivent plus. La phrase est courte, mais elle p\u00e8se lourd. \u00ab J&rsquo;avais pouss\u00e9 mon corps bien trop loin \u00bb, a confi\u00e9 la N\u00e9erlandaise en revenant sur l&rsquo;apr\u00e8s-Tour de France [&hellip;]<\/p>\n","protected":false},"author":6,"featured_media":54149,"comment_status":"open","ping_status":"open","sticky":false,"template":"","format":"standard","meta":{"_acf_changed":false,"_seopress_robots_primary_cat":"none","_seopress_titles_title":"","_seopress_titles_desc":"","_seopress_robots_index":"","footnotes":""},"categories":[38],"tags":[],"class_list":["post-54146","post","type-post","status-publish","format-standard","has-post-thumbnail","hentry","category-cyclisme"],"acf":[],"_links":{"self":[{"href":"https:\/\/mvz-sports.com\/fr\/wp-json\/wp\/v2\/posts\/54146","targetHints":{"allow":["GET"]}}],"collection":[{"href":"https:\/\/mvz-sports.com\/fr\/wp-json\/wp\/v2\/posts"}],"about":[{"href":"https:\/\/mvz-sports.com\/fr\/wp-json\/wp\/v2\/types\/post"}],"author":[{"embeddable":true,"href":"https:\/\/mvz-sports.com\/fr\/wp-json\/wp\/v2\/users\/6"}],"replies":[{"embeddable":true,"href":"https:\/\/mvz-sports.com\/fr\/wp-json\/wp\/v2\/comments?post=54146"}],"version-history":[{"count":2,"href":"https:\/\/mvz-sports.com\/fr\/wp-json\/wp\/v2\/posts\/54146\/revisions"}],"predecessor-version":[{"id":54151,"href":"https:\/\/mvz-sports.com\/fr\/wp-json\/wp\/v2\/posts\/54146\/revisions\/54151"}],"wp:featuredmedia":[{"embeddable":true,"href":"https:\/\/mvz-sports.com\/fr\/wp-json\/wp\/v2\/media\/54149"}],"wp:attachment":[{"href":"https:\/\/mvz-sports.com\/fr\/wp-json\/wp\/v2\/media?parent=54146"}],"wp:term":[{"taxonomy":"category","embeddable":true,"href":"https:\/\/mvz-sports.com\/fr\/wp-json\/wp\/v2\/categories?post=54146"},{"taxonomy":"post_tag","embeddable":true,"href":"https:\/\/mvz-sports.com\/fr\/wp-json\/wp\/v2\/tags?post=54146"}],"curies":[{"name":"wp","href":"https:\/\/api.w.org\/{rel}","templated":true}]}}