{"id":54152,"date":"2026-08-17T06:35:00","date_gmt":"2026-08-17T04:35:00","guid":{"rendered":"https:\/\/mvz-sports.com\/fr\/?p=54152"},"modified":"2026-08-17T03:52:09","modified_gmt":"2026-08-17T01:52:09","slug":"popovici-veut-defier-marchand-cote-a-cote-sur-200-m-et-ce-duel-pourrait-devenir-lun-des-grands-feuilletons-de-la-natation","status":"publish","type":"post","link":"https:\/\/mvz-sports.com\/fr\/jeux-olympiques-dhiver-2026-milano-cortina\/news\/popovici-veut-defier-marchand-cote-a-cote-sur-200-m-et-ce-duel-pourrait-devenir-lun-des-grands-feuilletons-de-la-natation","title":{"rendered":"Popovici veut d\u00e9fier Marchand \u00ab c\u00f4te \u00e0 c\u00f4te \u00bb sur 200 m, et ce duel pourrait devenir l\u2019un des grands feuilletons de la natation"},"content":{"rendered":"\n<p class=\"wp-block-paragraph\"><strong>David Popovici ne parle pas seulement d&rsquo;un duel de prestige avec L\u00e9on Marchand : il dessine d\u00e9j\u00e0 l&rsquo;image tr\u00e8s concr\u00e8te d&rsquo;un 200 m nag\u00e9 \u00ab c\u00f4te \u00e0 c\u00f4te \u00bb, dans une rivalit\u00e9 qui pourrait vite d\u00e9passer le simple chrono.<\/strong><\/p>\n\n\n\n<p class=\"wp-block-paragraph\">Sur le papier, tout part d&rsquo;un \u00e9cart minuscule et d&rsquo;une phrase qui accroche. <strong>Popovici<\/strong> a gagn\u00e9 le 200 m nage libre en 1&rsquo;44\u00a0\u00bb15 aux <strong>Championnats d&rsquo;Europe<\/strong>, mais Marchand a nag\u00e9 plus vite que lui sur le relais 4&#215;200 m, avec un temps annonc\u00e9 \u00e0 1&rsquo;43\u00a0\u00bb76.<\/p>\n\n\n\n<p class=\"wp-block-paragraph\">Le Roumain n\u2019a pas esquiv\u00e9 la comparaison. Il a m\u00eame ouvert la porte. Face \u00e0 Marchand, il imagine une rivalit\u00e9 \u00ab vraiment formidable \u00bb si les deux nageurs se retrouvent dans la m\u00eame \u00e9preuve. La formule la plus forte tient en deux mots : \u00ab c\u00f4te \u00e0 c\u00f4te \u00bb.<\/p>\n\n\n\n<h2 class=\"wp-block-heading\">Popovici veut Marchand dans sa ligne de mire sur 200 m<\/h2>\n\n\n\n<p class=\"wp-block-paragraph\"><strong>David Popovici<\/strong> a d\u00e9j\u00e0 envoy\u00e9 le message directement \u00e0 <strong>L\u00e9on Marchand<\/strong>. Apr\u00e8s la finale du 200 m, il lui a formul\u00e9 ses f\u00e9licitations pour son temps r\u00e9alis\u00e9 en relais. Puis il a formul\u00e9 l&rsquo;id\u00e9e qui donne du relief \u00e0 toute l&rsquo;histoire : les voir s&rsquo;affronter sur la m\u00eame distance, dans la m\u00eame course.<\/p>\n\n\n\n<p class=\"wp-block-paragraph\">Le 200 m est un terrain parfait pour ce genre de duel. Ce n&rsquo;est pas seulement une question de vitesse pure. Il faut encaisser le d\u00e9part, tenir la technique, g\u00e9rer l&rsquo;allure et garder assez de lucidit\u00e9 pour les derniers 50 m. C&rsquo;est pr\u00e9cis\u00e9ment le genre de cours o\u00f9 deux profils diff\u00e9rents peuvent se r\u00e9pondre longueur apr\u00e8s longueur.<\/p>\n\n\n\n<p class=\"wp-block-paragraph\">Popovici vient de la nage libre, avec une glisse et une \u00e9conomie de mouvement qui ont d\u00e9j\u00e0 marqu\u00e9 le sprint mondial. Marchand, lui, reste identifi\u00e9 comme un nageur complet, capable de transf\u00e9rer sa puissance et sa science de cours sur plusieurs formats. Le choc intrigue parce qu&rsquo;il ne ressemble pas \u00e0 une opposition classique entre deux sp\u00e9cialistes identiques.<\/p>\n\n\n\n<h2 class=\"wp-block-heading\">Pourquoi ce duel peut devenir un feuilleton<\/h2>\n\n\n\n<p class=\"wp-block-paragraph\">Le point fort de cette histoire, c&rsquo;est qu&rsquo;elle n&rsquo;a pas besoin d&rsquo;\u00eatre survendue. Les temps suffisent pour cr\u00e9er la tension. Popovici gagne en 1&rsquo;44\u00a0\u00bb15. Marchand passe en 1&rsquo;43\u00a0\u00bb76 sur relais. Les conditions ne sont pas exactement les m\u00eames, mais l&rsquo;\u00e9cart visuel est assez fort pour lancer une question simple : que donnerait une vraie confrontation directe ?<\/p>\n\n\n\n<p class=\"wp-block-paragraph\">Popovici reste prudent. Il ne pr\u00e9sente pas Marchand comme un adversaire d\u00e9j\u00e0 programm\u00e9, ni comme un duel acte. Il parle d&rsquo;un souhait, d&rsquo;une possibilit\u00e9, d&rsquo;une rivalit\u00e9 qui pourrait na\u00eetre si les deux hommes commencent \u00e0 se croiser sur cette distance.<\/p>\n\n\n\n<p class=\"wp-block-paragraph\">Exemple concret pour le lecteur : imaginez une finale de 200 m avec Marchand et Popovici dans deux lignes voisines. Au d\u00e9part, l&rsquo;un peut chercher \u00e0 imposer son rythme. Aux 100 m, l&rsquo;autre peut revenir gr\u00e2ce \u00e0 sa gestion. Dans la derni\u00e8re longueur, le moindre virage, la moindre coul\u00e9e, la moindre respiration mal plac\u00e9e peut transformer la course. C&rsquo;est ce type de sc\u00e9nario qui rend le face-\u00e0-face aussi lisible pour le grand public.<\/p>\n\n\n\n<p class=\"wp-block-paragraph\">La natation manque parfois de rivalit\u00e9s faciles \u00e0 raconter hors des grands rendez-vous. L\u00e0, elle tient deux noms connus, deux styles, deux trajectoires et une distance assez longue pour construire un vrai r\u00e9cit de course.<\/p>\n\n\n\n<h2 class=\"wp-block-heading\">Popovici avance avec ambition, mais sans se br\u00fbler<\/h2>\n\n\n\n<p class=\"wp-block-paragraph\">L&rsquo;entretien ne tourne pas seulement autour de Marchand. Popovici parle aussi de Pan Zhanle, avec qui il s&rsquo;est entra\u00een\u00e9, et du record du monde du 100 m nage libre. Le Chinois est pr\u00e9sent\u00e9 comme le plus rapide de l&rsquo;histoire sur la distance en 46\u00a0\u00bb40, devant Popovici et ses 46\u00a0\u00bb56.<\/p>\n\n\n\n<p class=\"wp-block-paragraph\">Le Roumain suppose que ce record fait partie de ses grands objectifs. Mais il insiste aussi sur une id\u00e9e plus fine : ne pas consacrer toute sa vie \u00e0 une seule obsession. Il dit vouloir progresser r\u00e9guli\u00e8rement, ajuster les d\u00e9tails au 100 m comme au 200 m, et revenir plus fort \u00e0 l&rsquo;entra\u00eenement.<\/p>\n\n\n\n<p class=\"wp-block-paragraph\">Cette mani\u00e8re de parler compte. Popovici ne vend pas un duel comme une revanche imm\u00e9diate. Il installe une rivalit\u00e9 possible dans une progression plus large. Son discours m\u00e9lange ambition, respect et ma\u00eetrise de soi. C&rsquo;est moins spectaculaire qu&rsquo;une provocation, mais beaucoup plus solide sportivement.<\/p>\n\n\n\n<p class=\"wp-block-paragraph\">Il \u00e9voque aussi son rapport \u00e0 la sant\u00e9 mentale et \u00e0 l&rsquo;\u00e9quilibre personnel. Pour lui, \u00eatre rapide d\u00e9coule d&rsquo;abord d&rsquo;un \u00e9tat int\u00e9rieur stable. Dans un sport o\u00f9 la technique peut se d\u00e9r\u00e9gler au moindre exc\u00e8s de tension, cette phrase n&rsquo;est pas d\u00e9corative. Elle \u00e9claire sa mani\u00e8re d\u2019aborder la pression.<\/p>\n\n\n\n<h2 class=\"wp-block-heading\">Une rivalit\u00e9 encore hypoth\u00e9tique, mais d\u00e9j\u00e0 tr\u00e8s lisible<\/h2>\n\n\n\n<p class=\"wp-block-paragraph\">Le duel <strong>Popovici-Marchand<\/strong> sur 200 m n&rsquo;a pas encore de date confirm\u00e9e dans les \u00e9l\u00e9ments disponibles. C&rsquo;est la limite \u00e0 garder en t\u00eate. Il ne faut donc pas parler d&rsquo;affiche officielle, ni de rendez-vous d\u00e9j\u00e0 fix\u00e9.<\/p>\n\n\n\n<p class=\"wp-block-paragraph\">Mais l\u2019int\u00e9r\u00eat est r\u00e9el. Popovici a donn\u00e9 l&rsquo;image, Marchand a donn\u00e9 le chrono, et le 200 m offre le terrain. Si les deux nageurs se retrouvent un jour dans la m\u00eame finale, la course partira avec un r\u00e9cit d\u00e9j\u00e0 pr\u00eat : deux champions, une distance pi\u00e9geuse, et cette id\u00e9e simple que Popovici a lui-m\u00eame formul\u00e9e, nager l&rsquo;un contre l&rsquo;autre, c\u00f4te \u00e0 c\u00f4te.<\/p>\n\n\n\n<p class=\"wp-block-paragraph\">Pour la natation, ce serait exactement le genre d&rsquo;opposition qui d\u00e9passe les sp\u00e9cialistes. Pas parce qu&rsquo;elle promet n\u00e9cessairement un record ou une domination. Parce qu&rsquo;elle donne envie de regarder chaque longueur.<\/p>\n\n\n\n<pre class=\"wp-block-preformatted\"><\/pre>\n\n\n\n<p class=\"wp-block-paragraph\"><\/p>\n","protected":false},"excerpt":{"rendered":"<p>David Popovici ne parle pas seulement d&rsquo;un duel de prestige avec L\u00e9on Marchand : il dessine d\u00e9j\u00e0 l&rsquo;image tr\u00e8s concr\u00e8te d&rsquo;un 200 m nag\u00e9 \u00ab c\u00f4te \u00e0 c\u00f4te \u00bb, dans une rivalit\u00e9 qui pourrait vite d\u00e9passer le simple chrono. Sur le papier, tout part d&rsquo;un \u00e9cart minuscule et d&rsquo;une phrase qui accroche. Popovici a gagn\u00e9 [&hellip;]<\/p>\n","protected":false},"author":2,"featured_media":54155,"comment_status":"open","ping_status":"open","sticky":false,"template":"","format":"standard","meta":{"_acf_changed":false,"_seopress_robots_primary_cat":"none","_seopress_titles_title":"","_seopress_titles_desc":"","_seopress_robots_index":"","footnotes":""},"categories":[37],"tags":[],"class_list":["post-54152","post","type-post","status-publish","format-standard","has-post-thumbnail","hentry","category-jeux-olympiques-dhiver-2026-milano-cortina"],"acf":[],"_links":{"self":[{"href":"https:\/\/mvz-sports.com\/fr\/wp-json\/wp\/v2\/posts\/54152","targetHints":{"allow":["GET"]}}],"collection":[{"href":"https:\/\/mvz-sports.com\/fr\/wp-json\/wp\/v2\/posts"}],"about":[{"href":"https:\/\/mvz-sports.com\/fr\/wp-json\/wp\/v2\/types\/post"}],"author":[{"embeddable":true,"href":"https:\/\/mvz-sports.com\/fr\/wp-json\/wp\/v2\/users\/2"}],"replies":[{"embeddable":true,"href":"https:\/\/mvz-sports.com\/fr\/wp-json\/wp\/v2\/comments?post=54152"}],"version-history":[{"count":2,"href":"https:\/\/mvz-sports.com\/fr\/wp-json\/wp\/v2\/posts\/54152\/revisions"}],"predecessor-version":[{"id":54157,"href":"https:\/\/mvz-sports.com\/fr\/wp-json\/wp\/v2\/posts\/54152\/revisions\/54157"}],"wp:featuredmedia":[{"embeddable":true,"href":"https:\/\/mvz-sports.com\/fr\/wp-json\/wp\/v2\/media\/54155"}],"wp:attachment":[{"href":"https:\/\/mvz-sports.com\/fr\/wp-json\/wp\/v2\/media?parent=54152"}],"wp:term":[{"taxonomy":"category","embeddable":true,"href":"https:\/\/mvz-sports.com\/fr\/wp-json\/wp\/v2\/categories?post=54152"},{"taxonomy":"post_tag","embeddable":true,"href":"https:\/\/mvz-sports.com\/fr\/wp-json\/wp\/v2\/tags?post=54152"}],"curies":[{"name":"wp","href":"https:\/\/api.w.org\/{rel}","templated":true}]}}