{"id":54158,"date":"2026-08-17T07:15:00","date_gmt":"2026-08-17T05:15:00","guid":{"rendered":"https:\/\/mvz-sports.com\/fr\/?p=54158"},"modified":"2026-08-17T04:02:25","modified_gmt":"2026-08-17T02:02:25","slug":"il-faut-que-tu-vibres-sur-quelque-chose-de-plus-invisible-cette-peur-du-vide-que-florent-manaudou-decrit-montre-lautre-combat-des-champions-apres-la-retraite","status":"publish","type":"post","link":"https:\/\/mvz-sports.com\/fr\/jeux-olympiques-dhiver-2026-milano-cortina\/news\/il-faut-que-tu-vibres-sur-quelque-chose-de-plus-invisible-cette-peur-du-vide-que-florent-manaudou-decrit-montre-lautre-combat-des-champions-apres-la-retraite","title":{"rendered":"\u00ab\u00a0Il faut que tu vibres sur quelque chose de plus invisible\u00a0\u00bb : Cette peur du vide que Florent Manaudou d\u00e9crit montre l\u2019autre combat des champions apr\u00e8s la retraite"},"content":{"rendered":"\n<p class=\"wp-block-paragraph\"><strong>Florent Manaudou ne raconte pas seulement la fin d&rsquo;une carri\u00e8re : il met des mots sur ce moment brutal o\u00f9 un champion doit r\u00e9apprendre \u00e0 exister sans l&rsquo;adr\u00e9naline qui l&rsquo;a port\u00e9 pendant des ann\u00e9es.<\/strong><\/p>\n\n\n\n<p class=\"wp-block-paragraph\"><br>La sc\u00e8ne est forte parce qu&rsquo;elle d\u00e9passe la natation. Lors de ses adieux \u00e0 la comp\u00e9tition, <strong>Manaudou<\/strong> a parl\u00e9 de larmes, de fatigue, de manque d&rsquo;\u00e9lan et de cette peur du vide qui assiste parfois les sportifs quand les bassins, les podiums et les applaudissements s&rsquo;\u00e9loignent.<\/p>\n\n\n\n<p class=\"wp-block-paragraph\">Le nageur fran\u00e7ais ne vend pas une retraite paisible. Il d\u00e9crit plut\u00f4t une zone floue : celle o\u00f9 le corps a tout donn\u00e9, o\u00f9 les r\u00e9sultats ne suffisent plus, mais o\u00f9 aucun nouveau r\u00eave n&rsquo;a encore pris la place de l&rsquo;ancien.<\/p>\n\n\n\n<h2 class=\"wp-block-heading\">Manaudou d\u00e9crit le vide qui arrive quand l&rsquo;intensit\u00e9 dispara\u00eet<\/h2>\n\n\n\n<p class=\"wp-block-paragraph\">Dans son t\u00e9moignage, <strong>Florent Manaudou<\/strong> raconte une d\u00e9cision longue et douloureuse. Il explique avoir v\u00e9cu deux ann\u00e9es compliqu\u00e9es, avec la sensation de stagner et de ne plus r\u00e9ussir \u00e0 se mettre en mouvement, m\u00eame pour des activit\u00e9s qui lui plaisaient auparavant.<\/p>\n\n\n\n<p class=\"wp-block-paragraph\">Ce n&rsquo;est pas le discours habituel du champion qui ferme la porte avec un sourire ma\u00eetris\u00e9. Manaudou parle de canap\u00e9, de fatigue, de difficult\u00e9 \u00e0 se motiver, de journ\u00e9es qui peuvent sembler vides une fois les grands rendez-vous pass\u00e9s.<\/p>\n\n\n\n<p class=\"wp-block-paragraph\">Le contraste est violent. D&rsquo;un c\u00f4t\u00e9, Paris 2024, le r\u00f4le de porte-drapeau, les \u00e9motions collectives, les deux m\u00e9dailles de bronze et l&rsquo;amour du public. De l&rsquo;autre, le retour \u00e0 une natation plus quotidienne, loin de la lumi\u00e8re, avec un corps qui ne r\u00e9pond plus comme avant et des rivaux qui n&rsquo;agent d\u00e9sormais \u00e0 un niveau qu&rsquo;il juge trop haut pour lui.<\/p>\n\n\n\n<p class=\"wp-block-paragraph\">C&rsquo;est l\u00e0 que son cas devient parlant pour beaucoup de champions. La retraite sportive n&rsquo;est pas seulement l&rsquo;arr\u00eat d&rsquo;un m\u00e9tier. C&rsquo;est aussi la perte d&rsquo;un rythme, d&rsquo;une identit\u00e9 et d&rsquo;une dose d&rsquo;intensit\u00e9 que la vie normale ne remplace pas facilement.<\/p>\n\n\n\n<h2 class=\"wp-block-heading\">Le vrai combat commence parfois apr\u00e8s les m\u00e9dailles<\/h2>\n\n\n\n<p class=\"wp-block-paragraph\"><strong>Manaudou<\/strong> formule une id\u00e9e tr\u00e8s dure : le r\u00e9sultat procure une \u00e9motion \u00e9norme, mais courte. Une Marseillaise, une m\u00e9daille, une finale olympique peuvent remplir quelques heures ou quelques jours. Puis le quotidien revient.<\/p>\n\n\n\n<p class=\"wp-block-paragraph\">Cette lucidit\u00e9 casse une image confortable du sport de haut niveau. On imagine souvent que les titres r\u00e8glent tout, que l&rsquo;argent, la reconnaissance et le palmar\u00e8s suffisent pour amortir la suite. Lui dit presque l&rsquo;inverse : m\u00eame avec une carri\u00e8re immense, il faut encore trouver ce qui donne envie de se lever.<\/p>\n\n\n\n<p class=\"wp-block-paragraph\">Le nageur parle d&rsquo;une qu\u00eate qui a chang\u00e9 de forme. D&rsquo;abord les r\u00e9sultats. Puis le bonheur. Puis la paix. Ce glissement est essentiel, parce qu&rsquo;il montre que l&rsquo;apr\u00e8s-carri\u00e8re ne se r\u00e9sume pas \u00e0 choisir une reconversion ou \u00e0 occuper son agenda.<\/p>\n\n\n\n<p class=\"wp-block-paragraph\">Exemple concret : un champion peut passer d&rsquo;un stade plein, d&rsquo;une finale ou d&rsquo;un bassin en fusion \u00e0 une journ\u00e9e banale, chez lui, sans objectif clair. Aller faire un peu de v\u00e9lo, nager tranquillement, rentrer, puis sentir que rien n&rsquo;a vraiment eu le poids \u00e9motionnel d&rsquo;avant. Pour un sportif construit dans l&rsquo;urgence et la performance, ce d\u00e9calage peut devenir vertigineux.<\/p>\n\n\n\n<h2 class=\"wp-block-heading\">\u00ab Vibrer autrement \u00bb, le d\u00e9fi le plus difficile des anciens champions<\/h2>\n\n\n\n<p class=\"wp-block-paragraph\">La phrase la plus forte vient du conseil re\u00e7u par Manaudou : il ne pourra plus vibrer physiquement comme il a vibr\u00e9, il doit d\u00e9sormais vibrer sur quelque chose de plus invisible. Elle r\u00e9sume presque tout le probl\u00e8me.<\/p>\n\n\n\n<p class=\"wp-block-paragraph\">Pour un sprinteur, la vibration a longtemps \u00e9t\u00e9 tr\u00e8s concr\u00e8te : le d\u00e9part, le bassin, le chrono, la finale, la m\u00e9daille. Apr\u00e8s la retraite, elle devient moins mesurable. Transmettre lors de sc\u00e8nes, accompagner ses proches, cr\u00e9er un documentaire, voyager, aider d&rsquo;autres nageurs : tout cela peut compter, mais rien ne remplace automatiquement la tension d&rsquo;une course.<\/p>\n\n\n\n<p class=\"wp-block-paragraph\">Manaudou dit d&rsquo;ailleurs qu&rsquo;il \u00ab r\u00eave d&rsquo;avoir un r\u00eave \u00bb. La formule est simple, mais elle touche juste. Elle d\u00e9crit ce moment o\u00f9 l&rsquo;ancien champion n&rsquo;a pas forc\u00e9ment perdu le go\u00fbt de vivre, mais cherche un nouveau socle, une raison r\u00e9guli\u00e8re de se mettre en mouvement.<\/p>\n\n\n\n<p class=\"wp-block-paragraph\">C&rsquo;est probablement pour cela que son t\u00e9moignage r\u00e9sonne au-del\u00e0 de la natation. La retraite d&rsquo;un sportif n&rsquo;est pas toujours une lib\u00e9ration imm\u00e9diate. Elle peut \u00eatre une reconstruction lente, avec des jours hauts, des jours creux et la n\u00e9cessit\u00e9 d&rsquo;appr\u00e9cier une intensit\u00e9 moins spectaculaire.<\/p>\n\n\n\n<p class=\"wp-block-paragraph\"><strong>Florent Manaudou<\/strong> a pass\u00e9 sa carri\u00e8re \u00e0 chercher la vitesse, la m\u00e9daille et l&rsquo;\u00e9motion pure. Son nouveau d\u00e9fi semble moins visible, mais pas moins exigeant : apprendre \u00e0 donner du poids \u00e0 une vie qui ne sera plus organis\u00e9e autour d&rsquo;un podium.<\/p>\n\n\n\n<p class=\"wp-block-paragraph\"><\/p>\n","protected":false},"excerpt":{"rendered":"<p>Florent Manaudou ne raconte pas seulement la fin d&rsquo;une carri\u00e8re : il met des mots sur ce moment brutal o\u00f9 un champion doit r\u00e9apprendre \u00e0 exister sans l&rsquo;adr\u00e9naline qui l&rsquo;a port\u00e9 pendant des ann\u00e9es. La sc\u00e8ne est forte parce qu&rsquo;elle d\u00e9passe la natation. Lors de ses adieux \u00e0 la comp\u00e9tition, Manaudou a parl\u00e9 de larmes, [&hellip;]<\/p>\n","protected":false},"author":6,"featured_media":54161,"comment_status":"open","ping_status":"open","sticky":false,"template":"","format":"standard","meta":{"_acf_changed":false,"_seopress_robots_primary_cat":"none","_seopress_titles_title":"","_seopress_titles_desc":"","_seopress_robots_index":"","footnotes":""},"categories":[37],"tags":[],"class_list":["post-54158","post","type-post","status-publish","format-standard","has-post-thumbnail","hentry","category-jeux-olympiques-dhiver-2026-milano-cortina"],"acf":[],"_links":{"self":[{"href":"https:\/\/mvz-sports.com\/fr\/wp-json\/wp\/v2\/posts\/54158","targetHints":{"allow":["GET"]}}],"collection":[{"href":"https:\/\/mvz-sports.com\/fr\/wp-json\/wp\/v2\/posts"}],"about":[{"href":"https:\/\/mvz-sports.com\/fr\/wp-json\/wp\/v2\/types\/post"}],"author":[{"embeddable":true,"href":"https:\/\/mvz-sports.com\/fr\/wp-json\/wp\/v2\/users\/6"}],"replies":[{"embeddable":true,"href":"https:\/\/mvz-sports.com\/fr\/wp-json\/wp\/v2\/comments?post=54158"}],"version-history":[{"count":2,"href":"https:\/\/mvz-sports.com\/fr\/wp-json\/wp\/v2\/posts\/54158\/revisions"}],"predecessor-version":[{"id":54163,"href":"https:\/\/mvz-sports.com\/fr\/wp-json\/wp\/v2\/posts\/54158\/revisions\/54163"}],"wp:featuredmedia":[{"embeddable":true,"href":"https:\/\/mvz-sports.com\/fr\/wp-json\/wp\/v2\/media\/54161"}],"wp:attachment":[{"href":"https:\/\/mvz-sports.com\/fr\/wp-json\/wp\/v2\/media?parent=54158"}],"wp:term":[{"taxonomy":"category","embeddable":true,"href":"https:\/\/mvz-sports.com\/fr\/wp-json\/wp\/v2\/categories?post=54158"},{"taxonomy":"post_tag","embeddable":true,"href":"https:\/\/mvz-sports.com\/fr\/wp-json\/wp\/v2\/tags?post=54158"}],"curies":[{"name":"wp","href":"https:\/\/api.w.org\/{rel}","templated":true}]}}