{"id":54164,"date":"2026-08-17T07:59:00","date_gmt":"2026-08-17T05:59:00","guid":{"rendered":"https:\/\/mvz-sports.com\/fr\/?p=54164"},"modified":"2026-08-17T12:59:55","modified_gmt":"2026-08-17T10:59:55","slug":"emilien-jacquelin-na-pas-gagne-la-polynormande-mais-il-a-reussi-son-premier-test-dequipier","status":"publish","type":"post","link":"https:\/\/mvz-sports.com\/fr\/cyclisme\/news\/emilien-jacquelin-na-pas-gagne-la-polynormande-mais-il-a-reussi-son-premier-test-dequipier","title":{"rendered":"\u00c9milien Jacquelin n\u2019a pas gagn\u00e9 la Polynormande, mais il a r\u00e9ussi son premier test d\u2019\u00e9quipier"},"content":{"rendered":"\n<p class=\"wp-block-paragraph\"><strong>\u00c9milien Jacquelin n&rsquo;a pas sign\u00e9 un r\u00e9sultat marquant sur la Polynormande, mais ses d\u00e9buts chez les pros ont racont\u00e9 autre chose : une vraie premi\u00e8re journ\u00e9e d&rsquo;\u00e9quipier.<\/strong><\/p>\n\n\n\n<p class=\"wp-block-paragraph\">La ligne d&rsquo;arriv\u00e9e dit un choix simple : 88e place, \u00e0 11&rsquo;51 du vainqueur <strong>Hugo Page<\/strong>. Pour un ancien champion de biathlon qui d\u00e9couvrait le peloton professionnel sur route, le chiffre peut sembler brutal.<\/p>\n\n\n\n<p class=\"wp-block-paragraph\">Mais ce n&rsquo;est pas vraiment l\u00e0 que se jugeait la course d&rsquo;<strong>\u00c9milien Jacquelin<\/strong>. Recrut\u00e9 en mai comme stagiaire par Decathlon CMA CGM, l&rsquo;Is\u00e9rois de 31 ans arrive sur la Polynormande avec une mission claire : travailler pour ses dirigeants, pas courir pour lui.<\/p>\n\n\n\n<p class=\"wp-block-paragraph\">Et c&rsquo;est pr\u00e9cis\u00e9ment ce qu&rsquo;il a fait. Sur une course disput\u00e9e entre Avranches et Saint-Martin-de-Landelles, dans la Manche, Jacquelin a tenu son r\u00f4le jusqu&rsquo;\u00e0 ce que le rythme finisse par l&rsquo;\u00e9carter \u00e0 47 kilom\u00e8tres de l&rsquo;arriv\u00e9e.<\/p>\n\n\n\n<h2 class=\"wp-block-heading\">Une 88e place qui ne raconte pas toute sa course<\/h2>\n\n\n\n<p class=\"wp-block-paragraph\">Pris isol\u00e9ment, le classement final n&rsquo;a rien d&rsquo;un coup d&rsquo;\u00e9clat. <strong>\u00c9milien Jacquelin<\/strong> termine loin du vainqueur <strong>Hugo Page<\/strong>, qui a r\u00e9gl\u00e9 un groupe d&rsquo;une vingtaine de coureurs au sprint sous les couleurs de Cofidis.<\/p>\n\n\n\n<p class=\"wp-block-paragraph\">Mais dans le v\u00e9lo, surtout pour un coureur lanc\u00e9 dans ses d\u00e9buts professionnels, le r\u00e9sultat brut peut \u00eatre trompeur. Un \u00e9quipier peut r\u00e9ussir sa journ\u00e9e sans appara\u00eetre dans le haut du classement. Son utilit\u00e9 se mesure avant, dans les relais, le placement, la chasse derri\u00e8re les \u00e9chapp\u00e9es et l&rsquo;\u00e9nergie d\u00e9pens\u00e9e pour prot\u00e9ger les ambitions de l&rsquo;\u00e9quipe.<\/p>\n\n\n\n<p class=\"wp-block-paragraph\">Jacquelin a justement pass\u00e9 une grande partie de sa course dans ce registre. Il a \u00e9t\u00e9 pr\u00e9sent \u00e0 l&rsquo;avant du peloton pendant environ 120 kilom\u00e8tres, avec un travail demand\u00e9 par son directeur sportif Nicolas Guill\u00e9. Son r\u00f4le : contribuer au contr\u00f4le des offensives et favoriser les cartes de <strong>Decathlon CMA CGM<\/strong>, notamment Paul Lapeira et Noa Isidore.<\/p>\n\n\n\n<p class=\"wp-block-paragraph\">Cas concret : un lecteur qui ouvre seulement le classement voit une 88e place. Un directeur sportif, lui, regarde d&rsquo;abord si le n\u00e9o-pro a roul\u00e9 quand il le fallait, s&rsquo;il a respect\u00e9 la consigne, s&rsquo;il a prot\u00e9g\u00e9 les dirigeants et s&rsquo;il a fini proprement apr\u00e8s avoir d\u00e9croch\u00e9. Sur ce plan, la journ\u00e9e de Jacquelin a plus de valeur qu&rsquo;un simple sonn\u00e9 final.<\/p>\n\n\n\n<h2 class=\"wp-block-heading\">Jacquelin a chang\u00e9 de logique : du leader solitaire au collectif<\/h2>\n\n\n\n<p class=\"wp-block-paragraph\">Le d\u00e9tail le plus int\u00e9ressant tient peut-\u00eatre \u00e0 ce changement de logiciel. En biathlon, \u00c9milien Jacquelin a longtemps \u00e9volu\u00e9 avec une responsabilit\u00e9 centr\u00e9e sur sa propre performance. M\u00eame dans un sport d&rsquo;\u00e9quipe nationale, le cours individuel impose un rapport tr\u00e8s personnel au r\u00e9sultat.<\/p>\n\n\n\n<p class=\"wp-block-paragraph\">Sur la route, sa premi\u00e8re mission professionnelle l&rsquo;a plac\u00e9e dans un r\u00f4le inverse. Il ne s&rsquo;agissait pas d&rsquo;exister pour son propre classement, mais de mettre son moteur au service d&rsquo;un sc\u00e9nario collectif.<\/p>\n\n\n\n<p class=\"wp-block-paragraph\">La veille de l&rsquo;\u00e9preuve, il Explique avoir envie de donner le maximum pour le collectif, tout en reconnaissant que cette logique pouvait para\u00eetre nouvelle par rapport au biathlon, o\u00f9 il se consid\u00e9rerait davantage comme son propre leader. La Polynormande a donn\u00e9 un premier test de grandeur nature \u00e0 cette bascule.<\/p>\n\n\n\n<p class=\"wp-block-paragraph\">Ce test n\u2019\u00e9tait pas simple. Le cours s&rsquo;inscrivait dans un cadre performant relev\u00e9, pr\u00e9sent\u00e9 par le corpus contexte comme une manche de Coupe de France de cyclisme sur route. Pour un coureur qui d\u00e9barque du biathlon, ce n&rsquo;est pas une sortie d&rsquo;entra\u00eenement am\u00e9lior\u00e9e. C&rsquo;est un peloton professionnel, avec ses acc\u00e9l\u00e9rations, ses placements et ses moments o\u00f9 l&rsquo;on paie imm\u00e9diatement l&rsquo;effort fourni plus t\u00f4t.<\/p>\n\n\n\n<p class=\"wp-block-paragraph\">Quand Jacquelin a \u00e9t\u00e9 l\u00e2ch\u00e9 \u00e0 47 kilom\u00e8tres de l&rsquo;arriv\u00e9e, cela n&rsquo;a pas effac\u00e9 son travail. Cela a plut\u00f4t montr\u00e9 la limite logique d&rsquo;un coureur en apprentissage, utilis\u00e9 t\u00f4t dans la course et charg\u00e9 d&rsquo;un boulot \u00e9nergivore.<\/p>\n\n\n\n<h2 class=\"wp-block-heading\">Decathlon CMA CGM n&rsquo;a pas gagn\u00e9, mais le test reste utile<\/h2>\n\n\n\n<p class=\"wp-block-paragraph\"><strong>Decathlon CMA CGM<\/strong> visa plus qu&rsquo;une belle histoire autour de <strong>Jacquelin<\/strong>. L&rsquo;\u00e9quipe sortait de deux victoires cons\u00e9cutives sur la <strong>Polynormande<\/strong>, avec Paul Lapeira en 2024 puis Nicolas Prodhomme en 2025, et a voulu prolonger cette dynamique.<\/p>\n\n\n\n<p class=\"wp-block-paragraph\">Apr\u00e8s le d\u00e9crochage de Jacquelin, <strong>Paul Lapeira<\/strong> et Noa Isidore ont encore tent\u00e9 de peser sur la course. La finale s&rsquo;est jou\u00e9e dans un groupe d&rsquo;une vingtaine de coureurs. Lapeira a lanc\u00e9 le sprint pour Isidore, finalement 4e, tandis que Lapeira a pris la 13e place.<\/p>\n\n\n\n<p class=\"wp-block-paragraph\">La victoire est revenue \u00e0 Hugo Page, devant Sandy Dujardin. Ce dernier a termin\u00e9 deuxi\u00e8me avant de mettre fin \u00e0 sa saison, une op\u00e9ration d&rsquo;une endofibrose de l&rsquo;art\u00e8re iliaque \u00e9tant annonc\u00e9e prochainement.<\/p>\n\n\n\n<p class=\"wp-block-paragraph\">Pour Jacquelin, la suite va arriver vite. Son programme pr\u00e9voit le Tour du Limousin d\u00e8s mardi 18 ao\u00fbt, sur quatre \u00e9tapes, puis l&rsquo;\u00e9preuve en ligne des Jeux m\u00e9diterran\u00e9ens le 24 ao\u00fbt. Ce calendrier donnera une indication plus solide que la seule Polynormande : sa capacit\u00e9 \u00e0 r\u00e9p\u00e9ter les efforts, \u00e0 apprendre les codes du peloton et \u00e0 tenir un r\u00f4le d&rsquo;\u00e9quipe sur plusieurs jours.<\/p>\n\n\n\n<p class=\"wp-block-paragraph\">Son premier test ne dit donc pas qu&rsquo;il est d\u00e9j\u00e0 install\u00e9 dans le cyclisme professionnel. Il dit autre chose, plus pr\u00e9cis : pour une premi\u00e8re course, Jacquelin a accept\u00e9 le r\u00f4le ingrat, a roul\u00e9 pour les autres et a termin\u00e9. Dans une reconversion \u00e9galement r\u00e9v\u00e9l\u00e9e, c&rsquo;est d\u00e9j\u00e0 un signal s\u00e9rieux.<\/p>\n\n\n\n<pre class=\"wp-block-preformatted\"><\/pre>\n\n\n\n<p class=\"wp-block-paragraph\"><\/p>\n","protected":false},"excerpt":{"rendered":"<p>\u00c9milien Jacquelin n&rsquo;a pas sign\u00e9 un r\u00e9sultat marquant sur la Polynormande, mais ses d\u00e9buts chez les pros ont racont\u00e9 autre chose : une vraie premi\u00e8re journ\u00e9e d&rsquo;\u00e9quipier. La ligne d&rsquo;arriv\u00e9e dit un choix simple : 88e place, \u00e0 11&rsquo;51 du vainqueur Hugo Page. Pour un ancien champion de biathlon qui d\u00e9couvrait le peloton professionnel sur [&hellip;]<\/p>\n","protected":false},"author":2,"featured_media":54167,"comment_status":"open","ping_status":"open","sticky":false,"template":"","format":"standard","meta":{"_acf_changed":false,"_seopress_robots_primary_cat":"none","_seopress_titles_title":"","_seopress_titles_desc":"","_seopress_robots_index":"","footnotes":""},"categories":[38],"tags":[],"class_list":["post-54164","post","type-post","status-publish","format-standard","has-post-thumbnail","hentry","category-cyclisme"],"acf":[],"_links":{"self":[{"href":"https:\/\/mvz-sports.com\/fr\/wp-json\/wp\/v2\/posts\/54164","targetHints":{"allow":["GET"]}}],"collection":[{"href":"https:\/\/mvz-sports.com\/fr\/wp-json\/wp\/v2\/posts"}],"about":[{"href":"https:\/\/mvz-sports.com\/fr\/wp-json\/wp\/v2\/types\/post"}],"author":[{"embeddable":true,"href":"https:\/\/mvz-sports.com\/fr\/wp-json\/wp\/v2\/users\/2"}],"replies":[{"embeddable":true,"href":"https:\/\/mvz-sports.com\/fr\/wp-json\/wp\/v2\/comments?post=54164"}],"version-history":[{"count":1,"href":"https:\/\/mvz-sports.com\/fr\/wp-json\/wp\/v2\/posts\/54164\/revisions"}],"predecessor-version":[{"id":54168,"href":"https:\/\/mvz-sports.com\/fr\/wp-json\/wp\/v2\/posts\/54164\/revisions\/54168"}],"wp:featuredmedia":[{"embeddable":true,"href":"https:\/\/mvz-sports.com\/fr\/wp-json\/wp\/v2\/media\/54167"}],"wp:attachment":[{"href":"https:\/\/mvz-sports.com\/fr\/wp-json\/wp\/v2\/media?parent=54164"}],"wp:term":[{"taxonomy":"category","embeddable":true,"href":"https:\/\/mvz-sports.com\/fr\/wp-json\/wp\/v2\/categories?post=54164"},{"taxonomy":"post_tag","embeddable":true,"href":"https:\/\/mvz-sports.com\/fr\/wp-json\/wp\/v2\/tags?post=54164"}],"curies":[{"name":"wp","href":"https:\/\/api.w.org\/{rel}","templated":true}]}}