{"id":54170,"date":"2026-08-17T10:01:00","date_gmt":"2026-08-17T08:01:00","guid":{"rendered":"https:\/\/mvz-sports.com\/fr\/?p=54170"},"modified":"2026-08-17T04:24:16","modified_gmt":"2026-08-17T02:24:16","slug":"du-haut-de-ses-16-ans-elena-colas-repart-avec-quatre-medailles-pour-ses-premiers-europe-seniors-et-donne-envie-de-regarder-la-suite","status":"publish","type":"post","link":"https:\/\/mvz-sports.com\/fr\/jeux-olympiques-dhiver-2026-milano-cortina\/news\/du-haut-de-ses-16-ans-elena-colas-repart-avec-quatre-medailles-pour-ses-premiers-europe-seniors-et-donne-envie-de-regarder-la-suite","title":{"rendered":"Du haut de ses 16 ans, Elena Colas repart avec quatre m\u00e9dailles pour ses premiers Europe seniors et donne envie de regarder la suite"},"content":{"rendered":"\n<p class=\"wp-block-paragraph\"><strong>Elena Colas quitte Zagreb avec un bilan rare : quatre m\u00e9dailles pour ses premiers Championnats d&rsquo;Europe seniors, et un r\u00f4le d\u00e9j\u00e0 central dans le podium collectif des Bleues.<\/strong><\/p>\n\n\n\n<p class=\"wp-block-paragraph\">\u00c0 16 ans, la gymnaste fran\u00e7aise a termin\u00e9 sa semaine europ\u00e9enne avec une nouvelle m\u00e9daille de bronze, cette fois par \u00e9quipes avec la France. Le r\u00e9sultat donne une autre dimension \u00e0 ses premiers Europe seniors : <strong>Elena Colas<\/strong> n&rsquo;a pas seulement brillant sur une finale, elle a r\u00e9pondu pr\u00e9sente sur toute la comp\u00e9tition.<\/p>\n\n\n\n<p class=\"wp-block-paragraph\">Son total parle vite. <strong>Bronze<\/strong> au concours g\u00e9n\u00e9ral individuel, ou \u00e0 la poutre, argent au sol, puis bronze par \u00e9quipes. Quatre \u00e9preuves disput\u00e9es, quatre podiums. Pour une premi\u00e8re saison chez les seniors, c&rsquo;est un encha\u00eenement qui installe d\u00e9j\u00e0 son nom au c\u0153ur de la gymnastique fran\u00e7aise.<\/p>\n\n\n\n<h2 class=\"wp-block-heading\">Quatre m\u00e9dailles en quatre \u00e9preuves pour Elena Colas<\/h2>\n\n\n\n<p class=\"wp-block-paragraph\">Le parcours d&rsquo;<strong>Elena Colas<\/strong> \u00e0 Zagreb a commenc\u00e9 fort avec une m\u00e9daille de bronze au concours g\u00e9n\u00e9ral individuel. Elle a ensuite confirm\u00e9 dans les finales par appareil, avec un titre europ\u00e9en \u00e0 la poutre samedi, puis une m\u00e9daille d&rsquo;argent au sol dans la foul\u00e9e.<\/p>\n\n\n\n<p class=\"wp-block-paragraph\">La derni\u00e8re m\u00e9daille est arriv\u00e9e dimanche avec l&rsquo;\u00e9quipe de France f\u00e9minine. Les Bleues ont pris la troisi\u00e8me place du concours par \u00e9quipes, offrant \u00e0 Colas une quatri\u00e8me m\u00e9daille dans ces Championnats d&rsquo;Europe. Le symbole est puissant : elle d\u00e9couvrait ce niveau senior continental, mais elle en repart avec un podium \u00e0 chaque sortie majeure.<\/p>\n\n\n\n<p class=\"wp-block-paragraph\">La gymnaste d&rsquo;Avoine-Beaumont, championne de France en juin, change donc de statut en quelques jours. Elle n&rsquo;est plus seulement une promesse tr\u00e8s suivie. Elle devient une gymnaste capable de tenir la pression d&rsquo;un concours complet, puis de revenir performer dans les finales et dans l&rsquo;\u00e9preuve collective.<\/p>\n\n\n\n<p class=\"wp-block-paragraph\">Pour un lecteur qui n&rsquo;a vu passer que le r\u00e9sultat par \u00e9quipes, le d\u00e9tail important est l\u00e0 : cette m\u00e9daille de bronze ne vient pas isoler une belle journ\u00e9e fran\u00e7aise. Elle conclut une semaine compl\u00e8te o\u00f9 Colas a \u00e9t\u00e9 pr\u00e9sent partout, du concours g\u00e9n\u00e9ral \u00e0 la poutre, du sol aux barres asym\u00e9triques.<\/p>\n\n\n\n<h2 class=\"wp-block-heading\">Le bronze des Bleues, port\u00e9 par une finale sous pression<\/h2>\n\n\n\n<p class=\"wp-block-paragraph\">L&rsquo;\u00e9quipe de France f\u00e9minine a termin\u00e9 avec 159 263 points \u00e0 l&rsquo;issue des quatre agr\u00e8s : poutre, sol, barres asym\u00e9triques et saut. Le podium n&rsquo;a pourtant pas \u00e9t\u00e9 simple \u00e0 s\u00e9curiser, puisque les Fran\u00e7aises ont d\u00fb composer avec deux chutes pendant la finale.<\/p>\n\n\n\n<p class=\"wp-block-paragraph\">Dans ce contexte, le passage d&rsquo;<strong>Elena Colas<\/strong> aux barres asym\u00e9triques a pes\u00e9 lourd. Sa note de 14 600 a apport\u00e9 un vrai point d&rsquo;appui au collectif fran\u00e7ais. Elle \u00e9tait aussi la seule Tricolore engag\u00e9e sur les quatre agr\u00e8s dimanche, signe de la confiance d\u00e9j\u00e0 plac\u00e9e en elle malgr\u00e9 son jeune \u00e2ge.<\/p>\n\n\n\n<p class=\"wp-block-paragraph\">La Russie, engag\u00e9e sous banni\u00e8re neutre, a domin\u00e9 la finale avec 165 430 points. L&rsquo;Italie, emmen\u00e9e par Manila Esposito, a pris l&rsquo;argent avec 161 796 points. Derri\u00e8re, la France a gard\u00e9 sa place sur le podium europ\u00e9en, comme en 2024 et 2025.<\/p>\n\n\n\n<p class=\"wp-block-paragraph\">Ce troisi\u00e8me bronze cons\u00e9cutif par \u00e9quipes confirme une forme de stabilit\u00e9 fran\u00e7aise au niveau continental. Lorette Charpy et Morgane Osyssek-Reimer avaient d\u00e9j\u00e0 connu les deux podiums pr\u00e9c\u00e9dents. Cette fois, le groupe ajoute aussi deux tr\u00e8s jeunes m\u00e9daill\u00e9es chez les seniors, Lola Chassat et Ma\u00efana Prat, toutes deux \u00e2g\u00e9es de 16 ans.<\/p>\n\n\n\n<h2 class=\"wp-block-heading\">Pourquoi cette semaine peut compter pour la gymnastique fran\u00e7aise<\/h2>\n\n\n\n<p class=\"wp-block-paragraph\">Le bilan d&rsquo;<strong>Elena Colas<\/strong> d\u00e9passe la simple addition de m\u00e9dailles. Une gymnaste de 16 ans qui monte quatre fois sur le podium lors de ses premiers Europe seniors donne un signal rare : la transition depuis les cat\u00e9gories jeunes peut \u00eatre rapide, mais surtout comp\u00e9titive tout de suite.<\/p>\n\n\n\n<p class=\"wp-block-paragraph\">Le collectif bronze ajoute une couche importante \u00e0 cette conf\u00e9rence. En gymnastique, une performance individuelle forte tenue souvent la lumi\u00e8re. Une contribution r\u00e9ussie dans une finale par \u00e9quipes raconte autre chose : la capacit\u00e9 \u00e0 servir un r\u00e9sultat commun, dans un format o\u00f9 chaque passage peut faire basculer le classement.<\/p>\n\n\n\n<p class=\"wp-block-paragraph\">La France termine \u00e9galement ces Championnats d&rsquo;Europe avec une sixi\u00e8me m\u00e9daille par \u00e9quipes dans son histoire chez les femmes, dont cinq en bronze et une en argent. Ce n&rsquo;est pas encore la marche la plus haute, mais la r\u00e9p\u00e9tition des podiums montre que les Bleues restent install\u00e9es dans la bataille europ\u00e9enne.<\/p>\n\n\n\n<p class=\"wp-block-paragraph\">Pour Elena Colas, cette semaine \u00e0 Zagreb devient d\u00e9j\u00e0 un rep\u00e8re. Elle a gagn\u00e9, elle a confirm\u00e9, puis elle a conclu avec son \u00e9quipe. C&rsquo;est souvent ce genre de comp\u00e9tition qui fait passer une jeune athl\u00e8te d&rsquo;un statut de talent annonc\u00e9 \u00e0 celui de figure attendue.<\/p>\n\n\n\n<p class=\"wp-block-paragraph\">La suite demandera \u00e9videmment de la r\u00e9gularit\u00e9, car la gymnastique ne pardonne pas les trajectoires trop vite emball\u00e9es. Mais sur ces Championnats d&rsquo;Europe, le constat sportif est net : <strong>Elena Colas<\/strong> a r\u00e9ussi ses d\u00e9buts seniors europ\u00e9ens avec une densit\u00e9 que peu d&rsquo;athl\u00e8tes peuvent revendiquer.<\/p>\n\n\n\n<pre class=\"wp-block-preformatted\"><\/pre>\n\n\n\n<p class=\"wp-block-paragraph\"><\/p>\n","protected":false},"excerpt":{"rendered":"<p>Elena Colas quitte Zagreb avec un bilan rare : quatre m\u00e9dailles pour ses premiers Championnats d&rsquo;Europe seniors, et un r\u00f4le d\u00e9j\u00e0 central dans le podium collectif des Bleues. \u00c0 16 ans, la gymnaste fran\u00e7aise a termin\u00e9 sa semaine europ\u00e9enne avec une nouvelle m\u00e9daille de bronze, cette fois par \u00e9quipes avec la France. Le r\u00e9sultat donne [&hellip;]<\/p>\n","protected":false},"author":6,"featured_media":54173,"comment_status":"open","ping_status":"open","sticky":false,"template":"","format":"standard","meta":{"_acf_changed":false,"_seopress_robots_primary_cat":"none","_seopress_titles_title":"","_seopress_titles_desc":"","_seopress_robots_index":"","footnotes":""},"categories":[37],"tags":[],"class_list":["post-54170","post","type-post","status-publish","format-standard","has-post-thumbnail","hentry","category-jeux-olympiques-dhiver-2026-milano-cortina"],"acf":[],"_links":{"self":[{"href":"https:\/\/mvz-sports.com\/fr\/wp-json\/wp\/v2\/posts\/54170","targetHints":{"allow":["GET"]}}],"collection":[{"href":"https:\/\/mvz-sports.com\/fr\/wp-json\/wp\/v2\/posts"}],"about":[{"href":"https:\/\/mvz-sports.com\/fr\/wp-json\/wp\/v2\/types\/post"}],"author":[{"embeddable":true,"href":"https:\/\/mvz-sports.com\/fr\/wp-json\/wp\/v2\/users\/6"}],"replies":[{"embeddable":true,"href":"https:\/\/mvz-sports.com\/fr\/wp-json\/wp\/v2\/comments?post=54170"}],"version-history":[{"count":2,"href":"https:\/\/mvz-sports.com\/fr\/wp-json\/wp\/v2\/posts\/54170\/revisions"}],"predecessor-version":[{"id":54175,"href":"https:\/\/mvz-sports.com\/fr\/wp-json\/wp\/v2\/posts\/54170\/revisions\/54175"}],"wp:featuredmedia":[{"embeddable":true,"href":"https:\/\/mvz-sports.com\/fr\/wp-json\/wp\/v2\/media\/54173"}],"wp:attachment":[{"href":"https:\/\/mvz-sports.com\/fr\/wp-json\/wp\/v2\/media?parent=54170"}],"wp:term":[{"taxonomy":"category","embeddable":true,"href":"https:\/\/mvz-sports.com\/fr\/wp-json\/wp\/v2\/categories?post=54170"},{"taxonomy":"post_tag","embeddable":true,"href":"https:\/\/mvz-sports.com\/fr\/wp-json\/wp\/v2\/tags?post=54170"}],"curies":[{"name":"wp","href":"https:\/\/api.w.org\/{rel}","templated":true}]}}