{"id":54191,"date":"2026-08-17T19:30:00","date_gmt":"2026-08-17T17:30:00","guid":{"rendered":"https:\/\/mvz-sports.com\/fr\/?p=54191"},"modified":"2026-08-17T13:39:18","modified_gmt":"2026-08-17T11:39:18","slug":"jetais-completement-epuise-derriere-la-quatrieme-place-de-paul-seixas-le-tour-a-laisse-une-trace-profonde-chez-lathlete-de-19-ans","status":"publish","type":"post","link":"https:\/\/mvz-sports.com\/fr\/cyclisme\/news\/jetais-completement-epuise-derriere-la-quatrieme-place-de-paul-seixas-le-tour-a-laisse-une-trace-profonde-chez-lathlete-de-19-ans","title":{"rendered":"\u00ab J\u2019\u00e9tais compl\u00e8tement \u00e9puis\u00e9 \u00bb : derri\u00e8re la quatri\u00e8me place de Paul Seixas, le Tour a laiss\u00e9 une trace profonde chez l\u2019athl\u00e8te de 19 ans"},"content":{"rendered":"\n<p class=\"wp-block-paragraph\"><strong>Paul Seixas n&rsquo;a pas seulement d\u00e9nich\u00e9 une quatri\u00e8me place sur le Tour de France : \u00e0 19 ans, il a surtout d\u00e9couvert ce que trois semaines de tension peuvent laisser dans la t\u00eate.<\/strong><\/p>\n\n\n\n<p class=\"wp-block-paragraph\">Sur le papier, son Tour de France 2026 ressemble \u00e0 une bascule majeure. Quatri\u00e8me du classement g\u00e9n\u00e9ral avec <strong>Decathlon CMA<\/strong> CGM, pour sa premi\u00e8re Grande Boucle, le Fran\u00e7ais a confirm\u00e9 un statut immense pour son \u00e2ge.<\/p>\n\n\n\n<p class=\"wp-block-paragraph\">Mais derri\u00e8re le r\u00e9sultat, le r\u00e9cit est moins simple. Trois semaines apr\u00e8s l&rsquo;arriv\u00e9e, <strong>Paul Seixas<\/strong> a racont\u00e9 une fatigue profonde, avec une phrase qui dit beaucoup : \u00ab Apr\u00e8s le Tour, j&rsquo;\u00e9tais compl\u00e8tement \u00e9puis\u00e9 \u00bb.<\/p>\n\n\n\n<h2 class=\"wp-block-heading\">Une quatri\u00e8me place qui cache un vrai co\u00fbt mental<\/h2>\n\n\n\n<p class=\"wp-block-paragraph\"><strong>Paul Seixas<\/strong> n&rsquo;a pas seulement d\u00e9couvert le Tour. Il a d\u00e9couvert un cours de trois semaines, avec tout ce que cela impose \u00e0 un coureur encore adolescent : r\u00e9cup\u00e9rer, r\u00e9pondre \u00e0 la pression, rester concentr\u00e9, recommencer le lendemain.<\/p>\n\n\n\n<p class=\"wp-block-paragraph\">Le plus frappant dans son retour, ce n&rsquo;est pas la fatigue physique. Elle \u00e9tait attendue apr\u00e8s une Grande Boucle. Ce qui ressort surtout, c&rsquo;est l&rsquo;usure mentale accumul\u00e9e jour apr\u00e8s jour.<\/p>\n\n\n\n<p class=\"wp-block-paragraph\">Le coureur a expliqu\u00e9 qu&rsquo;en fin de Tour, la difficult\u00e9 se situait davantage \u00ab dans la t\u00eate que dans les jambes \u00bb. \u00catre nerveux chaque jour avant les \u00e9tapes, pendant trois semaines, fini par utilisateur. C&rsquo;est une phrase rare, parce qu&rsquo;elle casse un peu l&rsquo;image du prodige seulement port\u00e9e par son talent.<\/p>\n\n\n\n<p class=\"wp-block-paragraph\">Cas concret : pour un jeune coureur qui joue le g\u00e9n\u00e9ral, une journ\u00e9e sans chute ni d\u00e9faut n&rsquo;est pas forc\u00e9ment une journ\u00e9e l\u00e9g\u00e8re. Il faut g\u00e9rer le placement, la nutrition, les attentes m\u00e9diatiques, les consignes d&rsquo;\u00e9quipe, puis recommencer le lendemain avec le m\u00eame niveau d&rsquo;alerte. \u00c0 ce rythme, la r\u00e9cup\u00e9ration ne se joue pas seulement au niveau musculaire.<\/p>\n\n\n\n<h2 class=\"wp-block-heading\">Pourquoi Seixas a choisi de rester dans sa bulle<\/h2>\n\n\n\n<p class=\"wp-block-paragraph\">Pour tenir, <strong>Paul Seixas<\/strong> a limit\u00e9 ses interviews pendant l&rsquo;\u00e9preuve. Ce d\u00e9tail compte, parce qu&rsquo;il montre une gestion d\u00e9j\u00e0 tr\u00e8s consciente de l&rsquo;environnement autour de lui.<\/p>\n\n\n\n<p class=\"wp-block-paragraph\">Sur le Tour, le bruit ne vient pas uniquement de la route. Il vient aussi des sollicitations, des attentes autour d&rsquo;un jeune Fran\u00e7ais qui grimpe au classement, des projections imm\u00e9diates et de la pression que cela ajoute \u00e0 chaque \u00e9tape.<\/p>\n\n\n\n<p class=\"wp-block-paragraph\">Sa quatri\u00e8me place n&rsquo;efface donc pas la charge encaiss\u00e9e. Elle la rend m\u00eame plus visible. Plus un coureur reste haut au g\u00e9n\u00e9ral, plus il doit vivre avec l&rsquo;id\u00e9e que chaque journ\u00e9e peut faire basculer son Tour. \u00c0 19 ans, pour une premi\u00e8re exp\u00e9rience sur trois semaines, cette tension p\u00e8se lourd.<\/p>\n\n\n\n<p class=\"wp-block-paragraph\">Le point int\u00e9ressant, c&rsquo;est que Seixas ne pr\u00e9sente pas cette fatigue comme une alerte durable. Il dit avoir r\u00e9cup\u00e9r\u00e9 aupr\u00e8s de sa famille et de ses amis, et affirme se sentir de nouveau bien, avec l&rsquo;impression d&rsquo;avoir retrouv\u00e9 des forces.<\/p>\n\n\n\n<h2 class=\"wp-block-heading\">Les Mondiaux de Montr\u00e9al comme prochain test<\/h2>\n\n\n\n<p class=\"wp-block-paragraph\">La suite est d\u00e9j\u00e0 trac\u00e9e : <strong>Paul Seixas<\/strong> regarde vers les championnats du monde de Montr\u00e9al, programm\u00e9s du 20 au 27 septembre. Il y voit une occasion de prolonger sa progression apr\u00e8s le Tour.<\/p>\n\n\n\n<p class=\"wp-block-paragraph\">Son objectif reste formul\u00e9 avec prudence. Il esp\u00e8re \u00ab secr\u00e8tement progresser par rapport au Tour de France \u00bb, une mani\u00e8re de dire qu&rsquo;il ne veut pas seulement confirmer, mais aussi transformer cette premi\u00e8re exp\u00e9rience en avantage.<\/p>\n\n\n\n<p class=\"wp-block-paragraph\">C&rsquo;est l\u00e0 que son \u00e9t\u00e9 devient int\u00e9ressant pour le <a href=\"https:\/\/mvz-sports.com\/fr\/cyclisme\">cyclisme<\/a> fran\u00e7ais. La quatri\u00e8me place donne un r\u00e9sultat. L&rsquo;apr\u00e8s-Tour donne une information plus profonde : Seixas a touch\u00e9 la limite mentale d&rsquo;une Grande Boucle, l&rsquo;a identifi\u00e9e, puis semble d\u00e9j\u00e0 capable de la dig\u00e9rer.<\/p>\n\n\n\n<p class=\"wp-block-paragraph\">Pour un coureur de 19 ans, ce n&rsquo;est pas un d\u00e9tail. Le talent permet de briller sur une \u00e9tape ou une semaine. La capacit\u00e9 \u00e0 encaisser trois semaines, puis \u00e0 repartir vers un autre objectif, raconte un autre choix : une construction de coureur de tr\u00e8s haut niveau.<\/p>\n\n\n\n<p class=\"wp-block-paragraph\"><\/p>\n","protected":false},"excerpt":{"rendered":"<p>Paul Seixas n&rsquo;a pas seulement d\u00e9nich\u00e9 une quatri\u00e8me place sur le Tour de France : \u00e0 19 ans, il a surtout d\u00e9couvert ce que trois semaines de tension peuvent laisser dans la t\u00eate. Sur le papier, son Tour de France 2026 ressemble \u00e0 une bascule majeure. Quatri\u00e8me du classement g\u00e9n\u00e9ral avec Decathlon CMA CGM, pour [&hellip;]<\/p>\n","protected":false},"author":2,"featured_media":54194,"comment_status":"open","ping_status":"open","sticky":false,"template":"","format":"standard","meta":{"_acf_changed":false,"_seopress_robots_primary_cat":"none","_seopress_titles_title":"","_seopress_titles_desc":"","_seopress_robots_index":"","footnotes":""},"categories":[38],"tags":[],"class_list":["post-54191","post","type-post","status-publish","format-standard","has-post-thumbnail","hentry","category-cyclisme"],"acf":[],"_links":{"self":[{"href":"https:\/\/mvz-sports.com\/fr\/wp-json\/wp\/v2\/posts\/54191","targetHints":{"allow":["GET"]}}],"collection":[{"href":"https:\/\/mvz-sports.com\/fr\/wp-json\/wp\/v2\/posts"}],"about":[{"href":"https:\/\/mvz-sports.com\/fr\/wp-json\/wp\/v2\/types\/post"}],"author":[{"embeddable":true,"href":"https:\/\/mvz-sports.com\/fr\/wp-json\/wp\/v2\/users\/2"}],"replies":[{"embeddable":true,"href":"https:\/\/mvz-sports.com\/fr\/wp-json\/wp\/v2\/comments?post=54191"}],"version-history":[{"count":2,"href":"https:\/\/mvz-sports.com\/fr\/wp-json\/wp\/v2\/posts\/54191\/revisions"}],"predecessor-version":[{"id":54196,"href":"https:\/\/mvz-sports.com\/fr\/wp-json\/wp\/v2\/posts\/54191\/revisions\/54196"}],"wp:featuredmedia":[{"embeddable":true,"href":"https:\/\/mvz-sports.com\/fr\/wp-json\/wp\/v2\/media\/54194"}],"wp:attachment":[{"href":"https:\/\/mvz-sports.com\/fr\/wp-json\/wp\/v2\/media?parent=54191"}],"wp:term":[{"taxonomy":"category","embeddable":true,"href":"https:\/\/mvz-sports.com\/fr\/wp-json\/wp\/v2\/categories?post=54191"},{"taxonomy":"post_tag","embeddable":true,"href":"https:\/\/mvz-sports.com\/fr\/wp-json\/wp\/v2\/tags?post=54191"}],"curies":[{"name":"wp","href":"https:\/\/api.w.org\/{rel}","templated":true}]}}