{"id":54203,"date":"2026-08-17T16:15:00","date_gmt":"2026-08-17T14:15:00","guid":{"rendered":"https:\/\/mvz-sports.com\/fr\/?p=54203"},"modified":"2026-08-17T13:57:02","modified_gmt":"2026-08-17T11:57:02","slug":"les-gens-nosent-pas-parler-philippe-sella-met-des-mots-sur-une-peur-encore-tres-presente-dans-le-rugby","status":"publish","type":"post","link":"https:\/\/mvz-sports.com\/fr\/rugby\/news\/les-gens-nosent-pas-parler-philippe-sella-met-des-mots-sur-une-peur-encore-tres-presente-dans-le-rugby","title":{"rendered":"\u00ab Les gens n\u2019osent pas parler \u00bb : Philippe Sella met des mots sur une peur encore tr\u00e8s pr\u00e9sente dans le rugby"},"content":{"rendered":"\n<p class=\"wp-block-paragraph\"><strong>Philippe Sella ne parle pas seulement de ses souvenirs ab\u00eem\u00e9s : il pointe aussi ce silence qui entoure encore trop souvent les probl\u00e8mes de sant\u00e9 dans le rugby.<\/strong><\/p>\n\n\n\n<p class=\"wp-block-paragraph\">L&rsquo;ancien centre du XV de France, 111 s\u00e9lections entre 1982 et 1996, a racont\u00e9 ses troubles de m\u00e9moire, ses examens m\u00e9dicaux et les \u00e9preuves travers\u00e9es ces derni\u00e8res ann\u00e9es. Le sujet est intime, mais il d\u00e9passe largement son seul cas.<\/p>\n\n\n\n<p class=\"wp-block-paragraph\">\u00c0 64 ans, <strong>Philippe Sella<\/strong> dit faire face \u00e0 des probl\u00e8mes de m\u00e9moire imm\u00e9diate. Il garde des souvenirs anciens, mais reconna\u00eet aussi que certains passages de sa carri\u00e8re ont disparu. Sa phrase sur ceux qui \u00ab n&rsquo;osent pas parler \u00bb r\u00e9sume une crainte encore tr\u00e8s pr\u00e9sente dans le rugby : dire que quelque chose ne va pas.<\/p>\n\n\n\n<h2 class=\"wp-block-heading\">Philippe Sella raconte une m\u00e9moire qui ne r\u00e9pond plus toujours<\/h2>\n\n\n\n<p class=\"wp-block-paragraph\"><strong>Philippe Sella<\/strong> explique avoir moins de difficult\u00e9s avec la m\u00e9moire \u00e0 long terme qu&rsquo;avec la m\u00e9moire imm\u00e9diate. Le d\u00e9tail est important, car il ne d\u00e9crit pas un simple trou noir isol\u00e9 ou une anecdote de vestiaire. Il parle d&rsquo;un trouble qui accompagne son quotidien.<\/p>\n\n\n\n<p class=\"wp-block-paragraph\">L&rsquo;ancien international \u00e9voque notamment une commotion lors de sa premi\u00e8re s\u00e9lection avec les Bleus, en 1982, puis un KO pendant la Coupe du monde 1987, contre le Zimbabwe. Sur ce match, sa formule est nette : il dit n&rsquo;en garder aucun souvenir.<\/p>\n\n\n\n<p class=\"wp-block-paragraph\">Il ne transforme pas pour autant son t\u00e9moignage en diagnostic m\u00e9dical d\u00e9finitif. Les \u00e9l\u00e9ments disponibles ne permettent pas d&rsquo;affirmer un lien direct entre sa carri\u00e8re, ses chocs et ses troubles actuels. Mais dans un sport o\u00f9 les impacts r\u00e9p\u00e9t\u00e9s ont longtemps \u00e9t\u00e9 banalis\u00e9s, sa parole p\u00e8se n\u00e9cessairement.<\/p>\n\n\n\n<h2 class=\"wp-block-heading\">Le silence autour des commotions reste un vrai probl\u00e8me<\/h2>\n\n\n\n<p class=\"wp-block-paragraph\">La phrase la plus forte arrive quand <strong>Philippe Sella<\/strong> parle de son fils Geoffrey. Celui-ci a mis fin \u00e0 sa carri\u00e8re en 2019, \u00e0 26 ans, apr\u00e8s des commotions c\u00e9r\u00e9brales. Son p\u00e8re explique que la famille garde un contact r\u00e9gulier avec lui pour savoir si tout va bien.<\/p>\n\n\n\n<p class=\"wp-block-paragraph\">C&rsquo;est l\u00e0 que le sujet bascule. Philippe Sella ne parle plus seulement d&rsquo;un ancien champion et de ses souvenirs. Il parle d&rsquo;un r\u00e9flexe tr\u00e8s humain : ne pas dire, ne pas inqui\u00e9ter, ne pas passer pour fragile, surtout dans un milieu o\u00f9 les mat\u00e9riaux ont longtemps \u00e9t\u00e9 valoris\u00e9s.<\/p>\n\n\n\n<p class=\"wp-block-paragraph\">Exemple concret : un ancien joueur amateur peut commencer \u00e0 oublier des rendez-vous, chercher ses mots plus souvent, ou masquer sa fatigue apr\u00e8s une journ\u00e9e normale. S&rsquo;il a appris pendant quinze ans \u00e0 serrer les dents, il peut aussi repousser le moment d&rsquo;en parler. Pas par inconscience. Par peur d&rsquo;\u00eatre jug\u00e9, de d\u00e9ranger, ou de mettre des mots sur quelque chose qui fait peur.<\/p>\n\n\n\n<p class=\"wp-block-paragraph\">Dans le rugby moderne, les protocoles commotion existants et la parole m\u00e9dicale a gagn\u00e9 en place. Mais le t\u00e9moignage de Sella rappelle une zone plus difficile \u00e0 contr\u00f4ler : l&rsquo;apr\u00e8s-carri\u00e8re, la vie de famille, les sympt\u00f4mes que l&rsquo;on garde pour soi.<\/p>\n\n\n\n<h2 class=\"wp-block-heading\">Un t\u00e9moignage qui oblige le rugby \u00e0 \u00e9couter autrement<\/h2>\n\n\n\n<p class=\"wp-block-paragraph\"><strong>Philippe Sella<\/strong> parle aussi de son cancer de la prostate. persister en 2021 apr\u00e8s un ganglion canc\u00e9reux, il explique devoir surveiller r\u00e9guli\u00e8rement son taux de PSA. En 2025, il a suivi quinze s\u00e9ances de radioth\u00e9rapie suppl\u00e9mentaires apr\u00e8s une hausse relev\u00e9e en 2024.<\/p>\n\n\n\n<p class=\"wp-block-paragraph\">Ces \u00e9l\u00e9ments m\u00e9dicaux n&rsquo;ont pas le m\u00eame lien avec le rugby que les commotions ou les troubles de m\u00e9moire. Mais ils donnent une autre dimension \u00e0 son t\u00e9moignage : celle d&rsquo;un ancien joueur qui accepte d&rsquo;exposer ses fragilit\u00e9s, loin de l&rsquo;image fig\u00e9e de la l\u00e9gende sportive.<\/p>\n\n\n\n<p class=\"wp-block-paragraph\">Pour le <a href=\"https:\/\/mvz-sports.com\/fr\/rugby\">rugby<\/a>, l&rsquo;enjeu n&rsquo;est pas de tirer une conclusion trop rapide \u00e0 partir d&rsquo;un seul parcours. L&rsquo;enjeu est plus simple, et plus difficile : cr\u00e9er les conditions pour que les joueurs, anciens comme actuels, parlent plus t\u00f4t quand la m\u00e9moire, l&rsquo;humeur, le sommeil ou les douleurs changent.<\/p>\n\n\n\n<p class=\"wp-block-paragraph\">La phrase de <strong>Philippe Sella<\/strong> reste donc essentielle parce qu&rsquo;elle met le doigt sur le premier obstacle. Avant les examens, avant les protocoles, avant les grandes campagnes de pr\u00e9vention, il faut encore que quelqu&rsquo;un ose dire : \u00e7a ne va pas.<\/p>\n\n\n\n<pre class=\"wp-block-preformatted\"><\/pre>\n\n\n\n<p class=\"wp-block-paragraph\"><\/p>\n","protected":false},"excerpt":{"rendered":"<p>Philippe Sella ne parle pas seulement de ses souvenirs ab\u00eem\u00e9s : il pointe aussi ce silence qui entoure encore trop souvent les probl\u00e8mes de sant\u00e9 dans le rugby. L&rsquo;ancien centre du XV de France, 111 s\u00e9lections entre 1982 et 1996, a racont\u00e9 ses troubles de m\u00e9moire, ses examens m\u00e9dicaux et les \u00e9preuves travers\u00e9es ces derni\u00e8res [&hellip;]<\/p>\n","protected":false},"author":2,"featured_media":54206,"comment_status":"open","ping_status":"open","sticky":false,"template":"","format":"standard","meta":{"_acf_changed":false,"_seopress_robots_primary_cat":"none","_seopress_titles_title":"","_seopress_titles_desc":"","_seopress_robots_index":"","footnotes":""},"categories":[7],"tags":[],"class_list":["post-54203","post","type-post","status-publish","format-standard","has-post-thumbnail","hentry","category-rugby"],"acf":[],"_links":{"self":[{"href":"https:\/\/mvz-sports.com\/fr\/wp-json\/wp\/v2\/posts\/54203","targetHints":{"allow":["GET"]}}],"collection":[{"href":"https:\/\/mvz-sports.com\/fr\/wp-json\/wp\/v2\/posts"}],"about":[{"href":"https:\/\/mvz-sports.com\/fr\/wp-json\/wp\/v2\/types\/post"}],"author":[{"embeddable":true,"href":"https:\/\/mvz-sports.com\/fr\/wp-json\/wp\/v2\/users\/2"}],"replies":[{"embeddable":true,"href":"https:\/\/mvz-sports.com\/fr\/wp-json\/wp\/v2\/comments?post=54203"}],"version-history":[{"count":1,"href":"https:\/\/mvz-sports.com\/fr\/wp-json\/wp\/v2\/posts\/54203\/revisions"}],"predecessor-version":[{"id":54207,"href":"https:\/\/mvz-sports.com\/fr\/wp-json\/wp\/v2\/posts\/54203\/revisions\/54207"}],"wp:featuredmedia":[{"embeddable":true,"href":"https:\/\/mvz-sports.com\/fr\/wp-json\/wp\/v2\/media\/54206"}],"wp:attachment":[{"href":"https:\/\/mvz-sports.com\/fr\/wp-json\/wp\/v2\/media?parent=54203"}],"wp:term":[{"taxonomy":"category","embeddable":true,"href":"https:\/\/mvz-sports.com\/fr\/wp-json\/wp\/v2\/categories?post=54203"},{"taxonomy":"post_tag","embeddable":true,"href":"https:\/\/mvz-sports.com\/fr\/wp-json\/wp\/v2\/tags?post=54203"}],"curies":[{"name":"wp","href":"https:\/\/api.w.org\/{rel}","templated":true}]}}