{"id":54212,"date":"2026-08-18T05:34:00","date_gmt":"2026-08-18T03:34:00","guid":{"rendered":"https:\/\/mvz-sports.com\/fr\/?p=54212"},"modified":"2026-08-18T04:45:13","modified_gmt":"2026-08-18T02:45:13","slug":"lan-prochain-je-courrai-pour-decathlon-cma-cgm-seixas-calme-le-jeu-mais-uae-reste-dans-lombre-du-coureur-francais","status":"publish","type":"post","link":"https:\/\/mvz-sports.com\/fr\/cyclisme\/news\/lan-prochain-je-courrai-pour-decathlon-cma-cgm-seixas-calme-le-jeu-mais-uae-reste-dans-lombre-du-coureur-francais","title":{"rendered":"\u00ab L\u2019an prochain, je courrai pour Decathlon-CMA CGM \u00bb : Seixas calme le jeu, mais UAE reste dans l\u2019ombre du coureur fran\u00e7ais"},"content":{"rendered":"\n<p class=\"wp-block-paragraph\"><strong>Paul Seixas a calm\u00e9 le dossier le plus sensible de son avenir imm\u00e9diat : la saison prochaine, il assure qu&rsquo;il portera encore le maillot de Decathlon-CMA CGM.<\/strong><\/p>\n\n\n\n<p class=\"wp-block-paragraph\">La phrase est courte, mais elle p\u00e8se lourd. \u00c0 19 ans, apr\u00e8s un Tour de France pr\u00e9sent\u00e9 comme un vrai changement de dimension, le Fran\u00e7ais se retrouve d\u00e9j\u00e0 au centre d&rsquo;un jeu d&rsquo;influences du <strong><a href=\"https:\/\/mvz-sports.com\/fr\/cyclisme\">cyclisme<\/a><\/strong> mondial qui d\u00e9passe largement son \u00e9quipe actuelle.<\/p>\n\n\n\n<p class=\"wp-block-paragraph\">Le nom qui revient en arri\u00e8re-plan est celui d&rsquo;UAE Team Emirates, la formation de Tadej Pogacar. Pour l&rsquo;instant, Seixas ferme la porte \u00e0 un d\u00e9part imm\u00e9diat. Mais il ne fait pas dispara\u00eetre le sujet de 2027.<\/p>\n\n\n\n<h2 class=\"wp-block-heading\">Seixas verrouille son avenir imm\u00e9diat chez Decathlon-CMA CGM<\/h2>\n\n\n\n<p class=\"wp-block-paragraph\">La d\u00e9claration accord\u00e9e \u00e0 <strong>Paul Seixas <\/strong>a le m\u00e9rite d&rsquo;\u00eatre net : \u00ab L&rsquo;an prochain, je courrai pour <strong>Decathlon-CMA CGM<\/strong>. C&rsquo;est une certitude pour moi, car mon contrat court jusqu&rsquo;\u00e0 fin 2027. \u00bb<\/p>\n\n\n\n<p class=\"wp-block-paragraph\">Dans un march\u00e9 o\u00f9 les grands talents sont rarement laiss\u00e9s tranquilles, cette phrase donne de l&rsquo;air \u00e0 <strong>Decathlon-CMA CGM<\/strong>. L&rsquo;\u00e9quipe peut pr\u00e9parer la prochaine saison avec son leader annonc\u00e9, sans devoir g\u00e9rer chaque semaine un feuilleton sur un d\u00e9part anticip\u00e9.<\/p>\n\n\n\n<p class=\"wp-block-paragraph\">Le point important, c&rsquo;est le calendrier. <strong>Seixas<\/strong> ne parle pas d&rsquo;un avenir \u00e0 long terme, ni d&rsquo;un projet verrouill\u00e9 pour plusieurs ann\u00e9es. Il parle de la saison prochaine et rappelle son contrat. C&rsquo;est rassurant pour <strong>Decathlon-CMA CGM<\/strong>, mais ce n&rsquo;est pas une fermeture d\u00e9finitive du dossier.<\/p>\n\n\n\n<p class=\"wp-block-paragraph\">Pour un coureur aussi jeune, la nuance compte. Un top talent peut confirmer son engagement imm\u00e9diat tout en restant une cible majeure pour les \u00e9quipes les plus puissantes du peloton. C&rsquo;est exactement ce qui nourrit l&rsquo;ombre UAE autour de son nom.<\/p>\n\n\n\n<h2 class=\"wp-block-heading\">UAE reste dans le d\u00e9cor, mais pas pour le m\u00eame timing<\/h2>\n\n\n\n<p class=\"wp-block-paragraph\">L&rsquo;int\u00e9r\u00eat suppos\u00e9 d&rsquo;UAE Team Emirates change la lecture du dossier. Il ne s&rsquo;agit pas seulement de savoir o\u00f9 courra <strong>Seixas<\/strong> la saison prochaine. Le vrai suspense se d\u00e9place vers la p\u00e9riode qui suivra, quand son contrat avec <strong>Decathlon-CMA CGM<\/strong> arrivera \u00e0 son terme.<\/p>\n\n\n\n<p class=\"wp-block-paragraph\">La source \u00e9voque une lettre d&rsquo;intention d\u00e9j\u00e0 sign\u00e9e pour rejoindre UAE en 2027. Cette information doit \u00eatre trait\u00e9e avec prudence tant qu&rsquo;elle n&rsquo;est pas confirm\u00e9e par les parties concern\u00e9es. Mais elle explique pourquoi la phrase de Seixas ne suffit pas \u00e0 \u00e9teindre les sp\u00e9culations.<\/p>\n\n\n\n<p class=\"wp-block-paragraph\">Le corpus de contexte ajoute \u00e9galement que le Fran\u00e7ais serait suivi par UAE Team Emirates-XRG et Visma | Louez un v\u00e9lo. M\u00eame sans en faire une certitude, cela dessine un paysage clair : Seixas est d\u00e9j\u00e0 install\u00e9 dans la cat\u00e9gorie des coureurs que les grandes structures surveillent de pr\u00e8s.<\/p>\n\n\n\n<p class=\"wp-block-paragraph\">Le sc\u00e9nario pratique est simple. <strong>Decathlon-CMA CGM<\/strong> peut b\u00e2tir son recrutement et son calendrier autour de lui pour la prochaine saison, en recherchant des \u00e9quipiers capables de l&rsquo;accompagner sur les grands rendez-vous. De son c\u00f4t\u00e9, une \u00e9quipe comme UAE peut patienter, observer sa progression et pr\u00e9parer une offensive plus r\u00e9aliste \u00e0 l&rsquo;approche de la fin de contrat.<\/p>\n\n\n\n<p class=\"wp-block-paragraph\">C&rsquo;est ce double niveau qui rend le dossier int\u00e9ressant. Officiellement, Seixas reste. Sportivement et \u00e9conomiquement, son avenir demeure un enjeu majeur du march\u00e9.<\/p>\n\n\n\n<h2 class=\"wp-block-heading\">Le Tour a aussi montr\u00e9 la limite mentale du ph\u00e9nom\u00e8ne<\/h2>\n\n\n\n<p class=\"wp-block-paragraph\">Au-del\u00e0 du mercato, <strong>Paul Seixas<\/strong> a livr\u00e9 un autre \u00e9l\u00e9ment important : la fatigue mentale ressentie sur la fin du <strong>Tour de France<\/strong>. La citation rapporte est forte : \u00ab Vers la fin du Tour, j&rsquo;ai remarqu\u00e9 que c&rsquo;\u00e9tait plus difficile dans ma t\u00eate que dans mes jambes. \u00bb<\/p>\n\n\n\n<p class=\"wp-block-paragraph\">Pour un coureur de <strong>19 ans<\/strong>, ce n&rsquo;est pas un aveu inqui\u00e9tant. C&rsquo;est presque une \u00e9tape normale. Le Tour ne teste pas seulement les watts, la r\u00e9cup\u00e9ration ou la capacit\u00e9 \u00e0 grimper avec les meilleurs. Il impose aussi une tension quotidienne, avec la peur de tout perdre sur une bordure, une chute, une mauvaise journ\u00e9e ou une d\u00e9cision tactique.<\/p>\n\n\n\n<p class=\"wp-block-paragraph\">Seixas explique aussi que son \u00e9quipe l&rsquo;un de ses prot\u00e9g\u00e9s, notamment en limitant les interviews quotidiennes. Ce d\u00e9tail dit beaucoup. <strong>Decathlon-CMA CGM <\/strong>ne g\u00e8re pas seulement un leader sportif, mais aussi un coureur encore en apprentissage face \u00e0 la notori\u00e9t\u00e9.<\/p>\n\n\n\n<p class=\"wp-block-paragraph\">Cette dimension peut peser dans son choix futur. Rejoignez une armada comme UAE, avec Pogacar dans l&rsquo;environnement imm\u00e9diat, offrirait un cadre sportif \u00e9norme. Mais cela signifierait aussi entrer dans une machine o\u00f9 la pression m\u00e9diatique, les attentes et la comparaison permanente sont encore plus fortes.<\/p>\n\n\n\n<p class=\"wp-block-paragraph\">Pour l&rsquo;instant, Seixas a choisi la stabilit\u00e9. Il reste dans une \u00e9quipe qui le conna\u00eet, qui semble vouloir l&rsquo;entourer, et o\u00f9 il peut continuer \u00e0 apprendre son m\u00e9tier de leader. Ce choix ne ferme pas la porte au tr\u00e8s haut niveau. Il lui donne peut-\u00eatre juste une saison de plus pour y arriver avec moins de bruit autour.<\/p>\n\n\n\n<p class=\"wp-block-paragraph\">La phrase sur <strong>Decathlon-CMA CGM<\/strong> calme donc le jeu \u00e0 court terme. Mais elle ne r\u00e8gle pas tout. Si Seixas confirme encore, l&rsquo;\u00e9t\u00e9 prochain ne parlera peut-\u00eatre plus seulement de son potentiel. Il parlera du prix sportif et symbolique \u00e0 payer pour le garder.<\/p>\n\n\n\n<p class=\"wp-block-paragraph\"><\/p>\n","protected":false},"excerpt":{"rendered":"<p>Paul Seixas a calm\u00e9 le dossier le plus sensible de son avenir imm\u00e9diat : la saison prochaine, il assure qu&rsquo;il portera encore le maillot de Decathlon-CMA CGM. La phrase est courte, mais elle p\u00e8se lourd. \u00c0 19 ans, apr\u00e8s un Tour de France pr\u00e9sent\u00e9 comme un vrai changement de dimension, le Fran\u00e7ais se retrouve d\u00e9j\u00e0 [&hellip;]<\/p>\n","protected":false},"author":6,"featured_media":54211,"comment_status":"open","ping_status":"open","sticky":false,"template":"","format":"standard","meta":{"_acf_changed":false,"_seopress_robots_primary_cat":"none","_seopress_titles_title":"","_seopress_titles_desc":"","_seopress_robots_index":"","footnotes":""},"categories":[38],"tags":[],"class_list":["post-54212","post","type-post","status-publish","format-standard","has-post-thumbnail","hentry","category-cyclisme"],"acf":[],"_links":{"self":[{"href":"https:\/\/mvz-sports.com\/fr\/wp-json\/wp\/v2\/posts\/54212","targetHints":{"allow":["GET"]}}],"collection":[{"href":"https:\/\/mvz-sports.com\/fr\/wp-json\/wp\/v2\/posts"}],"about":[{"href":"https:\/\/mvz-sports.com\/fr\/wp-json\/wp\/v2\/types\/post"}],"author":[{"embeddable":true,"href":"https:\/\/mvz-sports.com\/fr\/wp-json\/wp\/v2\/users\/6"}],"replies":[{"embeddable":true,"href":"https:\/\/mvz-sports.com\/fr\/wp-json\/wp\/v2\/comments?post=54212"}],"version-history":[{"count":2,"href":"https:\/\/mvz-sports.com\/fr\/wp-json\/wp\/v2\/posts\/54212\/revisions"}],"predecessor-version":[{"id":54216,"href":"https:\/\/mvz-sports.com\/fr\/wp-json\/wp\/v2\/posts\/54212\/revisions\/54216"}],"wp:attachment":[{"href":"https:\/\/mvz-sports.com\/fr\/wp-json\/wp\/v2\/media?parent=54212"}],"wp:term":[{"taxonomy":"category","embeddable":true,"href":"https:\/\/mvz-sports.com\/fr\/wp-json\/wp\/v2\/categories?post=54212"},{"taxonomy":"post_tag","embeddable":true,"href":"https:\/\/mvz-sports.com\/fr\/wp-json\/wp\/v2\/tags?post=54212"}],"curies":[{"name":"wp","href":"https:\/\/api.w.org\/{rel}","templated":true}]}}