{"id":54226,"date":"2026-08-18T07:14:00","date_gmt":"2026-08-18T05:14:00","guid":{"rendered":"https:\/\/mvz-sports.com\/fr\/?p=54226"},"modified":"2026-08-18T05:08:32","modified_gmt":"2026-08-18T03:08:32","slug":"jetais-completement-mort-paul-seixas-raconte-le-contrecoup-cache-de-son-premier-tour-de-france","status":"publish","type":"post","link":"https:\/\/mvz-sports.com\/fr\/cyclisme\/news\/jetais-completement-mort-paul-seixas-raconte-le-contrecoup-cache-de-son-premier-tour-de-france","title":{"rendered":"\u00ab J\u2019\u00e9tais compl\u00e8tement mort \u00bb : Paul Seixas raconte le contrecoup cach\u00e9 de son premier Tour de France"},"content":{"rendered":"\n<p class=\"wp-block-paragraph\"><strong>Paul Seixas a boucl\u00e9 son premier Tour de France \u00e0 une 4e place spectaculaire, mais le Fran\u00e7ais raconte surtout l&rsquo;autre face de cette perc\u00e9e : une fatigue totale, une pause n\u00e9cessaire, puis un retour gagnant.<\/strong><\/p>\n\n\n\n<p class=\"wp-block-paragraph\">\u00c0 19 ans, <strong>Paul Seixas<\/strong> n&rsquo;a pas d\u00e9couvert la Grande Boucle. Il en a aussi encaiss\u00e9 le poids. Apr\u00e8s trois semaines de tension, de classement g\u00e9n\u00e9ral \u00e0 d\u00e9fendre et de journ\u00e9es o\u00f9 tout peut basculer, le coureur de <strong>Decathlon CMA CGM<\/strong> a reconnu avoir fini vid\u00e9.<\/p>\n\n\n\n<p class=\"wp-block-paragraph\">La phrase est forte, parce qu&rsquo;elle tranche avec l&rsquo;image laiss\u00e9e sur la route. Quatri\u00e8me du Tour de France 2026 pour sa premi\u00e8re participation, Seixas a donn\u00e9 l&rsquo;impression de sauter des \u00e9tapes. Dans les coulisses, le contrecoup a pourtant \u00e9t\u00e9 brutal : \u00ab J&rsquo;\u00e9tais compl\u00e8tement mort \u00bb, at-il confi\u00e9 apr\u00e8s cette premi\u00e8re exp\u00e9rience.<\/p>\n\n\n\n<h2 class=\"wp-block-heading\">Une 4e place brillante, mais pas sans co\u00fbt physique<\/h2>\n\n\n\n<p class=\"wp-block-paragraph\">Le r\u00e9sultat dit une chose. Le corps, lui, en raconte une autre. <strong>Paul Seixas<\/strong> a termin\u00e9 au pied du podium du Tour, derri\u00e8re une hi\u00e9rarchie domin\u00e9e par <strong>Tadej Pogaca<\/strong>r, qu&rsquo;il a d\u00e9crit comme \u00e9tant \u00ab dans un autre monde par rapport aux autres \u00bb. Pour un coureur aussi jeune, tenir ce rang pendant trois semaines repr\u00e9sente d\u00e9j\u00e0 un saut \u00e9norme.<\/p>\n\n\n\n<p class=\"wp-block-paragraph\">Mais le plus dur n&rsquo;a pas seulement \u00e9t\u00e9 la montagne, les chronos ou le niveau des adversaires. Seixas a insist\u00e9 sur l&rsquo;usure quotidienne. Selon lui, \u00ab c&rsquo;est surtout \u00e0 la fin que c&rsquo;est difficile \u00bb, avec cette nervosit\u00e9 permanente propre aux cours de trois semaines.<\/p>\n\n\n\n<p class=\"wp-block-paragraph\">Son analyse dit beaucoup du Tour. Chaque jour peut co\u00fbter cher. Une chute, une bordure, une mauvaise journ\u00e9e, une erreur de placement : le classement g\u00e9n\u00e9ral peut se fissurer tr\u00e8s vite. Le Fran\u00e7ais r\u00e9sume cette pression avec une formule simple : il y a beaucoup de jours o\u00f9 un coureur a \u00ab tout \u00e0 perdre et rien \u00e0 gagner \u00bb.<\/p>\n\n\n\n<p class=\"wp-block-paragraph\">C&rsquo;est l\u00e0 que sa 4e place prend une autre dimension. Elle ne r\u00e9compense pas seulement un niveau physique. Elle montre aussi une capacit\u00e9 \u00e0 survivre mentalement \u00e0 une course qui ne laisse presque jamais respirer.<\/p>\n\n\n\n<h2 class=\"wp-block-heading\">La pause qui a chang\u00e9 la suite<\/h2>\n\n\n\n<p class=\"wp-block-paragraph\">Apr\u00e8s le Tour, <strong>Paul Seixas<\/strong> n&rsquo;a pas encha\u00een\u00e9 comme si de rien n&rsquo;\u00e9tait. C&rsquo;est un coup\u00e9. Il a pris du temps avec ses amis et sa famille. Ce d\u00e9tail para\u00eet simple, mais il compte : \u00e0 cet \u00e2ge, apr\u00e8s une exposition aussi forte, le vrai danger aurait \u00e9t\u00e9 de repartir trop vite, sans laisser retomber la charge.<\/p>\n\n\n\n<p class=\"wp-block-paragraph\">Le sc\u00e9nario est parlant pour n&rsquo;importe quel jeune coureur qui sort d&rsquo;une grande course par \u00e9tapes. M\u00eame avec un r\u00e9sultat exceptionnel, il faut accepter une phase creuse. Le corps r\u00e9clame du repos. La t\u00eate aussi. G\u00e9rer ce moment fait partie de l&rsquo;apprentissage, au m\u00eame titre qu&rsquo;un col ou un contre-la-montre.<\/p>\n\n\n\n<p class=\"wp-block-paragraph\">Seixas a pr\u00e9sent\u00e9 son premier Tour comme une \u00ab belle exp\u00e9rience \u00bb et dit avoir \u00ab beaucoup appris sur son corps \u00bb. Ce n&rsquo;est pas une phrase anodine. Sur une course de trois semaines, un coureur d\u00e9couvre comment il r\u00e9agit \u00e0 la r\u00e9p\u00e9tition des efforts, \u00e0 la pression m\u00e9diatique, aux attentes et \u00e0 l&rsquo;impossibilit\u00e9 de se rel\u00e2cher vraiment.<\/p>\n\n\n\n<p class=\"wp-block-paragraph\">Son retour valide au moins une chose : la pause n&rsquo;a pas cass\u00e9 sa dynamique. Dimanche, au crit\u00e9rium d&rsquo;Etten-Leur, aux Pays-Bas, il s&rsquo;est impos\u00e9 devant Jasper Philipsen. Une victoire de crit\u00e9rium ne remporte pas comme une \u00e9tape du Tour, mais elle donne un signal clair : Seixas a retrouv\u00e9 assez de fra\u00eecheur pour remettre un dossard avec envie.<\/p>\n\n\n\n<h2 class=\"wp-block-heading\">Un rebond qui installe d\u00e9j\u00e0 la fin de saison<\/h2>\n\n\n\n<p class=\"wp-block-paragraph\">Le plus int\u00e9ressant dans cette s\u00e9quence, ce n&rsquo;est pas seulement la victoire. C&rsquo;est le contraste. D&rsquo;un c\u00f4t\u00e9, un coureur qui admet avoir \u00e9t\u00e9 vid\u00e9 apr\u00e8s le Tour. De l&rsquo;autre, le m\u00eame coureur qui revient \u00ab tr\u00e8s motiv\u00e9 \u00bb et gagne d\u00e8s sa reprise.<\/p>\n\n\n\n<p class=\"wp-block-paragraph\">Cette gestion de l&rsquo;apr\u00e8s-Tour sera l&rsquo;un des points \u00e0 suivre dans sa progression. <strong>Paul Seixas<\/strong> n\u2019est plus seulement un espoir prometteur. Sa 4e place l&rsquo;a install\u00e9 dans une autre cat\u00e9gorie d&rsquo;attente. Le public, les adversaires et son \u00e9quipe ne le regarderont plus comme avant.<\/p>\n\n\n\n<p class=\"wp-block-paragraph\">Le calendrier lui offre maintenant un nouveau test avec les championnats du monde de <a href=\"https:\/\/mvz-sports.com\/fr\/cyclisme\">cyclisme<\/a> sur route, pr\u00e9vus du 20 au 27 septembre \u00e0 Montr\u00e9al. Repr\u00e9senter la France apr\u00e8s un premier Tour aussi dense ajoute une couche d&rsquo;enjeu, m\u00eame si son \u00e9tat de forme r\u00e9elle devra \u00eatre confirm\u00e9 \u00e0 l&rsquo;approche de la course.<\/p>\n\n\n\n<p class=\"wp-block-paragraph\">Un \u00e9l\u00e9ment de contexte p\u00e8se aussi autour de lui : son avenir chez <strong>Decathlon CMA CGM<\/strong>. Des articles du corpus mentionnant qu&rsquo;il a confirm\u00e9 vouloir honorer son contrat avec l&rsquo;\u00e9quipe fran\u00e7aise jusqu&rsquo;\u00e0 la fin de l&rsquo;ann\u00e9e 2027. Si cette information est valid\u00e9e par la source exacte, elle renforcerait l&rsquo;id\u00e9e d&rsquo;un projet construit autour de lui, plut\u00f4t qu&rsquo;un simple coup d&rsquo;\u00e9clat isol\u00e9.<\/p>\n\n\n\n<p class=\"wp-block-paragraph\">Pour l&rsquo;instant, la s\u00e9quence raconte surtout un apprentissage acc\u00e9l\u00e9r\u00e9. Paul Seixas a d\u00e9couvert le Tour, a touch\u00e9 ses limites, un coup\u00e9, puis un regagn\u00e9. \u00c0 19 ans, ce n\u2019est pas seulement un r\u00e9sultat. C&rsquo;est d\u00e9j\u00e0 une mani\u00e8re de g\u00e9rer la suite.<\/p>\n\n\n\n<p class=\"wp-block-paragraph\"><\/p>\n","protected":false},"excerpt":{"rendered":"<p>Paul Seixas a boucl\u00e9 son premier Tour de France \u00e0 une 4e place spectaculaire, mais le Fran\u00e7ais raconte surtout l&rsquo;autre face de cette perc\u00e9e : une fatigue totale, une pause n\u00e9cessaire, puis un retour gagnant. \u00c0 19 ans, Paul Seixas n&rsquo;a pas d\u00e9couvert la Grande Boucle. Il en a aussi encaiss\u00e9 le poids. Apr\u00e8s trois [&hellip;]<\/p>\n","protected":false},"author":6,"featured_media":54229,"comment_status":"open","ping_status":"open","sticky":false,"template":"","format":"standard","meta":{"_acf_changed":false,"_seopress_robots_primary_cat":"none","_seopress_titles_title":"","_seopress_titles_desc":"","_seopress_robots_index":"","footnotes":""},"categories":[38],"tags":[],"class_list":["post-54226","post","type-post","status-publish","format-standard","has-post-thumbnail","hentry","category-cyclisme"],"acf":[],"_links":{"self":[{"href":"https:\/\/mvz-sports.com\/fr\/wp-json\/wp\/v2\/posts\/54226","targetHints":{"allow":["GET"]}}],"collection":[{"href":"https:\/\/mvz-sports.com\/fr\/wp-json\/wp\/v2\/posts"}],"about":[{"href":"https:\/\/mvz-sports.com\/fr\/wp-json\/wp\/v2\/types\/post"}],"author":[{"embeddable":true,"href":"https:\/\/mvz-sports.com\/fr\/wp-json\/wp\/v2\/users\/6"}],"replies":[{"embeddable":true,"href":"https:\/\/mvz-sports.com\/fr\/wp-json\/wp\/v2\/comments?post=54226"}],"version-history":[{"count":2,"href":"https:\/\/mvz-sports.com\/fr\/wp-json\/wp\/v2\/posts\/54226\/revisions"}],"predecessor-version":[{"id":54231,"href":"https:\/\/mvz-sports.com\/fr\/wp-json\/wp\/v2\/posts\/54226\/revisions\/54231"}],"wp:featuredmedia":[{"embeddable":true,"href":"https:\/\/mvz-sports.com\/fr\/wp-json\/wp\/v2\/media\/54229"}],"wp:attachment":[{"href":"https:\/\/mvz-sports.com\/fr\/wp-json\/wp\/v2\/media?parent=54226"}],"wp:term":[{"taxonomy":"category","embeddable":true,"href":"https:\/\/mvz-sports.com\/fr\/wp-json\/wp\/v2\/categories?post=54226"},{"taxonomy":"post_tag","embeddable":true,"href":"https:\/\/mvz-sports.com\/fr\/wp-json\/wp\/v2\/tags?post=54226"}],"curies":[{"name":"wp","href":"https:\/\/api.w.org\/{rel}","templated":true}]}}