{"id":54238,"date":"2026-08-18T10:01:00","date_gmt":"2026-08-18T08:01:00","guid":{"rendered":"https:\/\/mvz-sports.com\/fr\/?p=54238"},"modified":"2026-08-18T05:46:58","modified_gmt":"2026-08-18T03:46:58","slug":"david-traverse-une-periode-plus-difficile-groupama-fdj-tente-de-relancer-gaudu-avant-que-le-doute-ne-sinstalle","status":"publish","type":"post","link":"https:\/\/mvz-sports.com\/fr\/cyclisme\/news\/david-traverse-une-periode-plus-difficile-groupama-fdj-tente-de-relancer-gaudu-avant-que-le-doute-ne-sinstalle","title":{"rendered":"\u00ab David traverse une p\u00e9riode plus difficile \u00bb : Groupama-FDJ tente de relancer Gaudu avant que le doute ne s\u2019installe"},"content":{"rendered":"\n<p class=\"wp-block-paragraph\"><strong>David Gaudu ne traverse pas seulement un trou d&rsquo;air sportif : Groupama-FDJ d\u00e9sormais entre dans une phase de protection, d&rsquo;analyse et de relance autour de son leader breton.<\/strong><\/p>\n\n\n\n<p class=\"wp-block-paragraph\">L&rsquo;abandon rapide de David Gaudu sur la Polynormande a remis sa situation au centre de l&rsquo;attention. Le coureur de 29 ans, en difficult\u00e9 depuis plusieurs mois dans le peloton du <strong><a href=\"https:\/\/mvz-sports.com\/fr\/cyclisme\">cyclisme<\/a><\/strong> professionnel, a quitt\u00e9 la course apr\u00e8s environ cinquante kilom\u00e8tres.<\/p>\n\n\n\n<p class=\"wp-block-paragraph\">Groupama-FDJ n&rsquo;a pas choisi de minimiser l&rsquo;\u00e9pisode. L&rsquo;\u00e9quipe a reconnu que son coureur traversait \u00ab une p\u00e9riode plus difficile \u00bb et annonc\u00e9 des examens compl\u00e9mentaires pour mieux comprendre la situation..<\/p>\n\n\n\n<h2 class=\"wp-block-heading\">Un abandon qui p\u00e8se plus lourd qu&rsquo;un simple jour sans<\/h2>\n\n\n\n<p class=\"wp-block-paragraph\">Sur le papier, un abandon sur une course d&rsquo;un jour peut arriver. Dans le cas de David Gaudu, le contexte change tout. Sa saison reste compliqu\u00e9e, et cette sortie pr\u00e9matur\u00e9e arrive apr\u00e8s une p\u00e9riode d\u00e9j\u00e0 marqu\u00e9e par l&rsquo;absence du Breton sur les grands rendez-vous.<\/p>\n\n\n\n<p class=\"wp-block-paragraph\">Le point le plus sensible n\u2019est pas seulement la Polynormande. C&rsquo;est l&rsquo;accumulation. Gaudu n&rsquo;a pas pris le d\u00e9part du Tour de France pour la deuxi\u00e8me ann\u00e9e cons\u00e9cutive, alors que le parcours avait \u00e9t\u00e9 annonc\u00e9 comme un objectif en d\u00e9but d&rsquo;ann\u00e9e selon les \u00e9l\u00e9ments rapport\u00e9s.<\/p>\n\n\n\n<p class=\"wp-block-paragraph\">Pour un coureur qui a termin\u00e9 quatri\u00e8me du Tour de France 2022, la comparaison est forc\u00e9ment dure. \u00c0 ce niveau, une baisse de r\u00e9sultats devient vite une question plus large : \u00e9tat physique, confiance, programme, r\u00f4le dans l&rsquo;\u00e9quipe et capacit\u00e9 \u00e0 retrouver une trajectoire claire.<\/p>\n\n\n\n<h2 class=\"wp-block-heading\">Groupama-FDJ tente de reprendre la main autour de Gaudu<\/h2>\n\n\n\n<p class=\"wp-block-paragraph\">La communication de Groupama-FDJ est importante parce qu&rsquo;elle \u00e9vite deux pi\u00e8ges. Elle ne l\u00e2che pas son coureur publiquement, mais elle ne fait pas non plus comme si tout allait bien.<\/p>\n\n\n\n<p class=\"wp-block-paragraph\">La formule est nette : \u00ab David traverse actuellement une p\u00e9riode plus difficile et ne parvient pas \u00e0 retrouver pleinement son niveau \u00bb. Ce n&rsquo;est pas une mise \u00e0 l&rsquo;\u00e9cart. C&rsquo;est plut\u00f4t un signal envoy\u00e9 avant une phase d&rsquo;\u00e9valuation plus pr\u00e9cise.<\/p>\n\n\n\n<p class=\"wp-block-paragraph\">L&rsquo;\u00e9quipe annonce \u00e9galement \u00ab une s\u00e9rie d&rsquo;examens compl\u00e9mentaires \u00bb. Le choix des mots compte. Groupama-FDJ ne donne pas de diagnostic, ne d\u00e9signe pas une cause unique et ne transforme pas la situation en feuilleton m\u00e9dical. Elle explique que les conclusions doivent permettre d&rsquo;adapter l&rsquo;accompagnement, le travail \u00e0 l&rsquo;entra\u00eenement et le prochain programme de cours.<\/p>\n\n\n\n<p class=\"wp-block-paragraph\">Concr\u00e8tement, pour un suiveur de la Groupama-FDJ, le prochain indice ne sera pas seulement la pr\u00e9sence de Gaudu sur une start-list. Il faudra regarder o\u00f9 il revient, avec quel r\u00f4le, et dans quel niveau d&rsquo;exposition. Un retour discret sur une course de reprise ne raconterait pas la m\u00eame chose qu&rsquo;un engagement rapide sur un objectif plus lourd.<\/p>\n\n\n\n<h2 class=\"wp-block-heading\">Le calendrier devient le vrai r\u00e9v\u00e9lateur<\/h2>\n\n\n\n<p class=\"wp-block-paragraph\">La suite va surtout se lire dans le calendrier. David Gaudu ne devrait pas \u00eatre retenu pour la Vuelta, dont le d\u00e9part est fix\u00e9 au 22 ao\u00fbt selon les \u00e9l\u00e9ments disponibles. Si cette tendance se confirme, son ann\u00e9e sans Grand Tour prendrait une dimension encore plus nette.<\/p>\n\n\n\n<p class=\"wp-block-paragraph\">Ce choix peut aussi \u00eatre vu comme une protection. Dans une p\u00e9riode de doute, envoyer un coureur en difficult\u00e9 sur trois semaines peut aggraver le probl\u00e8me au lieu de le r\u00e9soudre. La Groupama-FDJ semble plut\u00f4t vouloir repartir d&rsquo;un diagnostic, puis reconstruire un programme coh\u00e9rent.<\/p>\n\n\n\n<p class=\"wp-block-paragraph\">La situation contractuelle ajoute une tension de fond. Le contrat de Gaudu avec Groupama-FDJ court jusqu&rsquo;en 2027 selon les informations rapport\u00e9es. Il n&rsquo;y a donc pas d&rsquo;urgence administrative imm\u00e9diate, mais il y a une urgence sportive : retrouver un niveau, un r\u00f4le et une dynamique Lisibles.<\/p>\n\n\n\n<p class=\"wp-block-paragraph\">Pour Gaudu, l\u2019enjeu est simple \u00e0 formuler et difficile \u00e0 ex\u00e9cuter. Il ne s&rsquo;agit pas seulement de revenir en cours. Il faut revenir avec des signes tangibles : tenir la distance, retrouver de la r\u00e9gularit\u00e9, puis redevenir un coureur capable de peser dans les moments qui comptent.<\/p>\n\n\n\n<p class=\"wp-block-paragraph\"><strong>Groupama-FDJ<\/strong> affiche son soutien. Reste maintenant la partie la plus d\u00e9licate : transformer ce soutien en plan de relance cr\u00e9dible, sans br\u00fbler les \u00e9tapes et sans laisser le doute prendre toute la place.<\/p>\n\n\n\n<pre class=\"wp-block-preformatted\"><\/pre>\n\n\n\n<p class=\"wp-block-paragraph\"><\/p>\n","protected":false},"excerpt":{"rendered":"<p>David Gaudu ne traverse pas seulement un trou d&rsquo;air sportif : Groupama-FDJ d\u00e9sormais entre dans une phase de protection, d&rsquo;analyse et de relance autour de son leader breton. L&rsquo;abandon rapide de David Gaudu sur la Polynormande a remis sa situation au centre de l&rsquo;attention. Le coureur de 29 ans, en difficult\u00e9 depuis plusieurs mois dans [&hellip;]<\/p>\n","protected":false},"author":6,"featured_media":54241,"comment_status":"open","ping_status":"open","sticky":false,"template":"","format":"standard","meta":{"_acf_changed":false,"_seopress_robots_primary_cat":"none","_seopress_titles_title":"","_seopress_titles_desc":"","_seopress_robots_index":"","footnotes":""},"categories":[38],"tags":[],"class_list":["post-54238","post","type-post","status-publish","format-standard","has-post-thumbnail","hentry","category-cyclisme"],"acf":[],"_links":{"self":[{"href":"https:\/\/mvz-sports.com\/fr\/wp-json\/wp\/v2\/posts\/54238","targetHints":{"allow":["GET"]}}],"collection":[{"href":"https:\/\/mvz-sports.com\/fr\/wp-json\/wp\/v2\/posts"}],"about":[{"href":"https:\/\/mvz-sports.com\/fr\/wp-json\/wp\/v2\/types\/post"}],"author":[{"embeddable":true,"href":"https:\/\/mvz-sports.com\/fr\/wp-json\/wp\/v2\/users\/6"}],"replies":[{"embeddable":true,"href":"https:\/\/mvz-sports.com\/fr\/wp-json\/wp\/v2\/comments?post=54238"}],"version-history":[{"count":2,"href":"https:\/\/mvz-sports.com\/fr\/wp-json\/wp\/v2\/posts\/54238\/revisions"}],"predecessor-version":[{"id":54248,"href":"https:\/\/mvz-sports.com\/fr\/wp-json\/wp\/v2\/posts\/54238\/revisions\/54248"}],"wp:featuredmedia":[{"embeddable":true,"href":"https:\/\/mvz-sports.com\/fr\/wp-json\/wp\/v2\/media\/54241"}],"wp:attachment":[{"href":"https:\/\/mvz-sports.com\/fr\/wp-json\/wp\/v2\/media?parent=54238"}],"wp:term":[{"taxonomy":"category","embeddable":true,"href":"https:\/\/mvz-sports.com\/fr\/wp-json\/wp\/v2\/categories?post=54238"},{"taxonomy":"post_tag","embeddable":true,"href":"https:\/\/mvz-sports.com\/fr\/wp-json\/wp\/v2\/tags?post=54238"}],"curies":[{"name":"wp","href":"https:\/\/api.w.org\/{rel}","templated":true}]}}