{"id":54264,"date":"2026-08-18T16:15:00","date_gmt":"2026-08-18T14:15:00","guid":{"rendered":"https:\/\/mvz-sports.com\/fr\/?p=54264"},"modified":"2026-08-18T07:46:19","modified_gmt":"2026-08-18T05:46:19","slug":"cest-un-objectif-pour-moi-leon-marchand-la-confirme-et-ouvre-un-nouveau-defi-avec-les-mondiaux-en-petit-bassin","status":"publish","type":"post","link":"https:\/\/mvz-sports.com\/fr\/jeux-olympiques-dhiver-2026-milano-cortina\/news\/cest-un-objectif-pour-moi-leon-marchand-la-confirme-et-ouvre-un-nouveau-defi-avec-les-mondiaux-en-petit-bassin","title":{"rendered":"\u00ab C\u2019est un objectif pour moi \u00bb : L\u00e9on Marchand l&rsquo;a confirm\u00e9 et ouvre un nouveau d\u00e9fi avec les Mondiaux en petit bassin"},"content":{"rendered":"\n<p class=\"wp-block-paragraph\"><strong>L\u00e9on Marchand a confirm\u00e9 un nouveau cap dans sa saison : les Mondiaux en petit bassin \u00e0 P\u00e9kin, une premi\u00e8re grande \u00e9ch\u00e9ance dans un format qu&rsquo;il conna\u00eet d\u00e9j\u00e0, mais qu&rsquo;il n&rsquo;a jamais attaqu\u00e9 \u00e0 ce niveau.<\/strong><\/p>\n\n\n\n<p class=\"wp-block-paragraph\">La phrase est courte, mais elle dit beaucoup. \u00ab C&rsquo;est un objectif pour moi cette ann\u00e9e \u00bb, a expliqu\u00e9 le nageur fran\u00e7ais en \u00e9voquant les championnats du monde en petit bassin, programm\u00e9s \u00e0 P\u00e9kin du 1er au 6 d\u00e9cembre prochain.<\/p>\n\n\n\n<p class=\"wp-block-paragraph\">Pour Marchand, il ne s&rsquo;agit pas seulement de cocher une case de plus apr\u00e8s ses succ\u00e8s en grand bassin. Le rendez-vous chinois ouvre un terrain diff\u00e9rent, plus nerveux, plus technique, avec des parcours o\u00f9 les virages, les coul\u00e9es et la relance p\u00e8sent tr\u00e8s lourd.<\/p>\n\n\n\n<p class=\"wp-block-paragraph\">Le d\u00e9tail compte : jusqu&rsquo;ici, il n&rsquo;a jamais particip\u00e9 \u00e0 une grande comp\u00e9tition internationale en petit bassin. Pour un nageur d\u00e9j\u00e0 habitu\u00e9 aux sommets olympiques et mondiaux, c&rsquo;est presque rare. Et forc\u00e9ment int\u00e9ressant.<\/p>\n\n\n\n<h2 class=\"wp-block-heading\">Un objectif assum\u00e9 apr\u00e8s l\u2019Europe d\u00e9j\u00e0 charg\u00e9e<\/h2>\n\n\n\n<p class=\"wp-block-paragraph\">L&rsquo;annonce arrive dans une s\u00e9quence dense. Marchand sort de championnats d&rsquo;Europe o\u00f9 une blessure au quadriceps ne l&rsquo;a pas emp\u00each\u00e9 de dominer une partie de la comp\u00e9tition. Le bilan rapport\u00e9 est solide : quatre m\u00e9dailles, dont deux titres individuels.<\/p>\n\n\n\n<p class=\"wp-block-paragraph\">Dans ce contexte, viser P\u00e9kin donne une indication claire sur son \u00e9tat d&rsquo;esprit. Il ne bascule pas dans une saison de gestion pure. Il ajoute un d\u00e9fi, avec une contrainte r\u00e9elle : le calendrier.<\/p>\n\n\n\n<p class=\"wp-block-paragraph\">Marchand a lui-m\u00eame reconnu que le timing serait \u00ab un peu d\u00e9licat \u00bb entre les vacances personnelles et la pr\u00e9paration. C&rsquo;est l\u00e0 que le choix devient sportif, pas seulement symbolique. Le petit bassin demande une adaptation pr\u00e9cise, et il devra l&rsquo;int\u00e9grer sans casser l&rsquo;\u00e9quilibre de sa saison.<\/p>\n\n\n\n<p class=\"wp-block-paragraph\">Le programme de cours n&rsquo;est pas encore connu. Il n&rsquo;a pas pr\u00e9cis\u00e9 s&rsquo;il viserait ses sp\u00e9cialit\u00e9s habituelles, un menu r\u00e9duit ou une approche plus exp\u00e9rimentale. Ce point reste central, car la charge d&rsquo;un championnat peut changer totalement selon les distances retenues.<\/p>\n\n\n\n<h2 class=\"wp-block-heading\">Pourquoi le petit bassin change vraiment la lecture de Marchand<\/h2>\n\n\n\n<p class=\"wp-block-paragraph\">Le petit bassin se dispute sur 25 m\u00e8tres, contre 50 m\u00e8tres pour le grand bassin olympique. La diff\u00e9rence appara\u00eet simple sur le papier. Dans l&rsquo;eau, elle transforme la course.<\/p>\n\n\n\n<p class=\"wp-block-paragraph\">Il y a plus de virages, plus de pouss\u00e9es au mur, plus de phases sous-marines. Un nageur capable de cr\u00e9er de la vitesse sur chaque coul\u00e9e peut prendre un \u00e9norme avantage. \u00c0 l&rsquo;inverse, celui qui manque de pr\u00e9cision perd du temps tr\u00e8s vite, parfois sans pouvoir le rattraper en nage pur.<\/p>\n\n\n\n<p class=\"wp-block-paragraph\">Cas concret pour le lecteur : sur un 200 m 4 nages en grand bassin, l&rsquo;\u0153il suit surtout la gestion des quatre nages et la capacit\u00e9 \u00e0 finir fort. En petit bassin, il faut aussi regarder chaque sortie de virage. Une coul\u00e9e plus propre, un mur mieux n\u00e9goci\u00e9, et l&rsquo;\u00e9cart peut se cr\u00e9er avant m\u00eame que le nageur ne semble acc\u00e9l\u00e9rer.<\/p>\n\n\n\n<p class=\"wp-block-paragraph\">Ce format colle assez bien au profil de Marchand. Il a d\u00e9j\u00e0 construit une partie de son parcours aux \u00c9tats-Unis avec Arizona State, o\u00f9 il a nag\u00e9 en bassin de 25 yards. Ce n&rsquo;est pas exactement le m\u00eame format que le 25 m\u00e8tres, mais cela reste une culture de course tr\u00e8s ax\u00e9e sur les murs, les reprises et l&rsquo;efficacit\u00e9 sous l&rsquo;eau.<\/p>\n\n\n\n<p class=\"wp-block-paragraph\">Il poss\u00e8de \u00e9galement des rep\u00e8res chronom\u00e9triques forts en bassin court. Le texte disponible mentionne notamment le record d&rsquo;Europe du 100 m 4 nages, le record du monde du 200 m 4 nages en petit bassin et plusieurs records de France. En yards, il est aussi cr\u00e9dit\u00e9 de r\u00e9f\u00e9rences mondiales sur 200 m 4 nages, 400 m 4 nages, 200 m brasse et 500 m nage libre.<\/p>\n\n\n\n<h2 class=\"wp-block-heading\">P\u00e9kin peut devenir plus qu&rsquo;une parenth\u00e8se<\/h2>\n\n\n\n<p class=\"wp-block-paragraph\">Le risque serait de voir ces Mondiaux comme une simple extension du calendrier. Pour Marchand, l&rsquo;enjeu semble plus pr\u00e9cis : tester son niveau sur une grande comp\u00e9tition qu&rsquo;il n&rsquo;a pas encore r\u00e9ellement explor\u00e9e.<\/p>\n\n\n\n<p class=\"wp-block-paragraph\">C&rsquo;est aussi une mani\u00e8re de travailler autre chose. Les ann\u00e9es post-olympiques ou entre deux grands cycles peuvent servir \u00e0 \u00e9largir le terrain de jeu. P\u00e9kin peut lui offrir ce cadre, sans que l&rsquo;objectif soit n\u00e9cessairement lu avec les m\u00eames attentes qu&rsquo;un championnat du monde en grand bassin ou que les Jeux.<\/p>\n\n\n\n<p class=\"wp-block-paragraph\">La question du programme reste d\u00e9terminante. S&rsquo;il s&rsquo;aligne sur le 200 m 4 nages, la curiosit\u00e9 sera imm\u00e9diate, surtout avec son record du monde d\u00e9j\u00e0 mentionn\u00e9 dans ce format. S&rsquo;il ajoute d&rsquo;autres cours, la lecture sera diff\u00e9rente : ambition de titres, test physique, ou technique de laboratoire.<\/p>\n\n\n\n<p class=\"wp-block-paragraph\">Dans tous les cas, la phrase \u00ab C&rsquo;est un objectif pour moi \u00bb donne une vraie direction. Marchand ne pr\u00e9sente pas P\u00e9kin comme une apparition accessoire. Il place les Mondiaux en petit bassin dans sa saison, avec une envie claire de r\u00e9ussir.<\/p>\n\n\n\n<p class=\"wp-block-paragraph\">Pour le public fran\u00e7ais, ce sera aussi une occasion de le voir dans une version un peu diff\u00e9rente : moins centr\u00e9e sur le r\u00e9cit olympique, plus tourn\u00e9e vers la pr\u00e9cision de nage, les virages et la vitesse courte. Un autre d\u00e9cor, mais un d\u00e9fi parfaitement coh\u00e9rent avec son profil.<\/p>\n\n\n\n<pre class=\"wp-block-preformatted\"><\/pre>\n","protected":false},"excerpt":{"rendered":"<p>L\u00e9on Marchand a confirm\u00e9 un nouveau cap dans sa saison : les Mondiaux en petit bassin \u00e0 P\u00e9kin, une premi\u00e8re grande \u00e9ch\u00e9ance dans un format qu&rsquo;il conna\u00eet d\u00e9j\u00e0, mais qu&rsquo;il n&rsquo;a jamais attaqu\u00e9 \u00e0 ce niveau. La phrase est courte, mais elle dit beaucoup. \u00ab C&rsquo;est un objectif pour moi cette ann\u00e9e \u00bb, a expliqu\u00e9 [&hellip;]<\/p>\n","protected":false},"author":5,"featured_media":48000,"comment_status":"open","ping_status":"open","sticky":false,"template":"","format":"standard","meta":{"_acf_changed":false,"_seopress_robots_primary_cat":"none","_seopress_titles_title":"","_seopress_titles_desc":"","_seopress_robots_index":"","footnotes":""},"categories":[37],"tags":[],"class_list":["post-54264","post","type-post","status-publish","format-standard","has-post-thumbnail","hentry","category-jeux-olympiques-dhiver-2026-milano-cortina"],"acf":[],"_links":{"self":[{"href":"https:\/\/mvz-sports.com\/fr\/wp-json\/wp\/v2\/posts\/54264","targetHints":{"allow":["GET"]}}],"collection":[{"href":"https:\/\/mvz-sports.com\/fr\/wp-json\/wp\/v2\/posts"}],"about":[{"href":"https:\/\/mvz-sports.com\/fr\/wp-json\/wp\/v2\/types\/post"}],"author":[{"embeddable":true,"href":"https:\/\/mvz-sports.com\/fr\/wp-json\/wp\/v2\/users\/5"}],"replies":[{"embeddable":true,"href":"https:\/\/mvz-sports.com\/fr\/wp-json\/wp\/v2\/comments?post=54264"}],"version-history":[{"count":1,"href":"https:\/\/mvz-sports.com\/fr\/wp-json\/wp\/v2\/posts\/54264\/revisions"}],"predecessor-version":[{"id":54271,"href":"https:\/\/mvz-sports.com\/fr\/wp-json\/wp\/v2\/posts\/54264\/revisions\/54271"}],"wp:featuredmedia":[{"embeddable":true,"href":"https:\/\/mvz-sports.com\/fr\/wp-json\/wp\/v2\/media\/48000"}],"wp:attachment":[{"href":"https:\/\/mvz-sports.com\/fr\/wp-json\/wp\/v2\/media?parent=54264"}],"wp:term":[{"taxonomy":"category","embeddable":true,"href":"https:\/\/mvz-sports.com\/fr\/wp-json\/wp\/v2\/categories?post=54264"},{"taxonomy":"post_tag","embeddable":true,"href":"https:\/\/mvz-sports.com\/fr\/wp-json\/wp\/v2\/tags?post=54264"}],"curies":[{"name":"wp","href":"https:\/\/api.w.org\/{rel}","templated":true}]}}