{"id":54280,"date":"2026-08-19T21:15:05","date_gmt":"2026-08-19T19:15:05","guid":{"rendered":"https:\/\/mvz-sports.com\/fr\/?p=54280"},"modified":"2026-08-19T04:35:21","modified_gmt":"2026-08-19T02:35:21","slug":"sans-seixas-decathlon-cma-cgm-tente-un-pari-plus-discret-sur-la-vuelta-avec-gall-et-bisiaux-et-cest-peut-etre-la-que-les-seconds-roles-deviennent-dangereux","status":"publish","type":"post","link":"https:\/\/mvz-sports.com\/fr\/cyclisme\/news\/sans-seixas-decathlon-cma-cgm-tente-un-pari-plus-discret-sur-la-vuelta-avec-gall-et-bisiaux-et-cest-peut-etre-la-que-les-seconds-roles-deviennent-dangereux","title":{"rendered":"Sans Seixas, Decathlon CMA CGM tente un pari plus discret sur la Vuelta avec Gall et Bisiaux et c\u2019est peut-\u00eatre l\u00e0 que les seconds r\u00f4les deviennent dangereux"},"content":{"rendered":"\n<p class=\"wp-block-paragraph\"><strong>Decathlon CMA CGM n&rsquo;aligne pas Paul Seixas sur la Vuelta, mais son plan n&rsquo;a rien d&rsquo;un renoncement : F\u00e9lix Gall prend le r\u00f4le de leader, avec L\u00e9o Bisiaux dans une position discr\u00e8te qui peut devenir d\u00e9cisive.<\/strong><\/p>\n\n\n\n<p class=\"wp-block-paragraph\">La tentation \u00e9tait \u00e9vidente : regarder d&rsquo;abord l&rsquo;absence de <strong>Paul Seixas<\/strong>. Apr\u00e8s une quatri\u00e8me place \u00e0 Paris pour son premier Tour de France, le jeune Fran\u00e7ais aurait naturellement attir\u00e9 toute la lumi\u00e8re sur le Tour d&rsquo;Espagne. <strong>Decathlon CMA CGM<\/strong> a choisi un autre itin\u00e9raire.<\/p>\n\n\n\n<p class=\"wp-block-paragraph\">Pour la Vuelta, qui d\u00e9bute samedi \u00e0 Monaco, la formation fran\u00e7aise avance avec Felix Gall en leader annonc\u00e9e. Moins spectaculairement m\u00e9diatiquement qu&rsquo;un nouveau feuilleton Seixas, mais sportivement coh\u00e9rent : l&rsquo;Autrichien de 28 ans sort d&rsquo;un Giro termin\u00e9 \u00e0 la deuxi\u00e8me place derri\u00e8re Jonas Vingegaard et vise un nouveau podium sur un Grand Tour.<\/p>\n\n\n\n<h2 class=\"wp-block-heading\">Sans Seixas, Decathlon CMA CGM \u00e9vite le pi\u00e8ge de la pr\u00e9cipitation<\/h2>\n\n\n\n<p class=\"wp-block-paragraph\">L&rsquo;absence de <strong>Paul Seixas<\/strong> change forc\u00e9ment la lecture de l&rsquo;\u00e9quipe. Elle enl\u00e8ve un aimant m\u00e9diatique. Elle prive \u00e9galement <strong>Decathlon CMA CGM<\/strong> d&rsquo;un coureur capable de transformer chaque \u00e9tape de montagne en test grandeur nature pour le cyclisme fran\u00e7ais.<\/p>\n\n\n\n<p class=\"wp-block-paragraph\">Mais elle \u00e9viter aussi une question lourde : fallait-il exposer imm\u00e9diatement Seixas \u00e0 un deuxi\u00e8me Grand Tour dans la foul\u00e9e d&rsquo;un Tour de France d\u00e9j\u00e0 tr\u00e8s marquant ? La source principale ne d\u00e9taille pas la raison sportive de son absence. Il faut donc rester prudent. Le fait \u00e9tabli, c&rsquo;est qu&rsquo;il n&rsquo;est pas au d\u00e9part, et que l&rsquo;\u00e9quipe confie son ambition \u00e0 un leader plus install\u00e9.<\/p>\n\n\n\n<p class=\"wp-block-paragraph\">Ce choix d\u00e9place la pression. Au lieu de raconter la Vuelta comme une nouvelle \u00e9tape dans l&rsquo;ascension de <strong>Seixas<\/strong>, <strong>Decathlon CMA CGM<\/strong> peut construire un parcours autour d&rsquo;un objectif plus lisible : aider Gall \u00e0 confirmer son printemps et \u00e0 se m\u00ealer \u00e0 la bataille du classement g\u00e9n\u00e9ral.<\/p>\n\n\n\n<p class=\"wp-block-paragraph\">C&rsquo;est moins bruyant. Mais ce n&rsquo;est pas n\u00e9cessairement moins dangereux pour les adversaires.<\/p>\n\n\n\n<h2 class=\"wp-block-heading\">F\u00e9lix Gall arrive avec un statut clair, pas avec une mission floue<\/h2>\n\n\n\n<p class=\"wp-block-paragraph\"><strong>Felix Gall<\/strong> n&rsquo;est pas envoy\u00e9 sur la Vuelta comme une option de secours. Il arrive avec un statut pr\u00e9cis : chef de l&rsquo;\u00e9quipe. Et ce d\u00e9tail compte, parce qu&rsquo;un Grand Tour se gagne rarement dans l&rsquo;improvisation, surtout quand il faut \u00e9conomiser ses forces pendant trois semaines.<\/p>\n\n\n\n<p class=\"wp-block-paragraph\">Son deuxi\u00e8me rang sur le Giro au printemps donne de la densit\u00e9 \u00e0 cette s\u00e9lection. Gall a d\u00e9j\u00e0 montr\u00e9 qu&rsquo;il pouvait tenir un classement g\u00e9n\u00e9ral sur la dur\u00e9e. La Vuelta lui offre donc une autre sc\u00e8ne, avec une pression diff\u00e9rente : confirmer qu&rsquo;il n&rsquo;est pas seulement l&rsquo;homme d&rsquo;un grand r\u00e9sultat, mais un coureur capable d&rsquo;encha\u00eener les campagnes ambitieuses.<\/p>\n\n\n\n<p class=\"wp-block-paragraph\">Le v\u00e9ritable enjeu pour <strong>Decathlon CMA CGM<\/strong> sera de ne pas isoler trop vite son leader. Dans les \u00e9tapes accident\u00e9es, une \u00e9quipe peut perdre une course avant m\u00eame les derniers kilom\u00e8tres : un mauvais placement, un relais manqu\u00e9, une cassure, une journ\u00e9e sans soutien. C&rsquo;est l\u00e0 que les noms moins expos\u00e9s deviennent importants.<\/p>\n\n\n\n<p class=\"wp-block-paragraph\"><strong>Matthew Riccitello<\/strong>, 24e de la Grande Boucle, est cit\u00e9 parmi les soutiens. L\u00e9o Bisiaux aussi. Et c&rsquo;est probablement autour de ce deuxi\u00e8me nom que la curiosit\u00e9 sportive sera la plus forte c\u00f4t\u00e9 fran\u00e7ais.<\/p>\n\n\n\n<h2 class=\"wp-block-heading\">Bisiaux peut apprendre sans porter tout le poids de la course<\/h2>\n\n\n\n<p class=\"wp-block-paragraph\">L\u00e9o Bisiaux, 21 ans, n&rsquo;arrive pas avec le m\u00eame statut que Gall. C&rsquo;est justement ce qui rend son r\u00f4le int\u00e9ressant. Il n&rsquo;a pas besoin d&rsquo;\u00eatre pr\u00e9sent\u00e9 comme le visage de l&rsquo;\u00e9quipe pour compter. Sur une Vuelta, un soutien bien utilis\u00e9 peut changer la journ\u00e9e d&rsquo;un leader.<\/p>\n\n\n\n<p class=\"wp-block-paragraph\">Exemple concret : si Gall se retrouve dans un groupe r\u00e9duit avant une mont\u00e9e d\u00e9cisive, Bisiaux peut servir de relais dans une vall\u00e9e, filtrer une \u00e9chapp\u00e9e dangereuse ou ramener son leader apr\u00e8s un mauvais moment. Ce ne sont pas des gestes qui font toujours les gros titres. Pourtant, ce sont souvent eux qui permettent \u00e0 un coureur de rester dans le match pour le podium.<\/p>\n\n\n\n<p class=\"wp-block-paragraph\">Pour Bisiaux, cette Vuelta peut aussi devenir un apprentissage acc\u00e9l\u00e9r\u00e9. Courir au service d&rsquo;un leader sur un Grand Tour oblige \u00e0 lire la course autrement. Il faut savoir quand se sacrifier, quand garder de l&rsquo;\u00e9nergie, quand se placer, quand ne pas paniquer. Ce r\u00f4le n&rsquo;a rien de secondaire au sens faible du terme.<\/p>\n\n\n\n<p class=\"wp-block-paragraph\"><strong>Decathlon CMA CGM<\/strong> joue donc sur deux niveaux. D&rsquo;un c\u00f4t\u00e9, Gall porte l&rsquo;ambition imm\u00e9diate. De l&rsquo;autre, Bisiaux peut engranger de l&rsquo;exp\u00e9rience dans un cadre plus prot\u00e9g\u00e9 que celui qui aurait impos\u00e9 une exposition massive autour de Seixas.<\/p>\n\n\n\n<h2 class=\"wp-block-heading\">Une Vuelta o\u00f9 les absents ne racontent pas toute l&rsquo;histoire<\/h2>\n\n\n\n<p class=\"wp-block-paragraph\">L&rsquo;absence de Jonas Vingegaard chez Visma-Lease a bike s&rsquo;ajoute \u00e0 celle de Seixas c\u00f4t\u00e9 <strong>Decathlon CMA CGM<\/strong>. Le Danois, contraint \u00e0 l&rsquo;abandon sur chute dans la Grande Boucle, ne poursuivra pas sa saison selon les \u00e9l\u00e9ments rapport\u00e9s. Visma garde tout de m\u00eame une \u00e9quipe solide avec Sepp Kuss, vainqueur de l&rsquo;\u00e9dition 2023, Wout Van Aert, Bruno Armirail, Christophe Laporte et Steven Kruijswijk.<\/p>\n\n\n\n<p class=\"wp-block-paragraph\">Ce contexte rappelle une chose simple : une Vuelta ne se r\u00e9duit pas aux absents. Les dirigeants pr\u00e9sents, les \u00e9quipiers capables de tenir longtemps, les anciens vainqueurs, les coureurs de classiques reconvertis en soutiens de luxe, tout cela peut peser dans le sc\u00e9nario final.<\/p>\n\n\n\n<p class=\"wp-block-paragraph\">Pour <strong>Decathlon CMA CGM<\/strong>, le pari est donc plus discret que spectaculaire. Sans <strong>Seixas<\/strong>, l&rsquo;\u00e9quipe perd une partie du r\u00e9cit \u00e9motionnel. Avec Gall, elle garde une vraie ambition sportive. Avec Bisiaux, elle ajoute une zone d&rsquo;incertitude positive : celle d&rsquo;un jeune coureur qui peut apprendre vite et devenir utile au moment o\u00f9 la course se durcit.<\/p>\n\n\n\n<p class=\"wp-block-paragraph\">Ce n&rsquo;est pas le casting le plus bruyant. Mais sur un Grand Tour, les \u00e9quipes qui avancent sans faire trop de bruit sont parfois celles qu&rsquo;il faut surveiller le plus longtemps.<\/p>\n\n\n\n<pre class=\"wp-block-preformatted\"><\/pre>\n","protected":false},"excerpt":{"rendered":"<p>Decathlon CMA CGM n&rsquo;aligne pas Paul Seixas sur la Vuelta, mais son plan n&rsquo;a rien d&rsquo;un renoncement : F\u00e9lix Gall prend le r\u00f4le de leader, avec L\u00e9o Bisiaux dans une position discr\u00e8te qui peut devenir d\u00e9cisive. La tentation \u00e9tait \u00e9vidente : regarder d&rsquo;abord l&rsquo;absence de Paul Seixas. Apr\u00e8s une quatri\u00e8me place \u00e0 Paris pour son [&hellip;]<\/p>\n","protected":false},"author":2,"featured_media":44687,"comment_status":"open","ping_status":"open","sticky":false,"template":"","format":"standard","meta":{"_acf_changed":false,"_seopress_robots_primary_cat":"none","_seopress_titles_title":"","_seopress_titles_desc":"","_seopress_robots_index":"","footnotes":""},"categories":[38],"tags":[],"class_list":["post-54280","post","type-post","status-publish","format-standard","has-post-thumbnail","hentry","category-cyclisme"],"acf":[],"_links":{"self":[{"href":"https:\/\/mvz-sports.com\/fr\/wp-json\/wp\/v2\/posts\/54280","targetHints":{"allow":["GET"]}}],"collection":[{"href":"https:\/\/mvz-sports.com\/fr\/wp-json\/wp\/v2\/posts"}],"about":[{"href":"https:\/\/mvz-sports.com\/fr\/wp-json\/wp\/v2\/types\/post"}],"author":[{"embeddable":true,"href":"https:\/\/mvz-sports.com\/fr\/wp-json\/wp\/v2\/users\/2"}],"replies":[{"embeddable":true,"href":"https:\/\/mvz-sports.com\/fr\/wp-json\/wp\/v2\/comments?post=54280"}],"version-history":[{"count":2,"href":"https:\/\/mvz-sports.com\/fr\/wp-json\/wp\/v2\/posts\/54280\/revisions"}],"predecessor-version":[{"id":54284,"href":"https:\/\/mvz-sports.com\/fr\/wp-json\/wp\/v2\/posts\/54280\/revisions\/54284"}],"wp:featuredmedia":[{"embeddable":true,"href":"https:\/\/mvz-sports.com\/fr\/wp-json\/wp\/v2\/media\/44687"}],"wp:attachment":[{"href":"https:\/\/mvz-sports.com\/fr\/wp-json\/wp\/v2\/media?parent=54280"}],"wp:term":[{"taxonomy":"category","embeddable":true,"href":"https:\/\/mvz-sports.com\/fr\/wp-json\/wp\/v2\/categories?post=54280"},{"taxonomy":"post_tag","embeddable":true,"href":"https:\/\/mvz-sports.com\/fr\/wp-json\/wp\/v2\/tags?post=54280"}],"curies":[{"name":"wp","href":"https:\/\/api.w.org\/{rel}","templated":true}]}}