{"id":54296,"date":"2026-08-19T21:15:05","date_gmt":"2026-08-19T19:15:05","guid":{"rendered":"https:\/\/mvz-sports.com\/fr\/?p=54296"},"modified":"2026-08-19T15:50:45","modified_gmt":"2026-08-19T13:50:45","slug":"il-etait-sur-une-autre-planete-seixas-reve-de-battre-pogacar-mais-son-premier-tour-de-france-lui-a-montre-le-vrai-prix-de-cette-ambition","status":"publish","type":"post","link":"https:\/\/mvz-sports.com\/fr\/cyclisme\/news\/il-etait-sur-une-autre-planete-seixas-reve-de-battre-pogacar-mais-son-premier-tour-de-france-lui-a-montre-le-vrai-prix-de-cette-ambition","title":{"rendered":"\u00ab Il \u00e9tait sur une autre plan\u00e8te \u00bb : Seixas r\u00eave de battre Pogacar, mais son premier Tour de France lui a montr\u00e9 le vrai prix de cette ambition"},"content":{"rendered":"\n<p class=\"wp-block-paragraph\"><strong>Paul Seixas veut un jour battre Tadej Pogacar, mais son premier Tour de France lui a surtout offert une le\u00e7on brutale : l&rsquo;ambition ne suffit pas quand le Slov\u00e8ne roule \u00e0 ce niveau.<\/strong><\/p>\n\n\n\n<p class=\"wp-block-paragraph\">\u00c0 19 ans, terminer quatri\u00e8me du <strong>Tour de France<\/strong> pour une premi\u00e8re participation ressemble d\u00e9j\u00e0 \u00e0 une anomalie. <strong>Paul Seixas<\/strong> a confirm\u00e9 qu&rsquo;il n&rsquo;\u00e9tait pas seulement un espoir fran\u00e7ais de plus, mais un coureur capable d&rsquo;exister tr\u00e8s vite au plus haut niveau.<\/p>\n\n\n\n<p class=\"wp-block-paragraph\">Le probl\u00e8me, c&rsquo;est que le tr\u00e8s haut niveau avait encore un cran au-dessus. Et ce cran portait le nom de Tadej Pogacar.<\/p>\n\n\n\n<h2 class=\"wp-block-heading\">Seixas a r\u00e9ussi son Tour, mais Pogacar lui a montr\u00e9 l&rsquo;\u00e9cart r\u00e9el<\/h2>\n\n\n\n<p class=\"wp-block-paragraph\">Le bilan brut est fort : quatri\u00e8me du <strong>Tour de France 2026<\/strong>, derri\u00e8re <strong>Tadej Pogacar<\/strong>, <strong>Remco Evenepoel<\/strong> et <strong>Isaac Del Toro<\/strong>. Pour un premier Grand Tour de trois semaines, \u00e0 seulement 19 ans, difficile de parler d&rsquo;\u00e9chec.<\/p>\n\n\n\n<p class=\"wp-block-paragraph\">Seixas avait m\u00eame nourri l&rsquo;id\u00e9e d&rsquo;un podium jusqu&rsquo;au dernier jour. Cette donn\u00e9e change tout dans la lecture de sa performance : il n&rsquo;a pas simplement d\u00e9couvert le cours, il a pes\u00e9 dessus assez longtemps pour croire \u00e0 une place dans les trois premiers.<\/p>\n\n\n\n<p class=\"wp-block-paragraph\">Mais face \u00e0 Pogacar, le Fran\u00e7ais a surtout touch\u00e9 du doigt la diff\u00e9rence entre \u00eatre brillant et \u00eatre injouable. Sa phrase r\u00e9sume ce choc : \u00ab Il \u00e9tait sur une autre plan\u00e8te. C&rsquo;\u00e9tait tr\u00e8s impressionnant. \u00bb<\/p>\n\n\n\n<p class=\"wp-block-paragraph\">Ce n&rsquo;est pas une excuse. C&rsquo;est plut\u00f4t un rep\u00e8re. Seixas n&rsquo;a pas seulement perdu contre le meilleur coureur de la course, il a vu de pr\u00e8s le niveau qu&rsquo;il faudra atteindre s&rsquo;il veut un jour gagner les plus grandes courses.<\/p>\n\n\n\n<h2 class=\"wp-block-heading\">Le vrai prix de son ambition : franchir plusieurs caps, pas br\u00fbler les \u00e9tapes<\/h2>\n\n\n\n<p class=\"wp-block-paragraph\">L&rsquo;int\u00e9r\u00eat de cette sortie, c&rsquo;est qu&rsquo;elle ne transforme pas Seixas en pr\u00e9tendant press\u00e9. Il dit vouloir progresser, travailler, et pouvoir \u00ab vraiment \u00bb se battre contre <strong>Pogacar<\/strong> un jour. Le mot compte : il ne parle pas d&rsquo;un duel de fa\u00e7ade, mais d&rsquo;un affrontement \u00e0 armes \u00e9gales.<\/p>\n\n\n\n<p class=\"wp-block-paragraph\">Il l&rsquo;a d\u00e9j\u00e0 reconnu : pour battre Pogacar quand il est \u00e0 son niveau, il faut atteindre ce niveau-l\u00e0. Et cela suppose \u00ab tellement de caps \u00e0 franchiser \u00bb. Dans le <a href=\"https:\/\/mvz-sports.com\/fr\/cyclisme\">cyclisme<\/a> moderne, ces casquettes ne se limitent pas \u00e0 grimper plus vite.<\/p>\n\n\n\n<p class=\"wp-block-paragraph\">Il faut encaisser trois semaines, g\u00e9rer les jours sans, r\u00e9sister \u00e0 la pression, se placer, r\u00e9cup\u00e9rer, r\u00e9pondre aux attaques, puis recommencer le lendemain. C&rsquo;est exactement ce qu&rsquo;un premier Tour apprend mieux que n&rsquo;importe quel plan de carri\u00e8re.<\/p>\n\n\n\n<p class=\"wp-block-paragraph\">Exemple concret : un coureur peut tenir le podium pendant presque toute une course, puis comprendre dans une seule \u00e9tape de montagne que la diff\u00e9rence se joue autant dans la r\u00e9p\u00e9tition des efforts que dans le talent pur. Pour <strong>Seixas<\/strong>, ce Tour ressemble \u00e0 ce type de r\u00e9v\u00e9lateur.<\/p>\n\n\n\n<h2 class=\"wp-block-heading\">Decathlon-CMA CGM tient un leader, mais pas encore un rival direct de Pogacar<\/h2>\n\n\n\n<p class=\"wp-block-paragraph\">Vincent Lavenu ne cache pas son enthousiasme. Il d\u00e9crit un coureur intelligent, pos\u00e9, dot\u00e9 de qualit\u00e9s physiques exceptionnelles, capable de sprinter, grimper, se placer et rester serein. Le portrait est rare pour un coureur de 19 ans.<\/p>\n\n\n\n<p class=\"wp-block-paragraph\">C&rsquo;est aussi ce qui rend le cas Seixas aussi int\u00e9ressant pour le cyclisme fran\u00e7ais. Il n&rsquo;arrive pas avec une seule sp\u00e9cialit\u00e9 \u00e0 polir, mais avec un profil complet. Sur un Grand Tour, cette polyvalence peut peser tr\u00e8s lourde.<\/p>\n\n\n\n<p class=\"wp-block-paragraph\">Reste la fronti\u00e8re que le <strong>Tour 2026<\/strong> a rendu visible. \u00catre un futur vainqueur potentiel et \u00eatre d\u00e9j\u00e0 capable de battre <strong>Pogacar<\/strong> sont deux choses diff\u00e9rentes. Seixas semble l&rsquo;avoir compris sans perdre son ambition.<\/p>\n\n\n\n<p class=\"wp-block-paragraph\">Sa quatri\u00e8me place ne ferme donc pas le d\u00e9bat, elle l&rsquo;ouvre. S&rsquo;il progresse dans la gestion des trois semaines, dans la r\u00e9sistance aux grands dirigeants et dans sa capacit\u00e9 \u00e0 transformer une pr\u00e9sence au classement g\u00e9n\u00e9ral en menace directe, alors son r\u00eave prendra une autre forme.<\/p>\n\n\n\n<p class=\"wp-block-paragraph\">Pour l&rsquo;instant, son premier Tour lui a donn\u00e9 mieux qu&rsquo;un simple r\u00e9sultat : une carte pr\u00e9cise du sommet \u00e0 gravir.<\/p>\n\n\n\n<pre class=\"wp-block-preformatted\"><\/pre>\n\n\n\n<p class=\"wp-block-paragraph\"><\/p>\n","protected":false},"excerpt":{"rendered":"<p>Paul Seixas veut un jour battre Tadej Pogacar, mais son premier Tour de France lui a surtout offert une le\u00e7on brutale : l&rsquo;ambition ne suffit pas quand le Slov\u00e8ne roule \u00e0 ce niveau. \u00c0 19 ans, terminer quatri\u00e8me du Tour de France pour une premi\u00e8re participation ressemble d\u00e9j\u00e0 \u00e0 une anomalie. Paul Seixas a confirm\u00e9 [&hellip;]<\/p>\n","protected":false},"author":5,"featured_media":54299,"comment_status":"open","ping_status":"open","sticky":false,"template":"","format":"standard","meta":{"_acf_changed":false,"_seopress_robots_primary_cat":"none","_seopress_titles_title":"","_seopress_titles_desc":"","_seopress_robots_index":"","footnotes":""},"categories":[38],"tags":[],"class_list":["post-54296","post","type-post","status-publish","format-standard","has-post-thumbnail","hentry","category-cyclisme"],"acf":[],"_links":{"self":[{"href":"https:\/\/mvz-sports.com\/fr\/wp-json\/wp\/v2\/posts\/54296","targetHints":{"allow":["GET"]}}],"collection":[{"href":"https:\/\/mvz-sports.com\/fr\/wp-json\/wp\/v2\/posts"}],"about":[{"href":"https:\/\/mvz-sports.com\/fr\/wp-json\/wp\/v2\/types\/post"}],"author":[{"embeddable":true,"href":"https:\/\/mvz-sports.com\/fr\/wp-json\/wp\/v2\/users\/5"}],"replies":[{"embeddable":true,"href":"https:\/\/mvz-sports.com\/fr\/wp-json\/wp\/v2\/comments?post=54296"}],"version-history":[{"count":2,"href":"https:\/\/mvz-sports.com\/fr\/wp-json\/wp\/v2\/posts\/54296\/revisions"}],"predecessor-version":[{"id":54301,"href":"https:\/\/mvz-sports.com\/fr\/wp-json\/wp\/v2\/posts\/54296\/revisions\/54301"}],"wp:featuredmedia":[{"embeddable":true,"href":"https:\/\/mvz-sports.com\/fr\/wp-json\/wp\/v2\/media\/54299"}],"wp:attachment":[{"href":"https:\/\/mvz-sports.com\/fr\/wp-json\/wp\/v2\/media?parent=54296"}],"wp:term":[{"taxonomy":"category","embeddable":true,"href":"https:\/\/mvz-sports.com\/fr\/wp-json\/wp\/v2\/categories?post=54296"},{"taxonomy":"post_tag","embeddable":true,"href":"https:\/\/mvz-sports.com\/fr\/wp-json\/wp\/v2\/tags?post=54296"}],"curies":[{"name":"wp","href":"https:\/\/api.w.org\/{rel}","templated":true}]}}