{"id":54351,"date":"2026-08-20T20:15:00","date_gmt":"2026-08-20T18:15:00","guid":{"rendered":"https:\/\/mvz-sports.com\/fr\/?p=54351"},"modified":"2026-08-20T16:53:03","modified_gmt":"2026-08-20T14:53:03","slug":"le-seul-qui-va-super-vite-cest-paul-seixas-leo-bisiaux-lautre-pepite-du-cyclisme-francais-arrive-sur-la-vuelta-avec-un-moteur-encore-sous-estime","status":"publish","type":"post","link":"https:\/\/mvz-sports.com\/fr\/cyclisme\/news\/le-seul-qui-va-super-vite-cest-paul-seixas-leo-bisiaux-lautre-pepite-du-cyclisme-francais-arrive-sur-la-vuelta-avec-un-moteur-encore-sous-estime","title":{"rendered":"\u00ab Le seul qui va super vite, c\u2019est Paul Seixas \u00bb : L\u00e9o Bisiaux l&rsquo;autre p\u00e9pite du cyclisme fran\u00e7ais arrive sur la Vuelta avec un moteur encore sous-estim\u00e9"},"content":{"rendered":"\n<p class=\"wp-block-paragraph\"><strong>L\u00e9o Bisiaux n\u2019arrive pas sur la Vuelta avec le bruit m\u00e9diatique de Paul Seixas, mais c\u2019est peut-\u00eatre justement ce qui rend son cas int\u00e9ressant : il avance vite, sans vouloir br\u00fbler les \u00e9tapes.<\/strong><\/p>\n\n\n\n<p class=\"wp-block-paragraph\">Dans le <a href=\"https:\/\/mvz-sports.com\/fr\/cyclisme\">cyclisme<\/a> fran\u00e7ais, la lumi\u00e8re s\u2019est beaucoup pos\u00e9e sur<strong> Paul Seixas<\/strong>. Logique : quand un coureur de <strong>19 ans<\/strong> explose les rep\u00e8res, tout le monde regarde dans sa direction. Mais derri\u00e8re cette acc\u00e9l\u00e9ration, un autre profil se construit chez <strong>Decathlon CMA CGM.<\/strong><\/p>\n\n\n\n<p class=\"wp-block-paragraph\">L\u00e9o Bisiaux, 21 ans, arrive sur la Vuelta avec une promesse plus discr\u00e8te. Pas celle d\u2019un ph\u00e9nom\u00e8ne qu\u2019on propulse d\u00e9j\u00e0 tout en haut de l\u2019affiche. Plut\u00f4t celle d\u2019un grimpeur-puncheur qui coche de plus en plus de cases, mais qui refuse de confondre progression et pr\u00e9cipitation.<\/p>\n\n\n\n<p class=\"wp-block-paragraph\">Sa phrase r\u00e9sume tout : \u00ab Le seul qui va super vite, c&rsquo;est Paul. Moi, je veux prendre le temps de grandir. Une marche apr\u00e8s l&rsquo;autre \u00bb.<\/p>\n\n\n\n<h2 class=\"wp-block-heading\">Bisiaux n\u2019a pas voulu courir apr\u00e8s le Tour trop t\u00f4t<\/h2>\n\n\n\n<p class=\"wp-block-paragraph\">L\u2019histoire aurait pu prendre un autre virage. Avec sa 5e place au Championnat de France et plusieurs r\u00e9sultats solides au printemps, L\u00e9o Bisiaux avait des arguments pour regarder vers le Tour de France. Il sortait aussi d\u2019un stage avec Decathlon CMA CGM, ce qui nourrissait forc\u00e9ment l\u2019id\u00e9e d\u2019une s\u00e9lection possible.<\/p>\n\n\n\n<p class=\"wp-block-paragraph\">Mais le coureur auvergnat a pr\u00e9f\u00e9r\u00e9 garder le cap fix\u00e9 pendant l\u2019hiver : la Vuelta. Apr\u00e8s Li\u00e8ge-Bastogne-Li\u00e8ge, il a expliqu\u00e9 au staff qu\u2019il ne se sentait pas forc\u00e9ment pr\u00eat \u00e0 partir sur le Tour d\u00e8s 2026. Le choix a \u00e9t\u00e9 respect\u00e9.<\/p>\n\n\n\n<p class=\"wp-block-paragraph\">Ce d\u00e9tail compte. Dans une g\u00e9n\u00e9ration o\u00f9 les tr\u00e8s jeunes coureurs arrivent parfois directement dans les plus grands rendez-vous, Bisiaux assume une trajectoire plus progressive. Ce n\u2019est pas un manque d\u2019ambition. C\u2019est m\u00eame l\u2019inverse : son objectif d\u00e9clar\u00e9 est de devenir un coureur de Grand Tour.<\/p>\n\n\n\n<p class=\"wp-block-paragraph\">La diff\u00e9rence, c\u2019est le tempo. Paul Seixas symbolise l\u2019explosion imm\u00e9diate. Bisiaux cherche plut\u00f4t \u00e0 empiler les preuves, \u00e9tape apr\u00e8s \u00e9tape, sans se laisser aspirer par la comparaison.<\/p>\n\n\n\n<h2 class=\"wp-block-heading\">Un grimpeur-puncheur d\u00e9j\u00e0 arm\u00e9 pour viser une \u00e9tape<\/h2>\n\n\n\n<p class=\"wp-block-paragraph\">Le moteur n\u2019est pas sorti de nulle part. Avant cette Vuelta, Bisiaux a d\u00e9j\u00e0 laiss\u00e9 des traces : 3e de la Classic Grand Besan\u00e7on Doubs, 2e du Tour du Jura, 15e de la Fl\u00e8che Wallonne, 12e \u00e0 Li\u00e8ge-Bastogne-Li\u00e8ge, puis encore plac\u00e9 sur la Mercan\u2019Tour Classic Alpes-Maritimes et le Tour Auvergne Rh\u00f4ne-Alpes.<\/p>\n\n\n\n<p class=\"wp-block-paragraph\">Son profil est clair : grimpeur-puncheur, l\u00e9ger, \u00e0 l\u2019aise quand la route se cabre et que les efforts se r\u00e9p\u00e8tent. L\u2019Espagne peut bien lui convenir, avec ses repechos, ces bosses s\u00e8ches qui usent autant les jambes que la lucidit\u00e9.<\/p>\n\n\n\n<p class=\"wp-block-paragraph\">Il ne d\u00e9barque pas non plus sans exp\u00e9rience. Sa Vuelta pr\u00e9c\u00e9dente a \u00e9t\u00e9 difficile, avec une 52e place finale et une journ\u00e9e tr\u00e8s compliqu\u00e9e vers Valdezcaray. Mais cette premi\u00e8re course de trois semaines lui a donn\u00e9 un rep\u00e8re concret : il sait ce que co\u00fbte un Grand Tour quand le corps ne r\u00e9pond pas comme pr\u00e9vu.<\/p>\n\n\n\n<p class=\"wp-block-paragraph\">Cette fois, son objectif est plus lisible. Il ne court pas apr\u00e8s le maillot de meilleur grimpeur. Il vise une victoire d\u2019\u00e9tape, tout en restant disponible pour Felix Gall, annonc\u00e9 comme le leader de <strong>Decathlon CMA CGM<\/strong> sur le g\u00e9n\u00e9ral.<\/p>\n\n\n\n<p class=\"wp-block-paragraph\"><strong>Cas concret pour suivre sa Vuelta :<\/strong>&nbsp;si Bisiaux passe correctement le premier week-end, avec les arriv\u00e9es difficiles \u00e0 Font-Romeu puis en Andorre, son \u00e9quipe pourra lui laisser davantage de marge dans une \u00e9chapp\u00e9e. C\u2019est typiquement le sc\u00e9nario o\u00f9 un coureur comme lui peut devenir dangereux : pas encore marqu\u00e9 comme un leader absolu, mais assez fort pour finir le travail si la bonne \u00e9chapp\u00e9e prend du champ.<\/p>\n\n\n\n<h2 class=\"wp-block-heading\">La comparaison avec Seixas peut l\u2019aider plut\u00f4t que l\u2019\u00e9craser<\/h2>\n\n\n\n<p class=\"wp-block-paragraph\">La tentation est simple : mettre <strong>Paul Seixas<\/strong> et <strong>L\u00e9o Bisiaux<\/strong> dans le m\u00eame panier des p\u00e9pites fran\u00e7aises. Ce serait pratique, mais trop court. Leur moment m\u00e9diatique n\u2019est pas le m\u00eame, leur exposition non plus, et Bisiaux fait tout pour ne pas courir dans l\u2019ombre d\u2019un autre.<\/p>\n\n\n\n<p class=\"wp-block-paragraph\">Son pass\u00e9 en cyclo-cross donne aussi une autre lecture de son profil. <strong>Champion du monde<\/strong>, d\u2019Europe et de France juniors en 2023, encore titr\u00e9 nationalement chez les Espoirs, il vient d\u2019une discipline qui forge le sens de l\u2019effort r\u00e9p\u00e9t\u00e9, du placement et de l\u2019instinct. Sur route, ce bagage ne garantit rien, mais il explique en partie cette capacit\u00e9 \u00e0 encaisser des courses nerveuses.<\/p>\n\n\n\n<p class=\"wp-block-paragraph\">Le plus int\u00e9ressant, finalement, c\u2019est son refus de se laisser enfermer dans l\u2019urgence. Bisiaux sait que le cyclisme actuel r\u00e9compense tr\u00e8s vite les prodiges. Il sait aussi qu\u2019un coureur de Grand Tour se construit souvent dans les jours sans, dans les r\u00f4les d\u2019\u00e9quipier, dans les \u00e9chapp\u00e9es rat\u00e9es et dans les semaines o\u00f9 il faut finir avant de briller.<\/p>\n\n\n\n<p class=\"wp-block-paragraph\">Sur cette <strong>Vuelta<\/strong>, il n\u2019a pas besoin de faire oublier Seixas. Il doit surtout montrer que la France ne tient pas qu\u2019une seule trajectoire d\u2019avenir. Certaines explosent d\u2019un coup. D\u2019autres montent plus doucement, avec un moteur qu\u2019on entend moins au d\u00e9part, mais qui peut faire tr\u00e8s mal quand la route s\u2019\u00e9l\u00e8ve.<\/p>\n\n\n\n<p class=\"wp-block-paragraph\"><\/p>\n","protected":false},"excerpt":{"rendered":"<p>L\u00e9o Bisiaux n\u2019arrive pas sur la Vuelta avec le bruit m\u00e9diatique de Paul Seixas, mais c\u2019est peut-\u00eatre justement ce qui rend son cas int\u00e9ressant : il avance vite, sans vouloir br\u00fbler les \u00e9tapes. Dans le cyclisme fran\u00e7ais, la lumi\u00e8re s\u2019est beaucoup pos\u00e9e sur Paul Seixas. Logique : quand un coureur de 19 ans explose les [&hellip;]<\/p>\n","protected":false},"author":2,"featured_media":54354,"comment_status":"open","ping_status":"open","sticky":false,"template":"","format":"standard","meta":{"_acf_changed":false,"_seopress_robots_primary_cat":"none","_seopress_titles_title":"","_seopress_titles_desc":"","_seopress_robots_index":"","footnotes":""},"categories":[38],"tags":[],"class_list":["post-54351","post","type-post","status-publish","format-standard","has-post-thumbnail","hentry","category-cyclisme"],"acf":[],"_links":{"self":[{"href":"https:\/\/mvz-sports.com\/fr\/wp-json\/wp\/v2\/posts\/54351","targetHints":{"allow":["GET"]}}],"collection":[{"href":"https:\/\/mvz-sports.com\/fr\/wp-json\/wp\/v2\/posts"}],"about":[{"href":"https:\/\/mvz-sports.com\/fr\/wp-json\/wp\/v2\/types\/post"}],"author":[{"embeddable":true,"href":"https:\/\/mvz-sports.com\/fr\/wp-json\/wp\/v2\/users\/2"}],"replies":[{"embeddable":true,"href":"https:\/\/mvz-sports.com\/fr\/wp-json\/wp\/v2\/comments?post=54351"}],"version-history":[{"count":2,"href":"https:\/\/mvz-sports.com\/fr\/wp-json\/wp\/v2\/posts\/54351\/revisions"}],"predecessor-version":[{"id":54356,"href":"https:\/\/mvz-sports.com\/fr\/wp-json\/wp\/v2\/posts\/54351\/revisions\/54356"}],"wp:featuredmedia":[{"embeddable":true,"href":"https:\/\/mvz-sports.com\/fr\/wp-json\/wp\/v2\/media\/54354"}],"wp:attachment":[{"href":"https:\/\/mvz-sports.com\/fr\/wp-json\/wp\/v2\/media?parent=54351"}],"wp:term":[{"taxonomy":"category","embeddable":true,"href":"https:\/\/mvz-sports.com\/fr\/wp-json\/wp\/v2\/categories?post=54351"},{"taxonomy":"post_tag","embeddable":true,"href":"https:\/\/mvz-sports.com\/fr\/wp-json\/wp\/v2\/tags?post=54351"}],"curies":[{"name":"wp","href":"https:\/\/api.w.org\/{rel}","templated":true}]}}