{"id":54367,"date":"2026-08-20T17:39:00","date_gmt":"2026-08-20T15:39:00","guid":{"rendered":"https:\/\/mvz-sports.com\/fr\/?p=54367"},"modified":"2026-08-20T17:39:02","modified_gmt":"2026-08-20T15:39:02","slug":"le-tour-dallemagne-a-change-de-patron-et-il-est-francais-louis-barre-remporte-la-seconde-etape-et-prend-le-maillot-de-leader","status":"publish","type":"post","link":"https:\/\/mvz-sports.com\/fr\/cyclisme\/news\/le-tour-dallemagne-a-change-de-patron-et-il-est-francais-louis-barre-remporte-la-seconde-etape-et-prend-le-maillot-de-leader","title":{"rendered":"Le Tour d\u2019Allemagne a chang\u00e9 de patron et il est fran\u00e7ais : Louis Barr\u00e9 remporte la seconde \u00e9tape et prend le maillot de leader"},"content":{"rendered":"\n<p class=\"wp-block-paragraph\"><strong>Louis Barr\u00e9 a choisi le bon moment pour bouger : une attaque \u00e0 deux kilom\u00e8tres de l\u2019arriv\u00e9e lui a offert l\u2019\u00e9tape du Tour d\u2019Allemagne et le maillot de leader.<\/strong><\/p>\n\n\n\n<p class=\"wp-block-paragraph\">Sur une \u00e9tape longue de 215 kilom\u00e8tres entre Bad Orb et Schw\u00e4bisch Hall, le Fran\u00e7ais n\u2019a pas attendu le sprint ni un marquage st\u00e9rile entre favoris. Il a attaqu\u00e9 dans le final, assez loin pour cr\u00e9er l\u2019\u00e9cart, assez pr\u00e8s pour tenir jusqu\u2019\u00e0 la ligne.<\/p>\n\n\n\n<p class=\"wp-block-paragraph\">Le coup est double. Barr\u00e9 s\u2019impose en solitaire sous les couleurs du Team Visma | Lease-a-Bike, pendant qu\u2019Isaac Del Toro, vainqueur la veille selon les \u00e9l\u00e9ments disponibles, prend la deuxi\u00e8me place devant Giulio Ciccone. Le classement g\u00e9n\u00e9ral bascule avec cette arriv\u00e9e.<\/p>\n\n\n\n<h2 class=\"wp-block-heading\">Deux kilom\u00e8tres qui changent toute la lecture de la course<\/h2>\n\n\n\n<p class=\"wp-block-paragraph\">La sc\u00e8ne cl\u00e9 tient en peu de mots : \u00e0 cinq kilom\u00e8tres de l\u2019arriv\u00e9e, Mathias Vacek attaque. Louis Barr\u00e9 et Paul Magnier prennent la poursuite. Puis Barr\u00e9 fait la diff\u00e9rence \u00e0 deux kilom\u00e8tres de la ligne.<\/p>\n\n\n\n<p class=\"wp-block-paragraph\">Ce n\u2019est pas seulement une attaque de puncheur. C\u2019est une d\u00e9cision de timing. \u00c0 ce moment-l\u00e0, les favoris sont encore proches, mais l\u2019arriv\u00e9e est assez proche pour qu\u2019un coureur fort puisse tenir en apn\u00e9e jusqu\u2019au bout.<\/p>\n\n\n\n<p class=\"wp-block-paragraph\">Derri\u00e8re, le retour est puissant. Trop tard. Isaac Del Toro r\u00e8gle la chasse pour la deuxi\u00e8me place, Giulio Ciccone compl\u00e8te le podium, mais Barr\u00e9 a d\u00e9j\u00e0 transform\u00e9 son initiative en victoire.<\/p>\n\n\n\n<h2 class=\"wp-block-heading\">Visma avait des cartes, Barr\u00e9 les a converties<\/h2>\n\n\n\n<p class=\"wp-block-paragraph\">La victoire ne sort pas de nulle part. La course avait d\u00e9j\u00e0 \u00e9t\u00e9 durcie bien avant l\u2019emballage final. Une \u00e9chapp\u00e9e de cinq coureurs s\u2019\u00e9tait form\u00e9e, avant d\u2019\u00eatre r\u00e9duite \u00e0 trois unit\u00e9s. Son avance a d\u00e9pass\u00e9 les cinq minutes \u00e0 140 kilom\u00e8tres de l\u2019arriv\u00e9e.<\/p>\n\n\n\n<p class=\"wp-block-paragraph\">La pluie a ensuite compliqu\u00e9 le sc\u00e9nario \u00e0 moins de 60 kilom\u00e8tres du but. Alexys Brunel et plusieurs favoris ont profit\u00e9 d\u2019une bosse pour acc\u00e9l\u00e9rer dans le peloton. Un groupe d\u2019environ seize coureurs s\u2019est d\u00e9tach\u00e9, avec Del Toro et Barr\u00e9 parmi les hommes pr\u00e9sents.<\/p>\n\n\n\n<p class=\"wp-block-paragraph\">Visma | Lease-a-Bike a alors pes\u00e9 sur la course gr\u00e2ce \u00e0 son avantage num\u00e9rique. Lemmen et Kelderman ont multipli\u00e9 les offensives, for\u00e7ant les autres \u00e9quipes \u00e0 r\u00e9pondre et \u00e0 user leurs relais. M\u00eame quand le peloton s\u2019est reform\u00e9, la journ\u00e9e avait d\u00e9j\u00e0 chang\u00e9 de rythme.<\/p>\n\n\n\n<p class=\"wp-block-paragraph\">Dans les trente derniers kilom\u00e8tres, Pellizzari a relanc\u00e9, puis Kelderman et Th\u00e9ot Hebert se sont isol\u00e9s en t\u00eate. Leur avance a atteint jusqu\u2019\u00e0 25 secondes avant d\u2019\u00eatre reprise dans les dix derniers kilom\u00e8tres. Barr\u00e9 a donc attaqu\u00e9 apr\u00e8s une succession de secousses, pas dans une course verrouill\u00e9e.<\/p>\n\n\n\n<h2 class=\"wp-block-heading\">Un maillot de leader qui r\u00e9compense plus qu\u2019un sprint final<\/h2>\n\n\n\n<p class=\"wp-block-paragraph\">La prise du classement g\u00e9n\u00e9ral donne une autre dimension \u00e0 la victoire. Barr\u00e9 ne se contente pas de gagner une \u00e9tape : il d\u00e9loge Isaac Del Toro, qui portait le maillot apr\u00e8s son succ\u00e8s de la veille selon les informations disponibles.<\/p>\n\n\n\n<p class=\"wp-block-paragraph\">Ce d\u00e9tail compte pour la suite. Un leader sorti d\u2019un sprint massif n\u2019envoie pas le m\u00eame signal qu\u2019un coureur capable d\u2019attaquer dans le final, de r\u00e9sister au retour des favoris et de conclure seul. Barr\u00e9 a montr\u00e9 une capacit\u00e9 \u00e0 lire le moment exact o\u00f9 l\u2019attente devient dangereuse pour les autres.<\/p>\n\n\n\n<p class=\"wp-block-paragraph\">Pour Team Visma | Lease-a-Bike, c\u2019est aussi une victoire construite par la pression collective. Les offensives pr\u00e9c\u00e9dentes ont ouvert la course, fatigu\u00e9 les poursuivants et rendu le final plus nerveux. Barr\u00e9 a fini le travail.<\/p>\n\n\n\n<p class=\"wp-block-paragraph\">Le Tour d\u2019Allemagne change donc de patron sur une s\u00e9quence courte, mais tr\u00e8s parlante. Deux kilom\u00e8tres ont suffi pour renverser l\u2019\u00e9tape, le g\u00e9n\u00e9ral et la hi\u00e9rarchie provisoire d\u2019une course o\u00f9 les favoris n\u2019ont jamais vraiment pu respirer.<\/p>\n","protected":false},"excerpt":{"rendered":"<p>Louis Barr\u00e9 a choisi le bon moment pour bouger : une attaque \u00e0 deux kilom\u00e8tres de l\u2019arriv\u00e9e lui a offert l\u2019\u00e9tape du Tour d\u2019Allemagne et le maillot de leader. Sur une \u00e9tape longue de 215 kilom\u00e8tres entre Bad Orb et Schw\u00e4bisch Hall, le Fran\u00e7ais n\u2019a pas attendu le sprint ni un marquage st\u00e9rile entre favoris. [&hellip;]<\/p>\n","protected":false},"author":6,"featured_media":54368,"comment_status":"open","ping_status":"open","sticky":false,"template":"","format":"standard","meta":{"_acf_changed":false,"_seopress_robots_primary_cat":"none","_seopress_titles_title":"","_seopress_titles_desc":"","_seopress_robots_index":"","footnotes":""},"categories":[38],"tags":[],"class_list":["post-54367","post","type-post","status-publish","format-standard","has-post-thumbnail","hentry","category-cyclisme"],"acf":[],"_links":{"self":[{"href":"https:\/\/mvz-sports.com\/fr\/wp-json\/wp\/v2\/posts\/54367","targetHints":{"allow":["GET"]}}],"collection":[{"href":"https:\/\/mvz-sports.com\/fr\/wp-json\/wp\/v2\/posts"}],"about":[{"href":"https:\/\/mvz-sports.com\/fr\/wp-json\/wp\/v2\/types\/post"}],"author":[{"embeddable":true,"href":"https:\/\/mvz-sports.com\/fr\/wp-json\/wp\/v2\/users\/6"}],"replies":[{"embeddable":true,"href":"https:\/\/mvz-sports.com\/fr\/wp-json\/wp\/v2\/comments?post=54367"}],"version-history":[{"count":2,"href":"https:\/\/mvz-sports.com\/fr\/wp-json\/wp\/v2\/posts\/54367\/revisions"}],"predecessor-version":[{"id":54376,"href":"https:\/\/mvz-sports.com\/fr\/wp-json\/wp\/v2\/posts\/54367\/revisions\/54376"}],"wp:featuredmedia":[{"embeddable":true,"href":"https:\/\/mvz-sports.com\/fr\/wp-json\/wp\/v2\/media\/54368"}],"wp:attachment":[{"href":"https:\/\/mvz-sports.com\/fr\/wp-json\/wp\/v2\/media?parent=54367"}],"wp:term":[{"taxonomy":"category","embeddable":true,"href":"https:\/\/mvz-sports.com\/fr\/wp-json\/wp\/v2\/categories?post=54367"},{"taxonomy":"post_tag","embeddable":true,"href":"https:\/\/mvz-sports.com\/fr\/wp-json\/wp\/v2\/tags?post=54367"}],"curies":[{"name":"wp","href":"https:\/\/api.w.org\/{rel}","templated":true}]}}