{"id":54381,"date":"2026-08-21T06:33:00","date_gmt":"2026-08-21T04:33:00","guid":{"rendered":"https:\/\/mvz-sports.com\/fr\/?p=54381"},"modified":"2026-08-20T18:01:36","modified_gmt":"2026-08-20T16:01:36","slug":"le-cecifoot-francais-craignait-loubli-apres-les-jo-mais-avec-trois-victoires-et-des-tribunes-pleines-les-bleus-gardent-leur-lumiere-et-visent-le-titre","status":"publish","type":"post","link":"https:\/\/mvz-sports.com\/fr\/jeux-olympiques-dhiver-2026-milano-cortina\/news\/le-cecifoot-francais-craignait-loubli-apres-les-jo-mais-avec-trois-victoires-et-des-tribunes-pleines-les-bleus-gardent-leur-lumiere-et-visent-le-titre","title":{"rendered":"Le c\u00e9cifoot fran\u00e7ais craignait l\u2019oubli apr\u00e8s les JO mais avec trois victoires et des tribunes pleines, les Bleus gardent leur lumi\u00e8re et visent le titre"},"content":{"rendered":"\n<p class=\"wp-block-paragraph\"><strong>Deux ans apr\u00e8s Paris 2024, les Bleus du c\u00e9cifoot avaient une question simple devant eux : l&rsquo;or paralympique allait-il laisser une trace, ou dispara\u00eetre une fois la f\u00eate termin\u00e9e ? \u00c0 Strasbourg, les premiers signaux sont puissants.<\/strong><\/p>\n\n\n\n<p class=\"wp-block-paragraph\"><br><strong>L&rsquo;Euro de c\u00e9cifoot<\/strong> install\u00e9 pr\u00e8s du Parlement europ\u00e9en n&rsquo;est pas seulement une comp\u00e9tition \u00e0 \u00e9limination directe. Pour l&rsquo;\u00e9quipe de France, championne paralympique et titulaire du titre europ\u00e9en, c&rsquo;est un test de m\u00e9moire collective.<\/p>\n\n\n\n<p class=\"wp-block-paragraph\">Les tribunes r\u00e9pondent. Les r\u00e9sultats aussi. Apr\u00e8s trois victoires en trois matches de poule, contre l&rsquo;Angleterre, la Gr\u00e8ce puis l&rsquo;Allemagne, les Bleus avancent vers leur demi-finale contre l&rsquo;Italie avec une chose pr\u00e9cieuse : le sentiment que l&rsquo;\u00e9lan de Paris 2024 n&rsquo;a pas totalement disparu.<\/p>\n\n\n\n<h2 class=\"wp-block-heading\">Trois victoires et un stade plein : les Bleus entretiennent l&rsquo;\u00e9lan<\/h2>\n\n\n\n<p class=\"wp-block-paragraph\">Sur le terrain, la France a fait le travail. Les Bleus ont battu l&rsquo;Angleterre 4-1, domin\u00e9 la Gr\u00e8ce 3-0, puis arrach\u00e9 un succ\u00e8s plus serr\u00e9 contre l&rsquo;Allemagne, 1-0. Un parcours parfait en phase de poules, assez solide pour rappeler le statut de cette \u00e9quipe.<\/p>\n\n\n\n<p class=\"wp-block-paragraph\">Babacar Niang a pris une place forte dans ce d\u00e9but d&rsquo;Euro. D\u00e9j\u00e0 auteur d&rsquo;un triple face \u00e0 la Gr\u00e8ce, il a encore marqu\u00e9 contre l&rsquo;Allemagne, sur coup franc, pour offrir la victoire aux Bleus. Quatre buts en trois matches : l&rsquo;efficacit\u00e9 individuelle donne du relief \u00e0 une dynamique collective d\u00e9j\u00e0 install\u00e9e.<\/p>\n\n\n\n<p class=\"wp-block-paragraph\">Mais le vrai marqueur de cette semaine se trouve aussi autour du terrain. Le stade de l&rsquo;Europe, annonc\u00e9 \u00e0 1 000 places, a fait le plein ou presque lors des matchs de la France. Les demi-finales et la finale sont d\u00e9j\u00e0 annonc\u00e9es \u00e0 guichets ferm\u00e9s. Pour une discipline qui craignait de retomber dans l&rsquo;ombre apr\u00e8s les Jeux, ce d\u00e9tail compte \u00e9norm\u00e9ment.<\/p>\n\n\n\n<p class=\"wp-block-paragraph\">Le sc\u00e9nario est concret. Un spectateur alsacien peut venir en famille, retrouver une partie de l&rsquo;\u00e9motion v\u00e9cue pendant Paris 2024, puis d\u00e9couvrir une discipline exigeante, technique, tactique, o\u00f9 le silence et les rep\u00e8res sonores font partie du jeu. Ce n&rsquo;est pas une simple parenth\u00e8se paralympique : c&rsquo;est un spectacle sportif qui existe par lui-m\u00eame.<\/p>\n\n\n\n<h2 class=\"wp-block-heading\">\u00ab Paris 2024 a chang\u00e9 le regard \u00bb : l&rsquo;h\u00e9ritage se voit aussi hors du terrain<\/h2>\n\n\n\n<p class=\"wp-block-paragraph\">La phrase de Laurie Schlienger r\u00e9sume l&rsquo;enjeu de cet Euro : \u00ab Paris 2024 a chang\u00e9 le regard des gens sur le handicap \u00bb. Elle ne parle pas seulement de notori\u00e9t\u00e9. Elle parle d&rsquo;un avant et d&rsquo;un apr\u00e8s dans la mani\u00e8re de convaincre, de financer, d&rsquo;organiser.<\/p>\n\n\n\n<p class=\"wp-block-paragraph\">Avant les Jeux paralympiques, pr\u00e9senter le c\u00e9cifoot demandait du temps. Il fallait expliquer la discipline, ses r\u00e8gles, ses codes, ses joueurs. Depuis le titre fran\u00e7ais \u00e0 Paris, certains noms et certaines images sont conserv\u00e9s. Cette reconnaissance facilite la recherche de partenaires et donne plus de poids \u00e0 un \u00e9v\u00e9nement comme l&rsquo;Euro de Strasbourg.<\/p>\n\n\n\n<p class=\"wp-block-paragraph\">Le budget annonc\u00e9, 900 000 euros pour la semaine de comp\u00e9tition, montre aussi que l&rsquo;organisation a chang\u00e9 d&rsquo;\u00e9chelle. Le mini-village, les stands, les b\u00e9n\u00e9voles, les partenaires locaux : tout participe \u00e0 installer le c\u00e9cifoot dans un format plus visible que le simple rendez-vous sportif confidentiel.<\/p>\n\n\n\n<p class=\"wp-block-paragraph\">Le choix du lieu renforce cette impression. Jouer au pied du Parlement europ\u00e9en donne une image forte, presque une signature visuelle. Un supporter l&rsquo;a r\u00e9sum\u00e9 avec une formule simple : \u00ab Au pied du Parlement, \u00e7a fait vraiment carte postale \u00bb. Pour une discipline qui cherche \u00e0 rester dans les t\u00eates, l&rsquo;image compte presque autant que le r\u00e9sultat.<\/p>\n\n\n\n<h2 class=\"wp-block-heading\">France-Italie, puis peut-\u00eatre une finale : le titre peut donner une suite \u00e0 la lumi\u00e8re<\/h2>\n\n\n\n<p class=\"wp-block-paragraph\">La suite sportive est limpide : la France affronte l&rsquo;Italie en demi-finale vendredi \u00e0 21 heures. Les Bleus ne jouent pas seulement une place en finale. Ils d\u00e9fendent aussi une position nouvelle, celle d&rsquo;une \u00e9quipe devenue attendue.<\/p>\n\n\n\n<p class=\"wp-block-paragraph\">Cette pression n&rsquo;a rien d&rsquo;anodine. Apr\u00e8s Paris 2024, le c\u00e9cifoot fran\u00e7ais ne peut plus seulement vivre sur le souvenir d&rsquo;une m\u00e9daille d&rsquo;or. Il doit transformer cet \u00e9lan en rendez-vous r\u00e9guliers, en publics pr\u00e9sents, en clubs renforc\u00e9s, en partenaires qui restent quand les projecteurs se d\u00e9placent.<\/p>\n\n\n\n<p class=\"wp-block-paragraph\">R\u00e9mi Garranger rappelle que la r\u00e9ussite d&rsquo;un tel \u00e9v\u00e9nement d\u00e9pend aussi des clubs, des b\u00e9n\u00e9voles, des entra\u00eeneurs, des joueurs et des salari\u00e9s qui font vivre la discipline toute l&rsquo;ann\u00e9e. C&rsquo;est le point le plus important : une semaine pleine \u00e0 Strasbourg ne suffit pas \u00e0 tout r\u00e9gler, mais elle peut donner un vrai coup de lumi\u00e8re.<\/p>\n\n\n\n<p class=\"wp-block-paragraph\">Si les Bleus vont au combat, le c\u00e9cifoot fran\u00e7ais gagnera plus qu&rsquo;un troph\u00e9e europ\u00e9en. Il prouvea que l&rsquo;\u00e9motion de Paris 2024 peut survivre ailleurs, dans une autre ville, devant un autre d\u00e9cor, avec un public encore pr\u00eat \u00e0 suivre. C&rsquo;est peut-\u00eatre l\u00e0 que se joue le vrai h\u00e9ritage des Jeux.<\/p>\n\n\n\n<pre class=\"wp-block-preformatted\"><\/pre>\n\n\n\n<p class=\"wp-block-paragraph\"><\/p>\n","protected":false},"excerpt":{"rendered":"<p>Deux ans apr\u00e8s Paris 2024, les Bleus du c\u00e9cifoot avaient une question simple devant eux : l&rsquo;or paralympique allait-il laisser une trace, ou dispara\u00eetre une fois la f\u00eate termin\u00e9e ? \u00c0 Strasbourg, les premiers signaux sont puissants. L&rsquo;Euro de c\u00e9cifoot install\u00e9 pr\u00e8s du Parlement europ\u00e9en n&rsquo;est pas seulement une comp\u00e9tition \u00e0 \u00e9limination directe. Pour l&rsquo;\u00e9quipe [&hellip;]<\/p>\n","protected":false},"author":2,"featured_media":54384,"comment_status":"open","ping_status":"open","sticky":false,"template":"","format":"standard","meta":{"_acf_changed":false,"_seopress_robots_primary_cat":"none","_seopress_titles_title":"","_seopress_titles_desc":"","_seopress_robots_index":"","footnotes":""},"categories":[37],"tags":[],"class_list":["post-54381","post","type-post","status-publish","format-standard","has-post-thumbnail","hentry","category-jeux-olympiques-dhiver-2026-milano-cortina"],"acf":[],"_links":{"self":[{"href":"https:\/\/mvz-sports.com\/fr\/wp-json\/wp\/v2\/posts\/54381","targetHints":{"allow":["GET"]}}],"collection":[{"href":"https:\/\/mvz-sports.com\/fr\/wp-json\/wp\/v2\/posts"}],"about":[{"href":"https:\/\/mvz-sports.com\/fr\/wp-json\/wp\/v2\/types\/post"}],"author":[{"embeddable":true,"href":"https:\/\/mvz-sports.com\/fr\/wp-json\/wp\/v2\/users\/2"}],"replies":[{"embeddable":true,"href":"https:\/\/mvz-sports.com\/fr\/wp-json\/wp\/v2\/comments?post=54381"}],"version-history":[{"count":2,"href":"https:\/\/mvz-sports.com\/fr\/wp-json\/wp\/v2\/posts\/54381\/revisions"}],"predecessor-version":[{"id":54386,"href":"https:\/\/mvz-sports.com\/fr\/wp-json\/wp\/v2\/posts\/54381\/revisions\/54386"}],"wp:featuredmedia":[{"embeddable":true,"href":"https:\/\/mvz-sports.com\/fr\/wp-json\/wp\/v2\/media\/54384"}],"wp:attachment":[{"href":"https:\/\/mvz-sports.com\/fr\/wp-json\/wp\/v2\/media?parent=54381"}],"wp:term":[{"taxonomy":"category","embeddable":true,"href":"https:\/\/mvz-sports.com\/fr\/wp-json\/wp\/v2\/categories?post=54381"},{"taxonomy":"post_tag","embeddable":true,"href":"https:\/\/mvz-sports.com\/fr\/wp-json\/wp\/v2\/tags?post=54381"}],"curies":[{"name":"wp","href":"https:\/\/api.w.org\/{rel}","templated":true}]}}