{"id":54387,"date":"2026-08-21T07:36:00","date_gmt":"2026-08-21T05:36:00","guid":{"rendered":"https:\/\/mvz-sports.com\/fr\/?p=54387"},"modified":"2026-08-21T04:40:35","modified_gmt":"2026-08-21T02:40:35","slug":"alaphilippe-quitte-le-velo-avec-une-carriere-de-puncheur-de-champion-du-monde-et-dhomme-de-tour","status":"publish","type":"post","link":"https:\/\/mvz-sports.com\/fr\/cyclisme\/news\/alaphilippe-quitte-le-velo-avec-une-carriere-de-puncheur-de-champion-du-monde-et-dhomme-de-tour","title":{"rendered":"Alaphilippe quitte le v\u00e9lo avec une carri\u00e8re de puncheur, de champion du monde et d\u2019homme de Tour"},"content":{"rendered":"\n<p class=\"wp-block-paragraph\"><strong>Julian Alaphilippe laisse derri\u00e8re lui une carri\u00e8re facile \u00e0 reprendre en trois images : une attaque dans une bosse, un maillot arc-en-ciel et quatre jours en jaune sur le Tour.<\/strong><\/p>\n\n\n\n<p class=\"wp-block-paragraph\">\u00c0 34 ans, le coureur fran\u00e7ais met fin \u00e0 sa carri\u00e8re de <a href=\"https:\/\/mvz-sports.com\/fr\/cyclisme\">cyclisme<\/a>. La d\u00e9cision arrive alors qu&rsquo;il lui restait encore une ann\u00e9e de contrat avec Tudor, l&rsquo;\u00e9quipe suisse qu&rsquo;il avait rejointe en 2025 selon les \u00e9l\u00e9ments disponibles.<\/p>\n\n\n\n<p class=\"wp-block-paragraph\">Le signal \u00e9tait d\u00e9j\u00e0 tr\u00e8s clair au sortir du <strong>Tour de France<\/strong>. <strong>Alaphilippe<\/strong> avait parl\u00e9 de fatigue, d&rsquo;\u00e9motion et d&rsquo;un possible dernier Tour. \u00ab Il n&rsquo;y a rien d&rsquo;officiel mais il ne faut pas s&rsquo;attendre \u00e0 me revoir \u00bb, avait-il confi\u00e9, en expliquant avoir tout donn\u00e9 malgr\u00e9 l&rsquo;absence de grand succ\u00e8s.<\/p>\n\n\n\n<p class=\"wp-block-paragraph\">Sa retraite ne ferme pas seulement un palmar\u00e8s. Elle se r\u00e9f\u00e8re surtout \u00e0 une mani\u00e8re de courir. <strong>Alaphilippe<\/strong> n&rsquo;a jamais \u00e9t\u00e9 le coureur le plus pr\u00e9visible du peloton fran\u00e7ais. Son meilleur territoire, c&rsquo;\u00e9tait la rupture : une acc\u00e9l\u00e9ration s\u00e8che, un final nerveux, une course qui bascule quand la route se cabre.<\/p>\n\n\n\n<h2 class=\"wp-block-heading\">Le puncheur qui a b\u00e2ti sa l\u00e9gende dans les boss<\/h2>\n\n\n\n<p class=\"wp-block-paragraph\">La premi\u00e8re image qui colle \u00e0 <strong>Julian Alaphilippe<\/strong>, c&rsquo;est celle du puncheur. Le coureur capable de transformer une arriv\u00e9e en c\u00f4te en duel brutal, presque instinctif. Dans ce registre, son palmar\u00e8s parle vite.<\/p>\n\n\n\n<p class=\"wp-block-paragraph\">Il a remport\u00e9 trois fois la Fl\u00e8che Wallonne, l&rsquo;une des courses qui reprennent le mieux ce profil. Le Mur de Huy ne pardonne pas les approximations : il faut attendre, encaisser, placer son effort au bon moment, puis r\u00e9sister jusqu&rsquo;\u00e0 la ligne. Alaphilippe a trouv\u00e9 l&rsquo;un de ses terrains naturels.<\/p>\n\n\n\n<p class=\"wp-block-paragraph\">Mais le portrait ne s&rsquo;arr\u00eate pas \u00e0 cette course. La Clasica San Sebastian, les Strade Bianche et Milan-San Remo ajoutent une autre couleur \u00e0 son CV. Ces victoires montrent un coureur de classiques, capable d&rsquo;exister sur des sc\u00e9narios diff\u00e9rents, entre placement, explosivit\u00e9 et lecture de course.<\/p>\n\n\n\n<p class=\"wp-block-paragraph\">C&rsquo;est ce qui a longtemps fait sa force aupr\u00e8s du public. M\u00eame quand il ne gagnait pas, il donnait rarement l&rsquo;impression de subir compl\u00e8tement. Une attaque d&rsquo;Alaphilippe avait quelque chose de lisible pour le spectateur : on comprenait tout de suite ce qu&rsquo;il tentait, et pourquoi la course venait de changer de rythme.<\/p>\n\n\n\n<h2 class=\"wp-block-heading\">Deux maillots arc-en-ciel pour passer dans une autre cat\u00e9gorie<\/h2>\n\n\n\n<p class=\"wp-block-paragraph\">La deuxi\u00e8me facette, la plus prestigieuse, tient en deux dates : Imola 2020 et Louvain 2021. <strong>Julian Alaphilippe<\/strong> y devient champion du monde sur route, deux fois de suite, avec le maillot arc-en-ciel comme r\u00e9compense ultime.<\/p>\n\n\n\n<p class=\"wp-block-paragraph\">Ce doubl\u00e9 change son statut. Une grande classique marque une saison. Un titre mondial marque une carri\u00e8re. Deux titres mondiaux internationaux installent un coureur dans une m\u00e9moire plus large, au-del\u00e0 de son public national et des seuls suiveurs fran\u00e7ais.<\/p>\n\n\n\n<p class=\"wp-block-paragraph\">Le maillot arc-en-ciel correspondait aussi parfaitement \u00e0 son style. Alaphilippe n&rsquo;\u00e9tait pas seulement un coureur de statistiques. Il gagnait souvent avec une forme de signature : l&rsquo;attaque qui cr\u00e9e un \u00e9cart, le final tendu, la prise de risque assum\u00e9e. Dans une course d&rsquo;un jour, ce temp\u00e9rament peut devenir une arme immense.<\/p>\n\n\n\n<p class=\"wp-block-paragraph\">Pour un lecteur qui voudrait expliquer sa carri\u00e8re en une minute \u00e0 quelqu&rsquo;un qui ne suit pas le cyclisme, l&rsquo;exemple est simple : Alaphilippe, c&rsquo;est le coureur fran\u00e7ais qui a su transformer son explosivit\u00e9 en titres mondiaux, pas seulement en coups d&rsquo;\u00e9clat. C&rsquo;est l\u00e0 que son parcours d\u00e9passe le simple r\u00f4le d&rsquo;animateur.<\/p>\n\n\n\n<h2 class=\"wp-block-heading\">L&rsquo;homme du Tour, entre maillot jaune et maillot \u00e0 pois<\/h2>\n\n\n\n<p class=\"wp-block-paragraph\">La troisi\u00e8me image appartient au <strong>Tour de France<\/strong>. En 2019, <strong>Julian Alaphilippe<\/strong> a port\u00e9 le <strong>maillot<\/strong> jaune pendant 14 jours et termin\u00e9 cinqui\u00e8me du classement g\u00e9n\u00e9ral. Ce n&rsquo;\u00e9tait pas le sc\u00e9nario classique d&rsquo;un pr\u00e9tendant programm\u00e9 pour gagner le Tour. C&rsquo;\u00e9tait autre chose : une parenth\u00e8se populaire, nerveuse, presque inattendue.<\/p>\n\n\n\n<p class=\"wp-block-paragraph\">Ce Tour 2019 reste l&rsquo;un des grands souvenirs de sa carri\u00e8re parce qu&rsquo;il a touch\u00e9 un public plus large que celui des classiques. Pendant deux semaines, Alaphilippe a incarn\u00e9 une possibilit\u00e9. Pas n\u00e9cessairement celle d&rsquo;un vainqueur final annonc\u00e9, mais celle d&rsquo;un coureur qui oblige tout le monde \u00e0 recalculer la course.<\/p>\n\n\n\n<p class=\"wp-block-paragraph\">L&rsquo;ann\u00e9e pr\u00e9c\u00e9dente, il avait d\u00e9j\u00e0 rejoint Paris avec le maillot \u00e0 pois de meilleur grimpeur. L\u00e0 encore, l&rsquo;image colle au personnage : un coureur offensif, capable d&rsquo;aller chercher des points, des \u00e9tapes, des moments, plus qu&rsquo;un gestionnaire froid de classement g\u00e9n\u00e9ral.<\/p>\n\n\n\n<p class=\"wp-block-paragraph\">Sa fin de carri\u00e8re arrive sur une note plus lourde, avec cette lassitude exprim\u00e9e apr\u00e8s le Tour et une saison \u00e9court\u00e9e. Mais elle ne gomme pas le reste. Alaphilippe quitte le peloton avec une identit\u00e9 rare : celle d&rsquo;un puncheur qui a gagn\u00e9 les plus grandes courses d&rsquo;un jour, port\u00e9 deux fois le maillot de champion du monde et marqu\u00e9 le Tour sans l&rsquo;avoir gagn\u00e9.<\/p>\n\n\n\n<p class=\"wp-block-paragraph\">Ce m\u00e9lange explique pourquoi son d\u00e9part p\u00e8se autant dans le cyclisme fran\u00e7ais. Certains coureurs laissent surtout un palmar\u00e8s. Alaphilippe laisse aussi des s\u00e9quences : des attaques, des maillots, des journ\u00e9es o\u00f9 la course semblait attendre son mouvement.<\/p>\n\n\n\n<p class=\"wp-block-paragraph\"><\/p>\n","protected":false},"excerpt":{"rendered":"<p>Julian Alaphilippe laisse derri\u00e8re lui une carri\u00e8re facile \u00e0 reprendre en trois images : une attaque dans une bosse, un maillot arc-en-ciel et quatre jours en jaune sur le Tour. \u00c0 34 ans, le coureur fran\u00e7ais met fin \u00e0 sa carri\u00e8re de cyclisme. La d\u00e9cision arrive alors qu&rsquo;il lui restait encore une ann\u00e9e de contrat [&hellip;]<\/p>\n","protected":false},"author":6,"featured_media":54390,"comment_status":"open","ping_status":"open","sticky":false,"template":"","format":"standard","meta":{"_acf_changed":false,"_seopress_robots_primary_cat":"none","_seopress_titles_title":"","_seopress_titles_desc":"","_seopress_robots_index":"","footnotes":""},"categories":[38],"tags":[],"class_list":["post-54387","post","type-post","status-publish","format-standard","has-post-thumbnail","hentry","category-cyclisme"],"acf":[],"_links":{"self":[{"href":"https:\/\/mvz-sports.com\/fr\/wp-json\/wp\/v2\/posts\/54387","targetHints":{"allow":["GET"]}}],"collection":[{"href":"https:\/\/mvz-sports.com\/fr\/wp-json\/wp\/v2\/posts"}],"about":[{"href":"https:\/\/mvz-sports.com\/fr\/wp-json\/wp\/v2\/types\/post"}],"author":[{"embeddable":true,"href":"https:\/\/mvz-sports.com\/fr\/wp-json\/wp\/v2\/users\/6"}],"replies":[{"embeddable":true,"href":"https:\/\/mvz-sports.com\/fr\/wp-json\/wp\/v2\/comments?post=54387"}],"version-history":[{"count":2,"href":"https:\/\/mvz-sports.com\/fr\/wp-json\/wp\/v2\/posts\/54387\/revisions"}],"predecessor-version":[{"id":54392,"href":"https:\/\/mvz-sports.com\/fr\/wp-json\/wp\/v2\/posts\/54387\/revisions\/54392"}],"wp:featuredmedia":[{"embeddable":true,"href":"https:\/\/mvz-sports.com\/fr\/wp-json\/wp\/v2\/media\/54390"}],"wp:attachment":[{"href":"https:\/\/mvz-sports.com\/fr\/wp-json\/wp\/v2\/media?parent=54387"}],"wp:term":[{"taxonomy":"category","embeddable":true,"href":"https:\/\/mvz-sports.com\/fr\/wp-json\/wp\/v2\/categories?post=54387"},{"taxonomy":"post_tag","embeddable":true,"href":"https:\/\/mvz-sports.com\/fr\/wp-json\/wp\/v2\/tags?post=54387"}],"curies":[{"name":"wp","href":"https:\/\/api.w.org\/{rel}","templated":true}]}}