{"id":54398,"date":"2026-08-21T16:15:00","date_gmt":"2026-08-21T14:15:00","guid":{"rendered":"https:\/\/mvz-sports.com\/fr\/?p=54398"},"modified":"2026-08-21T15:59:17","modified_gmt":"2026-08-21T13:59:17","slug":"ce-serait-tres-tres-interessant-chez-uno-x-le-reve-dune-arrivee-de-vingegaard-a-deja-son-avocat","status":"publish","type":"post","link":"https:\/\/mvz-sports.com\/fr\/cyclisme\/news\/ce-serait-tres-tres-interessant-chez-uno-x-le-reve-dune-arrivee-de-vingegaard-a-deja-son-avocat","title":{"rendered":"\u00ab Ce serait tr\u00e8s, tr\u00e8s int\u00e9ressant \u00bb : chez Uno-X, le r\u00eave d&rsquo;une arriv\u00e9e de Vingegaard a d\u00e9j\u00e0 son avocat"},"content":{"rendered":"\n<p class=\"wp-block-paragraph\"><strong>Magnus Cort ne vend pas une signature d\u00e9j\u00e0 \u00e9crite, mais il donne du poids \u00e0 une id\u00e9e qui intrigue le peloton : Jonas Vingegaard chez Uno-X.<\/strong><\/p>\n\n\n\n<p class=\"wp-block-paragraph\">Le sc\u00e9nario a tout du r\u00eave scandinave. D&rsquo;un c\u00f4t\u00e9, un double vainqueur du Tour de France dont l&rsquo;avenir chez Visma-Lease a Bike nourrit les sp\u00e9culations. De l&rsquo;autre, une \u00e9quipe Uno-X qui grandit, qui assume de plus en plus ses ambitions, et qui pourrait devenir un refuge tr\u00e8s particulier pour un coureur danois en qu\u00eate d&rsquo;un nouveau cadre dans le <strong><a href=\"https:\/\/mvz-sports.com\/fr\/cyclisme\">cyclisme<\/a><\/strong> mondial.<\/p>\n\n\n\n<p class=\"wp-block-paragraph\">Magnus Cort, lui, n&rsquo;\u00e9carte pas l&rsquo;id\u00e9e. L&rsquo;ancien coureur d&rsquo;exp\u00e9rience conna\u00eet le poids d&rsquo;un tel mouvement : sportif, financier, symbolique. Et c&rsquo;est justement ce qui rend sa prise de parole int\u00e9ressante. Il ne parle pas d&rsquo;un transfert imminent. Il parle d&rsquo;un sc\u00e9nario qui, \u00e0 ses yeux, peut avoir du sens.<\/p>\n\n\n\n<h2 class=\"wp-block-heading\">Magnus Cort ouvre la porte, sans vendre une certitude<\/h2>\n\n\n\n<p class=\"wp-block-paragraph\">La phrase la plus forte est simple : \u00ab Je pense que ce n&rsquo;est pas impossible \u00bb. Elle suffit \u00e0 installer le d\u00e9bat sans le faire basculer dans l&rsquo;annonce. Magnus Cort imagine <strong>Jonas Vingegaard<\/strong> chez Uno-X comme une piste s\u00e9duisante, mais d\u00e9pendante de plusieurs conditions.<\/p>\n\n\n\n<p class=\"wp-block-paragraph\">La premi\u00e8re est \u00e9vidente : le budget. Cort rappelle qu&rsquo;Uno-X est une \u00e9quipe en pleine croissance, mais qu&rsquo;attirer un coureur du calibre de Vingegaard imposerait une hausse financi\u00e8re majeure. Un leader capable de jouer le Tour de France ne se recrute pas comme un pari de d\u00e9veloppement.<\/p>\n\n\n\n<p class=\"wp-block-paragraph\">La deuxi\u00e8me tient au projet sportif. Uno-X devrait \u00eatre capable d&rsquo;offrir \u00e0 Vingegaard plus qu&rsquo;un maillot familier. Il faudrait une structure solide autour de lui, un calendrier coh\u00e9rent, des garanties sur les grands tours et une \u00e9quipe capable de supporter une exposition bien plus forte.<\/p>\n\n\n\n<p class=\"wp-block-paragraph\">Cort assume pourtant l&rsquo;id\u00e9e : \u00ab Ce serait tr\u00e8s, tr\u00e8s int\u00e9ressant \u00bb, dit-il \u00e0 propos d&rsquo;une arriv\u00e9e de Vingegaard chez Uno-X. Pas parce que le dossier serait boucl\u00e9. Mais parce qu&rsquo;un tel choix raconterait autre chose qu&rsquo;un simple changement d&rsquo;\u00e9quipe.<\/p>\n\n\n\n<h2 class=\"wp-block-heading\">Pourquoi Uno-X pourrait s\u00e9duire Vingegaard<\/h2>\n\n\n\n<p class=\"wp-block-paragraph\">L&rsquo;argument scandinave n&rsquo;est pas anodin. Jonas Vingegaard pourrait, \u00e0 29 ans, \u00eatre tent\u00e9 un jour par un environnement plus proche de ses rep\u00e8res. Magnus Cort \u00e9voque cette possibilit\u00e9 : certains coureurs, \u00e0 un moment de leur carri\u00e8re, peuvent avoir envie d&rsquo;une exp\u00e9rience plus famili\u00e8re.<\/p>\n\n\n\n<p class=\"wp-block-paragraph\">Ce n&rsquo;est pas une retraite sportive d\u00e9guis\u00e9e. Cort insiste m\u00eame sur l&rsquo;inverse : rejoindre une \u00e9quipe plus modeste ne ferait pas dispara\u00eetre la pression. Vingegaard deviendrait imm\u00e9diatement la t\u00eate d&rsquo;affiche d&rsquo;Uno-X. Chaque r\u00e9sultat, chaque choix de calendrier, chaque attaque serait lu \u00e0 travers son nom.<\/p>\n\n\n\n<p class=\"wp-block-paragraph\">Cas concret : imaginons un Tour de France avec Vingegaard leader unique chez Uno-X. Chez Visma-Lease a Bike, il \u00e9volue dans une machine d\u00e9j\u00e0 b\u00e2tie pour gagner. Chez Uno-X, il porterait aussi le r\u00e9cit de l&rsquo;\u00e9quipe. Une \u00e9tape offensive, une d\u00e9faillance, une strat\u00e9gie rat\u00e9e : tout prendrait une dimension plus personnelle.<\/p>\n\n\n\n<p class=\"wp-block-paragraph\">C&rsquo;est l\u00e0 que l&rsquo;id\u00e9e devient sportive. Uno-X est souvent pr\u00e9sent\u00e9 comme une \u00e9quipe active, joueuse, capable de peser autrement dans les courses. Pour Vingegaard, ce cadre pourrait ouvrir une autre fa\u00e7on de courir, moins centr\u00e9e sur la comparaison permanente avec Tadej Pogacar et la seule obsession du Tour.<\/p>\n\n\n\n<h2 class=\"wp-block-heading\">Un r\u00eave s\u00e9duisant, mais encore tr\u00e8s loin d&rsquo;un transfert<\/h2>\n\n\n\n<p class=\"wp-block-paragraph\">Le point \u00e0 ne pas perdre : rien ne ne confirme aujourd&rsquo;hui une arriv\u00e9e de <strong>Jonas Vingegaard<\/strong> chez Uno-X. La parole de Magnus Cort donne de la mati\u00e8re au sc\u00e9nario, pas une preuve de n\u00e9gociation. C&rsquo;est une nuance essentielle, surtout avec un coureur de ce niveau.<\/p>\n\n\n\n<p class=\"wp-block-paragraph\">Visma-Lease a Bike reste associ\u00e9 aux plus grandes ambitions de Vingegaard. Quitter une structure aussi performante supposerait un choix fort, presque identique. Ce ne serait pas seulement changer de bus ou de maillot. Ce serait accepter de red\u00e9finir une partie de son projet de carri\u00e8re.<\/p>\n\n\n\n<p class=\"wp-block-paragraph\">Pour <strong>Uno-X<\/strong>, l\u2019int\u00e9r\u00eat serait immense. Une telle arriv\u00e9e ferait basculer l&rsquo;\u00e9quipe dans une autre cat\u00e9gorie m\u00e9diatique et sportive. Mais elle poserait aussi une question brutale : peut-on b\u00e2tir assez vite une \u00e9quipe autour d&rsquo;un champion d\u00e9j\u00e0 install\u00e9 au sommet ?<\/p>\n\n\n\n<p class=\"wp-block-paragraph\">La sortie de Magnus Cort a donc surtout une valeur : elle rend le r\u00eave dicible. <strong>Vingegaard<\/strong> chez <strong>Uno-X<\/strong> n&rsquo;est pas pr\u00e9sent\u00e9 comme une certitude, mais comme une hypoth\u00e8se qui poss\u00e8de sa logique. Et dans un peloton o\u00f9 les grands champions choisissent aussi leur cadre de vie, cette logique suffit d\u00e9j\u00e0 \u00e0 faire parler.<\/p>\n\n\n\n<pre class=\"wp-block-preformatted\"><\/pre>\n\n\n\n<p class=\"wp-block-paragraph\"><\/p>\n","protected":false},"excerpt":{"rendered":"<p>Magnus Cort ne vend pas une signature d\u00e9j\u00e0 \u00e9crite, mais il donne du poids \u00e0 une id\u00e9e qui intrigue le peloton : Jonas Vingegaard chez Uno-X. Le sc\u00e9nario a tout du r\u00eave scandinave. D&rsquo;un c\u00f4t\u00e9, un double vainqueur du Tour de France dont l&rsquo;avenir chez Visma-Lease a Bike nourrit les sp\u00e9culations. De l&rsquo;autre, une \u00e9quipe [&hellip;]<\/p>\n","protected":false},"author":5,"featured_media":54401,"comment_status":"open","ping_status":"open","sticky":false,"template":"","format":"standard","meta":{"_acf_changed":false,"_seopress_robots_primary_cat":"none","_seopress_titles_title":"","_seopress_titles_desc":"","_seopress_robots_index":"","footnotes":""},"categories":[38],"tags":[],"class_list":["post-54398","post","type-post","status-publish","format-standard","has-post-thumbnail","hentry","category-cyclisme"],"acf":[],"_links":{"self":[{"href":"https:\/\/mvz-sports.com\/fr\/wp-json\/wp\/v2\/posts\/54398","targetHints":{"allow":["GET"]}}],"collection":[{"href":"https:\/\/mvz-sports.com\/fr\/wp-json\/wp\/v2\/posts"}],"about":[{"href":"https:\/\/mvz-sports.com\/fr\/wp-json\/wp\/v2\/types\/post"}],"author":[{"embeddable":true,"href":"https:\/\/mvz-sports.com\/fr\/wp-json\/wp\/v2\/users\/5"}],"replies":[{"embeddable":true,"href":"https:\/\/mvz-sports.com\/fr\/wp-json\/wp\/v2\/comments?post=54398"}],"version-history":[{"count":2,"href":"https:\/\/mvz-sports.com\/fr\/wp-json\/wp\/v2\/posts\/54398\/revisions"}],"predecessor-version":[{"id":54403,"href":"https:\/\/mvz-sports.com\/fr\/wp-json\/wp\/v2\/posts\/54398\/revisions\/54403"}],"wp:featuredmedia":[{"embeddable":true,"href":"https:\/\/mvz-sports.com\/fr\/wp-json\/wp\/v2\/media\/54401"}],"wp:attachment":[{"href":"https:\/\/mvz-sports.com\/fr\/wp-json\/wp\/v2\/media?parent=54398"}],"wp:term":[{"taxonomy":"category","embeddable":true,"href":"https:\/\/mvz-sports.com\/fr\/wp-json\/wp\/v2\/categories?post=54398"},{"taxonomy":"post_tag","embeddable":true,"href":"https:\/\/mvz-sports.com\/fr\/wp-json\/wp\/v2\/tags?post=54398"}],"curies":[{"name":"wp","href":"https:\/\/api.w.org\/{rel}","templated":true}]}}