{"id":54404,"date":"2026-08-21T16:15:00","date_gmt":"2026-08-21T14:15:00","guid":{"rendered":"https:\/\/mvz-sports.com\/fr\/?p=54404"},"modified":"2026-08-21T16:09:51","modified_gmt":"2026-08-21T14:09:51","slug":"derriere-le-depart-de-ramos-toulouse-doit-gerer-un-piege-invisible-que-paul-graou-a-deja-identifie","status":"publish","type":"post","link":"https:\/\/mvz-sports.com\/fr\/rugby\/news\/derriere-le-depart-de-ramos-toulouse-doit-gerer-un-piege-invisible-que-paul-graou-a-deja-identifie","title":{"rendered":"Derri\u00e8re le d\u00e9part de Ramos, Toulouse doit g\u00e9rer un pi\u00e8ge invisible que Paul Graou a d\u00e9j\u00e0 identifi\u00e9"},"content":{"rendered":"\n<p class=\"wp-block-paragraph\"><strong>Le d\u00e9part programm\u00e9 de Thomas Ramos vers le Racing 92 oblige d\u00e9j\u00e0 Toulouse \u00e0 g\u00e9rer un danger moins visible que le mercato : l&rsquo;impact \u00e9motions sur un groupe qui doit encore vivre une saison enti\u00e8re avec lui.<\/strong><\/p>\n\n\n\n<p class=\"wp-block-paragraph\">Sur le papier, le dossier est clair. <a href=\"https:\/\/mvz-sports.com\/fr\/rugby\/players\/thomas-ramos\">Thomas Ramos<\/a> doit rejoindre le Racing 92 \u00e0 l&rsquo;issue de la saison 2026-2027, apr\u00e8s une tr\u00e8s longue histoire avec le Stade Toulousain. Sportivement, le choc viendra plus tard. Humainement, il est d\u00e9j\u00e0 l\u00e0.<\/p>\n\n\n\n<p class=\"wp-block-paragraph\">C&rsquo;est pr\u00e9cis\u00e9ment ce que <strong>Paul Graou<\/strong> a point\u00e9 en creux. Le demi de m\u00eal\u00e9e n&rsquo;a pas dramatis\u00e9 le d\u00e9part de son co\u00e9quipier. Il a plut\u00f4t pos\u00e9 la limite que Toulouse devra tenir : ne pas laisser cette annonce atteindre le groupe alors que la saison concern\u00e9e n&rsquo;est pas encore celle du d\u00e9part.<\/p>\n\n\n\n<h2 class=\"wp-block-heading\">Un d\u00e9part qui touche plus qu&rsquo;un simple poste<\/h2>\n\n\n\n<p class=\"wp-block-paragraph\"><strong>Thomas Ramo<\/strong>s n&rsquo;est pas un joueur de passage \u00e0 <strong>Toulouse<\/strong>. Arriv\u00e9 dans l&rsquo;environnement rouge et noir depuis 2011, il repr\u00e9sente une continuit\u00e9 rare dans un <a href=\"https:\/\/mvz-sports.com\/fr\/rugby\">rugby<\/a> o\u00f9 les mouvements de grands noms deviennent de plus en plus visibles.<\/p>\n\n\n\n<p class=\"wp-block-paragraph\">C&rsquo;est pour cela que la r\u00e9action du vestiaire compte autant que l&rsquo;annonce elle-m\u00eame. <strong>Romain Ntamack<\/strong> a expliqu\u00e9 avoir appris la nouvelle pendant ses vacances, comme beaucoup, via les r\u00e9seaux sociaux. Sa r\u00e9action dit bien le m\u00e9lange de surprise et d&rsquo;acceptation qui traverse le club.<\/p>\n\n\n\n<p class=\"wp-block-paragraph\">Le demi d&rsquo;ouverture a reconnu que cela avait fait bizarre \u00e0 tout le monde, avant de rappeler que le choix de Ramos \u00e9tait respect\u00e9. Il a aussi fix\u00e9 une forme de pacte collectif : Ramos donnera tout pour sa derni\u00e8re ann\u00e9e, et le groupe voudra lui offrir une sortie \u00e0 la hauteur.<\/p>\n\n\n\n<p class=\"wp-block-paragraph\">Juan Cruz Mallia a livr\u00e9 une r\u00e9action encore plus intime. Pour lui, Ramos est un gar\u00e7on de la maison, un joueur qui a grandi \u00e0 Toulouse et qui compte dans le club comme dans le groupe. Le mot employ\u00e9, \u00ab choquant \u00bb, reprend bien le premier effet de l&rsquo;annonce.<\/p>\n\n\n\n<h2 class=\"wp-block-heading\">Le pi\u00e8ge identifi\u00e9 par Paul Graou<\/h2>\n\n\n\n<p class=\"wp-block-paragraph\">Le vrai risque pour Toulouse n\u2019est donc pas de d\u00e9couvrir que Ramos partira. Le club le sait. Le vestiaire le sait. Le pi\u00e8ge, c&rsquo;est que cette information s&rsquo;installe partout : dans les questions, dans les discussions, dans les conf\u00e9rences de chaque match.<\/p>\n\n\n\n<p class=\"wp-block-paragraph\"><a href=\"https:\/\/mvz-sports.com\/fr\/rugby\/players\/paul-graou\">Paul Graou<\/a> a r\u00e9sum\u00e9 ce point avec une phrase simple : il ne faut pas que cela atteigne le groupe. Il a \u00e9galement rappel\u00e9 que ces probl\u00e8mes sportifs ne concernent pas cette saison. Autrement dit, Toulouse doit r\u00e9ussir \u00e0 compartimenter.<\/p>\n\n\n\n<p class=\"wp-block-paragraph\">Ce n&rsquo;est pas anodin dans une \u00e9quipe qui joue chaque saison avec une \u00e9norme pression de r\u00e9sultats. Un joueur annonc\u00e9 partant peut devenir, malgr\u00e9 lui, un sujet permanent. S&rsquo;il brille, on parlera de ce que Toulouse perdra. S&rsquo;il traverse un creux, on cherchea un lien avec son avenir. M\u00eame sans tension r\u00e9elle, le bruit peut grandir.<\/p>\n\n\n\n<p class=\"wp-block-paragraph\">Exemple concret : imaginons un match serr\u00e9 au Stadium, avec Ramos d\u00e9cisif au pied puis imm\u00e9diatement sur son futur d\u00e9part. Si le vestiaire laisse ce th\u00e8me prendre toute la place, la performance du soir passe au second plan. C&rsquo;est exactement ce que Toulouse devra \u00e9viter.<\/p>\n\n\n\n<h2 class=\"wp-block-heading\">Transformer l&rsquo;\u00e9motion en moteur, pas en distraction<\/h2>\n\n\n\n<p class=\"wp-block-paragraph\">La bonne nouvelle pour le<strong> Stade Toulousain<\/strong>, c&rsquo;est que les premi\u00e8res r\u00e9actions ne racontent pas une fracture. <strong><a href=\"https:\/\/mvz-sports.com\/fr\/rugby\/players\/romain-ntamack\">Ntamack<\/a><\/strong> parle de respect. Mallia parle d&rsquo;attachement. Graou parle de protection du groupe. Le ton g\u00e9n\u00e9ral ressemble davantage \u00e0 une volont\u00e9 d&rsquo;encadrer l&rsquo;\u00e9motion qu&rsquo;\u00e0 un d\u00e9but de malaise.<\/p>\n\n\n\n<p class=\"wp-block-paragraph\">Mais cette gestion devra durer. Une saison enti\u00e8re, surtout dans un club expos\u00e9 comme Toulouse, laisse beaucoup de place aux r\u00e9cits parall\u00e8les. Chaque grande affiche, chaque s\u00e9lection, chaque prestation de Ramos peut relancer le sujet.<\/p>\n\n\n\n<p class=\"wp-block-paragraph\">Le staff et les cadres auront donc une mission simple \u00e0 formuler, mais difficile \u00e0 tenir : faire de cette derni\u00e8re longue s\u00e9quence commune un moteur sportif. Pas une tourn\u00e9e d\u2019adieux permanents. Pas un feuilleton qui absorbe l&rsquo;\u00e9quipe.<\/p>\n\n\n\n<p class=\"wp-block-paragraph\">Le d\u00e9part de Ramos vers le Racing 92 est d\u00e9j\u00e0 un \u00e9v\u00e9nement majeur du rugby fran\u00e7ais. Pour Toulouse, le vrai test commence avant m\u00eame son d\u00e9part : rester focalis\u00e9 sur le terrain, tout en accompagnant l&rsquo;un des joueurs les plus identifi\u00e9s au club vers une sortie propre.<\/p>\n\n\n\n<pre class=\"wp-block-preformatted\"><\/pre>\n\n\n\n<p class=\"wp-block-paragraph\"><\/p>\n","protected":false},"excerpt":{"rendered":"<p>Le d\u00e9part programm\u00e9 de Thomas Ramos vers le Racing 92 oblige d\u00e9j\u00e0 Toulouse \u00e0 g\u00e9rer un danger moins visible que le mercato : l&rsquo;impact \u00e9motions sur un groupe qui doit encore vivre une saison enti\u00e8re avec lui. Sur le papier, le dossier est clair. Thomas Ramos doit rejoindre le Racing 92 \u00e0 l&rsquo;issue de la [&hellip;]<\/p>\n","protected":false},"author":5,"featured_media":54407,"comment_status":"open","ping_status":"open","sticky":false,"template":"","format":"standard","meta":{"_acf_changed":false,"_seopress_robots_primary_cat":"none","_seopress_titles_title":"","_seopress_titles_desc":"","_seopress_robots_index":"","footnotes":""},"categories":[7],"tags":[],"class_list":["post-54404","post","type-post","status-publish","format-standard","has-post-thumbnail","hentry","category-rugby"],"acf":[],"_links":{"self":[{"href":"https:\/\/mvz-sports.com\/fr\/wp-json\/wp\/v2\/posts\/54404","targetHints":{"allow":["GET"]}}],"collection":[{"href":"https:\/\/mvz-sports.com\/fr\/wp-json\/wp\/v2\/posts"}],"about":[{"href":"https:\/\/mvz-sports.com\/fr\/wp-json\/wp\/v2\/types\/post"}],"author":[{"embeddable":true,"href":"https:\/\/mvz-sports.com\/fr\/wp-json\/wp\/v2\/users\/5"}],"replies":[{"embeddable":true,"href":"https:\/\/mvz-sports.com\/fr\/wp-json\/wp\/v2\/comments?post=54404"}],"version-history":[{"count":2,"href":"https:\/\/mvz-sports.com\/fr\/wp-json\/wp\/v2\/posts\/54404\/revisions"}],"predecessor-version":[{"id":54409,"href":"https:\/\/mvz-sports.com\/fr\/wp-json\/wp\/v2\/posts\/54404\/revisions\/54409"}],"wp:featuredmedia":[{"embeddable":true,"href":"https:\/\/mvz-sports.com\/fr\/wp-json\/wp\/v2\/media\/54407"}],"wp:attachment":[{"href":"https:\/\/mvz-sports.com\/fr\/wp-json\/wp\/v2\/media?parent=54404"}],"wp:term":[{"taxonomy":"category","embeddable":true,"href":"https:\/\/mvz-sports.com\/fr\/wp-json\/wp\/v2\/categories?post=54404"},{"taxonomy":"post_tag","embeddable":true,"href":"https:\/\/mvz-sports.com\/fr\/wp-json\/wp\/v2\/tags?post=54404"}],"curies":[{"name":"wp","href":"https:\/\/api.w.org\/{rel}","templated":true}]}}