{"id":54410,"date":"2026-08-21T16:15:00","date_gmt":"2026-08-21T14:15:00","guid":{"rendered":"https:\/\/mvz-sports.com\/fr\/?p=54410"},"modified":"2026-08-21T16:15:40","modified_gmt":"2026-08-21T14:15:40","slug":"alaphilippe-sefface-au-pire-moment-pour-paul-seixas-le-nouveau-chouchou-du-cyclisme-francais","status":"publish","type":"post","link":"https:\/\/mvz-sports.com\/fr\/cyclisme\/news\/alaphilippe-sefface-au-pire-moment-pour-paul-seixas-le-nouveau-chouchou-du-cyclisme-francais","title":{"rendered":"Alaphilippe s\u2019efface au pire moment pour Paul Seixas, le nouveau chouchou du cyclisme fran\u00e7ais"},"content":{"rendered":"\n<p class=\"wp-block-paragraph\"><strong>Julian Alaphilippe s&rsquo;appr\u00eate \u00e0 quitter la sc\u00e8ne, et ce retrait annonc\u00e9 tombe au moment o\u00f9 Paul Seixas devient le visage que tout le cyclisme fran\u00e7ais commence \u00e0 regarder.<\/strong><\/p>\n\n\n\n<p class=\"wp-block-paragraph\">Le <a href=\"https:\/\/mvz-sports.com\/fr\/cyclisme\">cyclisme<\/a> fran\u00e7ais aime rarement les transitions douces. Il s&rsquo;attache \u00e0 une figure, la porte pendant des ann\u00e9es, puis cherche presque aussit\u00f4t le coureur capable de reprendre le r\u00e9cit. Avec Julian Alaphilippe, ce r\u00e9cit avait une force simple : panache, attaques, maillot arc-en-ciel, \u00e9motions brutes.<\/p>\n\n\n\n<p class=\"wp-block-paragraph\">La suite pourrait d\u00e9sormais se jouer autour de Paul Seixas. Le jeune coureur de <strong>Decathlon-CMA CGM<\/strong>, pr\u00e9sent\u00e9 comme l&rsquo;un des plus grands espoirs fran\u00e7ais, concentre d\u00e9j\u00e0 une attente tr\u00e8s lourde. Et l&rsquo;effacement annonc\u00e9 d&rsquo;Alaphilippe rend cette bascule encore plus visible.<\/p>\n\n\n\n<h2 class=\"wp-block-heading\">Alaphilippe laisse un vide que Seixas ne pourra pas \u00e9viter<\/h2>\n\n\n\n<p class=\"wp-block-paragraph\"><strong>Julian Alaphilippe<\/strong> aurait d\u00e9cid\u00e9 de mettre fin \u00e0 sa carri\u00e8re \u00e0 34 ans. Double champion du monde en 2020 et 2021, le puncheur ne disputerait pas sa derni\u00e8re ann\u00e9e de contrat chez Tudor. Son Tour de France 2026 serait donc son dernier.<\/p>\n\n\n\n<p class=\"wp-block-paragraph\">L&rsquo;indice avait d\u00e9j\u00e0 \u00e9t\u00e9 l\u00e2ch\u00e9 apr\u00e8s la Grande Boucle. Alaphilippe avait alors gliss\u00e9 qu&rsquo;il ne fallait pas n\u00e9cessairement s&rsquo;attendre \u00e0 le revoir, tout en rappelant qu&rsquo;il n&rsquo;y avait rien d&rsquo;officiel \u00e0 ce moment-l\u00e0. Cette fois, l&rsquo;id\u00e9e d&rsquo;un arr\u00eat donne une autre couleur \u00e0 ses mots.<\/p>\n\n\n\n<p class=\"wp-block-paragraph\">Le probl\u00e8me, pour Paul Seixas, n&rsquo;est pas seulement sportif. C\u2019est symbolique. Quand une figure comme Alaphilippe quitte le devant de la sc\u00e8ne, le public cherche vite un nouveau point d&rsquo;accroche. Un coureur \u00e0 suivre, \u00e0 d\u00e9fendre, \u00e0 attendre. Seixas coche d\u00e9j\u00e0 beaucoup de cas.<\/p>\n\n\n\n<p class=\"wp-block-paragraph\">\u00c0 19 ans, le coureur de <strong>Decathlon-CMA CGM<\/strong> est pr\u00e9sent\u00e9 comme quatri\u00e8me du dernier Tour de France. Ce r\u00e9sultat, s&rsquo;il est bien confirm\u00e9, change tout dans la perception du grand public. On ne parle plus seulement d&rsquo;un talent \u00e0 prot\u00e9ger, mais d&rsquo;un coureur d\u00e9j\u00e0 projet\u00e9 dans une attente nationale.<\/p>\n\n\n\n<h2 class=\"wp-block-heading\">Le r\u00f4le de grand fr\u00e8re en dit longtemps sur la pression autour de Seixas<\/h2>\n\n\n\n<p class=\"wp-block-paragraph\"><strong>Alaphilippe<\/strong> n&rsquo;a pas parl\u00e9 de <strong>Paul Seixas<\/strong> comme d&rsquo;un simple espoir parmi d&rsquo;autres. Dans un entretien accord\u00e9 \u00e0 LyonPeople au printemps, il a employ\u00e9 une formule tr\u00e8s forte : \u00ab Avec mon regard de grand fr\u00e8re, j&rsquo;ai envie de le prot\u00e9ger. \u00bb<\/p>\n\n\n\n<p class=\"wp-block-paragraph\">Cette phrase dit beaucoup. Elle montre d&rsquo;abord que Seixas n&rsquo;est d\u00e9j\u00e0 plus seulement \u00e9valu\u00e9 sur ses jambes. Il est \u00e9galement observ\u00e9 comme un ph\u00e9nom\u00e8ne m\u00e9diatique. Alaphilippe \u00e9voque m\u00eame la \u00ab temp\u00eate m\u00e9diatique \u00bb autour du jeune Fran\u00e7ais, avec l&rsquo;envie de ne pas s&rsquo;y immiscer tout en gardant un \u0153il attentif.<\/p>\n\n\n\n<p class=\"wp-block-paragraph\">Son discours est \u00e9quilibr\u00e9. D&rsquo;un c\u00f4t\u00e9, il appelle \u00e0 la prudence. De l\u2019autre, il insiste sur le talent, la maturit\u00e9 et le potentiel physique de Seixas. Alaphilippe estime qu&rsquo;il est pr\u00eat, qu&rsquo;il peut prendre ce que le Tour lui offrira, et que personne ne lui en voudra si tout ne se passe pas parfaitement.<\/p>\n\n\n\n<p class=\"wp-block-paragraph\">C&rsquo;est l\u00e0 que la situation devient int\u00e9ressante. Alaphilippe ne transmet pas obligatoirement un statut. Il ne d\u00e9signe pas un h\u00e9ritier. Mais ses mots installent Seixas dans une place \u00e0 part, celle du coureur qu&rsquo;il faut accompagner avant de l&rsquo;exposer trop fort.<\/p>\n\n\n\n<h2 class=\"wp-block-heading\">Le nouveau chouchou fran\u00e7ais devra apprendre \u00e0 gagner du temps<\/h2>\n\n\n\n<p class=\"wp-block-paragraph\"><strong>Alaphilippe<\/strong> a aussi r\u00e9sum\u00e9 l&#8217;emballement possible autour de Seixas avec une phrase nette : \u00ab\u00a0Je pense que la France n&rsquo;a pas vu \u00e7a depuis longtemps.\u00a0\u00bb L\u00e0 encore, la formule p\u00e8se lourd. Elle transforme un d\u00e9but de carri\u00e8re prometteur en sujet national.<\/p>\n\n\n\n<p class=\"wp-block-paragraph\">Pour un supporter fran\u00e7ais, le sc\u00e9nario est facile \u00e0 comprendre. Celui qui regardait Alaphilippe attaquer dans les classiques ou faire vibrer le Tour peut d\u00e9sormais se tourner vers Seixas avec la m\u00eame envie de croire. Pas n\u00e9cessairement pour r\u00e9clamer des victoires tout de suite. Plut\u00f4t pour retrouver une \u00e9motion, une trajectoire, un coureur \u00e0 suivre \u00e9tape apr\u00e8s \u00e9tape.<\/p>\n\n\n\n<p class=\"wp-block-paragraph\">Le risque est \u00e9vident : aller trop vite. Alaphilippe insiste justement sur le plaisir, la libert\u00e9 et l&rsquo;entourage. Son conseil \u00e0 Seixas est simple : profiter, faire ce qu&rsquo;il sait faire, ne pas se laisser \u00e9craser par le bruit ext\u00e9rieur.<\/p>\n\n\n\n<p class=\"wp-block-paragraph\">Ce retrait annonc\u00e9 ne place donc pas seulement Alaphilippe derri\u00e8re Seixas. Il d\u00e9place la lumi\u00e8re. Le cyclisme fran\u00e7ais perdrait une ic\u00f4ne r\u00e9cente, mais il gagne d\u00e9j\u00e0 un r\u00e9cit neuf, plus fragile, plus jeune, presque plus dangereux \u00e0 mani\u00e8re.<\/p>\n\n\n\n<p class=\"wp-block-paragraph\"><strong>Paul Seixas<\/strong> n&rsquo;a pas \u00e0 devenir Julian Alaphilippe. C&rsquo;est m\u00eame tout l&rsquo;enjeu. S&rsquo;il veut durer, il devra accepter l&rsquo;attente sans se laisser d\u00e9finir par elle. Et le public fran\u00e7ais devra apprendre \u00e0 l&rsquo;encourager sans lui demander trop t\u00f4t de porter tout un h\u00e9ritage.<\/p>\n\n\n\n<p class=\"wp-block-paragraph\"><\/p>\n","protected":false},"excerpt":{"rendered":"<p>Julian Alaphilippe s&rsquo;appr\u00eate \u00e0 quitter la sc\u00e8ne, et ce retrait annonc\u00e9 tombe au moment o\u00f9 Paul Seixas devient le visage que tout le cyclisme fran\u00e7ais commence \u00e0 regarder. Le cyclisme fran\u00e7ais aime rarement les transitions douces. Il s&rsquo;attache \u00e0 une figure, la porte pendant des ann\u00e9es, puis cherche presque aussit\u00f4t le coureur capable de reprendre [&hellip;]<\/p>\n","protected":false},"author":2,"featured_media":54413,"comment_status":"open","ping_status":"open","sticky":false,"template":"","format":"standard","meta":{"_acf_changed":false,"_seopress_robots_primary_cat":"none","_seopress_titles_title":"","_seopress_titles_desc":"","_seopress_robots_index":"","footnotes":""},"categories":[38],"tags":[],"class_list":["post-54410","post","type-post","status-publish","format-standard","has-post-thumbnail","hentry","category-cyclisme"],"acf":[],"_links":{"self":[{"href":"https:\/\/mvz-sports.com\/fr\/wp-json\/wp\/v2\/posts\/54410","targetHints":{"allow":["GET"]}}],"collection":[{"href":"https:\/\/mvz-sports.com\/fr\/wp-json\/wp\/v2\/posts"}],"about":[{"href":"https:\/\/mvz-sports.com\/fr\/wp-json\/wp\/v2\/types\/post"}],"author":[{"embeddable":true,"href":"https:\/\/mvz-sports.com\/fr\/wp-json\/wp\/v2\/users\/2"}],"replies":[{"embeddable":true,"href":"https:\/\/mvz-sports.com\/fr\/wp-json\/wp\/v2\/comments?post=54410"}],"version-history":[{"count":1,"href":"https:\/\/mvz-sports.com\/fr\/wp-json\/wp\/v2\/posts\/54410\/revisions"}],"predecessor-version":[{"id":54414,"href":"https:\/\/mvz-sports.com\/fr\/wp-json\/wp\/v2\/posts\/54410\/revisions\/54414"}],"wp:featuredmedia":[{"embeddable":true,"href":"https:\/\/mvz-sports.com\/fr\/wp-json\/wp\/v2\/media\/54413"}],"wp:attachment":[{"href":"https:\/\/mvz-sports.com\/fr\/wp-json\/wp\/v2\/media?parent=54410"}],"wp:term":[{"taxonomy":"category","embeddable":true,"href":"https:\/\/mvz-sports.com\/fr\/wp-json\/wp\/v2\/categories?post=54410"},{"taxonomy":"post_tag","embeddable":true,"href":"https:\/\/mvz-sports.com\/fr\/wp-json\/wp\/v2\/tags?post=54410"}],"curies":[{"name":"wp","href":"https:\/\/api.w.org\/{rel}","templated":true}]}}