{"id":54430,"date":"2026-08-22T14:00:00","date_gmt":"2026-08-22T12:00:00","guid":{"rendered":"https:\/\/mvz-sports.com\/fr\/?p=54430"},"modified":"2026-08-22T13:45:19","modified_gmt":"2026-08-22T11:45:19","slug":"apres-un-tour-termine-sur-les-rotules-paul-seixas-choisit-une-autre-route-vers-les-mondiaux","status":"publish","type":"post","link":"https:\/\/mvz-sports.com\/fr\/cyclisme\/news\/apres-un-tour-termine-sur-les-rotules-paul-seixas-choisit-une-autre-route-vers-les-mondiaux","title":{"rendered":"Apr\u00e8s un Tour termin\u00e9 sur les rotules, Paul Seixas choisit une autre route vers les Mondiaux"},"content":{"rendered":"\n<p class=\"wp-block-paragraph\"><strong>Paul Seixas ne prolonge pas son \u00e9t\u00e9 par une Vuelta : apr\u00e8s un Tour de France termin\u00e9 au bout de l&rsquo;effort, le Fran\u00e7ais pr\u00e9f\u00e8re reconstruire sa fin de saison autour des Mondiaux.<\/strong><\/p>\n\n\n\n<p class=\"wp-block-paragraph\">\u00c0 <strong>19 ans<\/strong>, <strong>Paul Seixas<\/strong> a d\u00e9j\u00e0 coch\u00e9 une ligne rare pour un coureur de son \u00e2ge : un premier <strong>Tour de France<\/strong> boucl\u00e9 au pied du podium. Une 4e place qui change forc\u00e9ment le regard port\u00e9 sur lui, mais qui ne gomme pas l&rsquo;usure laiss\u00e9e par trois semaines aussi exigeantes.<\/p>\n\n\n\n<p class=\"wp-block-paragraph\">La suite de son calendrier raconte autre chose qu&rsquo;une simple mont\u00e9e en puissance. <strong>Seixas<\/strong> ne va pas empiler les grands rendez-vous pour surfer sur son \u00e9t\u00e9. Il renonce \u00e0 la <strong>Vuelta<\/strong> et se tourne vers les classiques canadiens, puis les championnats du monde du <a href=\"https:\/\/mvz-sports.com\/fr\/cyclisme\">cyclisme<\/a>. Une trajectoire plus prudente, mais aussi plus lisible.<\/p>\n\n\n\n<h2 class=\"wp-block-heading\">Pas de Vuelta pour Paul Seixas, un choix qui en dit long<\/h2>\n\n\n\n<p class=\"wp-block-paragraph\">Le parall\u00e8le \u00e9tait tentant. Apr\u00e8s un Tour r\u00e9ussi, certains coureurs choisissent de repartir tr\u00e8s vite sur un autre grand tour. <strong>Tadej Pogacar<\/strong> est cit\u00e9 dans cette logique, avec une approche bien diff\u00e9rente. <strong>Paul Seixas<\/strong>, lui, prend une autre direction.<\/p>\n\n\n\n<p class=\"wp-block-paragraph\">Son choix n&rsquo;a rien d&rsquo;anodin. La <strong>Vuelta<\/strong> aurait offert une nouvelle sc\u00e8ne, une nouvelle exposition, peut-\u00eatre m\u00eame une nouvelle occasion de confirmer. Mais elle aurait aussi impos\u00e9 une charge \u00e9norme \u00e0 un coureur qui sort de son premier Tour de France complet.<\/p>\n\n\n\n<p class=\"wp-block-paragraph\">La phrase la plus importante vient de Seixas lui-m\u00eame. Apr\u00e8s de WielerFlits, le Fran\u00e7ais a expliqu\u00e9 qu&rsquo;apr\u00e8s le Tour, il \u00e9tait \u00ab compl\u00e8tement \u00e9puis\u00e9 \u00bb. Il ajoute toutefois se sentir d\u00e9j\u00e0 mieux, avec m\u00eame l&rsquo;impression d&rsquo;avoir gagn\u00e9 un peu de force.<\/p>\n\n\n\n<p class=\"wp-block-paragraph\">C&rsquo;est l\u00e0 que son programme prend du sens. La coupure, le temps pass\u00e9 avec sa famille et ses amis, puis la reprise progressive vers les Mondiaux ne ressemblent pas \u00e0 un recul. Cela ressemble plut\u00f4t \u00e0 une gestion de carri\u00e8re. Surtout pour un coureur que son \u00e9quipe, <strong>Decathlon CMA CGM<\/strong>, a tout int\u00e9r\u00eat \u00e0 prot\u00e9ger autant qu&rsquo;\u00e0 exposer.<\/p>\n\n\n\n<h2 class=\"wp-block-heading\">Les Mondiaux plut\u00f4t que l&rsquo;urgence de confirmer<\/h2>\n\n\n\n<p class=\"wp-block-paragraph\">Paul Seixas ne dispara\u00eet pas du paysage pour autant. Sa fin de saison reste ambitieuse, avec les classiques canadiens puis les championnats du monde comme horizon. La nuance est importante : il ne freine pas par manque d&rsquo;objectif, il r\u00e9oriente son effort.<\/p>\n\n\n\n<p class=\"wp-block-paragraph\">Dans sa d\u00e9claration, Seixas dit commencer doucement \u00e0 penser aux Mondiaux. Le mot compte. Il ne parle pas d&rsquo;une revanche imm\u00e9diate, ni d&rsquo;un calendrier \u00e0 avaler co\u00fbte que co\u00fbte. Il \u00e9voque une progression attendue par rapport au Tour de France, ce qui cadre mieux avec son \u00e2ge et avec la nature de sa saison.<\/p>\n\n\n\n<p class=\"wp-block-paragraph\">Le cas concret est simple : pour un jeune coureur qui vient de terminer 4e de son premier Tour, la tentation serait de tout rejouer tout de suite. Une Vuelta, une place de leader, un nouveau coup m\u00e9diatique. Mais le risque existe aussi : arriver \u00e9mouss\u00e9, perdre en fra\u00eecheur et transformer une saison d\u00e9j\u00e0 r\u00e9ussie en fin de parcours subie.<\/p>\n\n\n\n<p class=\"wp-block-paragraph\">En s\u00e9lectionnant une route plus courte vers les Mondiaux, Seixas garde une forme de contr\u00f4le. Les classiques canadiens peuvent servir de mont\u00e9e en r\u00e9gime. Les Mondiaux deviennent le vrai point de projection. Et son Tour, au lieu d&rsquo;\u00eatre un tremplin vers la surcharge, devient une base de travail.<\/p>\n\n\n\n<h2 class=\"wp-block-heading\">Une apparition aux Gets avant de relancer la machine<\/h2>\n\n\n\n<p class=\"wp-block-paragraph\">Avant de replonger pleinement dans sa pr\u00e9paration, <strong>Paul Seixas<\/strong> garde aussi un pied dans un cyclisme plus large que la route. Il est attendu aux Gets, o\u00f9 se d\u00e9roule la 7e \u00e9tape de la Coupe du monde de VTT cross-country. Mathieu van der Poel fait partie des noms annonc\u00e9s sur ce cours.<\/p>\n\n\n\n<p class=\"wp-block-paragraph\">Le Dauphin\u00e9 Lib\u00e9r\u00e9 rapporte que Seixas doit assister \u00e0 l&rsquo;\u00e9v\u00e9nement, avec m\u00eame la possibilit\u00e9 de faire retenir la cloche du dernier tour. Le d\u00e9tail est \u00e0 confirmer sur la source originale, mais il colle \u00e0 un moment de respiration dans son calendrier.<\/p>\n\n\n\n<p class=\"wp-block-paragraph\">Ce passage aux Gets n&rsquo;est pas seulement une parenth\u00e8se locale. La station semble famili\u00e8re au coureur, et cette pr\u00e9sence raconte aussi une reprise sans pression imm\u00e9diate. Apr\u00e8s avoir donn\u00e9 le coup d&rsquo;envoi d&rsquo;Annecy-Rodez en Ligue 2 le week-end pr\u00e9c\u00e9dent, Seixas reste visible, mais loin de l&rsquo;intensit\u00e9 d&rsquo;un grand tour.<\/p>\n\n\n\n<p class=\"wp-block-paragraph\">Pour MVZ Sports, le vrai sujet est l\u00e0 : Paul Seixas entre dans une phase o\u00f9 chaque choix de calendrier va compter. Son Tour a valid\u00e9 un niveau. Sa fin de saison dira maintenant comment il dig\u00e8re ce nouveau statut. S&rsquo;il arrive aux Mondiaux avec de la fra\u00eecheur, son renoncement \u00e0 la Vuelta pourrait vite passer pour une d\u00e9cision m\u00fbre plut\u00f4t qu&rsquo;un rendez-vous manqu\u00e9.<\/p>\n\n\n\n<p class=\"wp-block-paragraph\">La route choisie est moins bruyante. Elle est peut-\u00eatre aussi plus intelligenteVoir le code HTML brut<\/p>\n\n\n\n<pre class=\"wp-block-preformatted\"><\/pre>\n\n\n\n<p class=\"wp-block-paragraph\"><\/p>\n","protected":false},"excerpt":{"rendered":"<p>Paul Seixas ne prolonge pas son \u00e9t\u00e9 par une Vuelta : apr\u00e8s un Tour de France termin\u00e9 au bout de l&rsquo;effort, le Fran\u00e7ais pr\u00e9f\u00e8re reconstruire sa fin de saison autour des Mondiaux. \u00c0 19 ans, Paul Seixas a d\u00e9j\u00e0 coch\u00e9 une ligne rare pour un coureur de son \u00e2ge : un premier Tour de France [&hellip;]<\/p>\n","protected":false},"author":2,"featured_media":54433,"comment_status":"open","ping_status":"open","sticky":false,"template":"","format":"standard","meta":{"_acf_changed":false,"_seopress_robots_primary_cat":"none","_seopress_titles_title":"","_seopress_titles_desc":"","_seopress_robots_index":"","footnotes":""},"categories":[38],"tags":[],"class_list":["post-54430","post","type-post","status-publish","format-standard","has-post-thumbnail","hentry","category-cyclisme"],"acf":[],"_links":{"self":[{"href":"https:\/\/mvz-sports.com\/fr\/wp-json\/wp\/v2\/posts\/54430","targetHints":{"allow":["GET"]}}],"collection":[{"href":"https:\/\/mvz-sports.com\/fr\/wp-json\/wp\/v2\/posts"}],"about":[{"href":"https:\/\/mvz-sports.com\/fr\/wp-json\/wp\/v2\/types\/post"}],"author":[{"embeddable":true,"href":"https:\/\/mvz-sports.com\/fr\/wp-json\/wp\/v2\/users\/2"}],"replies":[{"embeddable":true,"href":"https:\/\/mvz-sports.com\/fr\/wp-json\/wp\/v2\/comments?post=54430"}],"version-history":[{"count":2,"href":"https:\/\/mvz-sports.com\/fr\/wp-json\/wp\/v2\/posts\/54430\/revisions"}],"predecessor-version":[{"id":54435,"href":"https:\/\/mvz-sports.com\/fr\/wp-json\/wp\/v2\/posts\/54430\/revisions\/54435"}],"wp:featuredmedia":[{"embeddable":true,"href":"https:\/\/mvz-sports.com\/fr\/wp-json\/wp\/v2\/media\/54433"}],"wp:attachment":[{"href":"https:\/\/mvz-sports.com\/fr\/wp-json\/wp\/v2\/media?parent=54430"}],"wp:term":[{"taxonomy":"category","embeddable":true,"href":"https:\/\/mvz-sports.com\/fr\/wp-json\/wp\/v2\/categories?post=54430"},{"taxonomy":"post_tag","embeddable":true,"href":"https:\/\/mvz-sports.com\/fr\/wp-json\/wp\/v2\/tags?post=54430"}],"curies":[{"name":"wp","href":"https:\/\/api.w.org\/{rel}","templated":true}]}}