{"id":54436,"date":"2026-08-22T14:36:00","date_gmt":"2026-08-22T12:36:00","guid":{"rendered":"https:\/\/mvz-sports.com\/fr\/?p=54436"},"modified":"2026-08-22T14:08:03","modified_gmt":"2026-08-22T12:08:03","slug":"pauline-ferrand-prevot-a-disparu-deux-semaines-apres-son-abandon-du-tour-mais-sa-saison-nest-peut-etre-pas-encore-terminee","status":"publish","type":"post","link":"https:\/\/mvz-sports.com\/fr\/cyclisme\/news\/pauline-ferrand-prevot-a-disparu-deux-semaines-apres-son-abandon-du-tour-mais-sa-saison-nest-peut-etre-pas-encore-terminee","title":{"rendered":"Pauline Ferrand-Pr\u00e9vot a disparu deux semaines apr\u00e8s son abandon du Tour, mais sa saison n\u2019est peut-\u00eatre pas encore termin\u00e9e"},"content":{"rendered":"\n<p class=\"wp-block-paragraph\"><strong>Pauline Ferrand-Pr\u00e9vot a quitt\u00e9 le radar apr\u00e8s son abandon sur le Tour de France 2026, mais cette coupure ressemble moins \u00e0 une fin de saison qu&rsquo;\u00e0 une respiration avant une possible derni\u00e8re \u00e9ch\u00e9ance.<\/strong><\/p>\n\n\n\n<p class=\"wp-block-paragraph\">Deux semaines sans course, sans grand signal sportif, et forc\u00e9ment une question autour de la championne fran\u00e7aise de <strong><a href=\"https:\/\/mvz-sports.com\/fr\/cyclisme\">cyclisme<\/a><\/strong> : que reste-t-il vraiment de sa saison apr\u00e8s la d\u00e9ception du Tour ? La r\u00e9ponse n\u2019est pas encore totalement \u00e9crite.<\/p>\n\n\n\n<p class=\"wp-block-paragraph\">Apr\u00e8s avoir \u00e9t\u00e9 contrainte d&rsquo;abandonner en marge de l&rsquo;avant-derni\u00e8re \u00e9tape, \u00e0 cause d&rsquo;une maladie qui l&rsquo;a priv\u00e9e de la lutte avec les meilleures, <strong>Pauline Ferrand-Pr\u00e9vot<\/strong> a donn\u00e9 quelques nouvelles via Instagram. Pas une annonce de programme. Plut\u00f4t une parenth\u00e8se assum\u00e9e.<\/p>\n\n\n\n<h2 class=\"wp-block-heading\">Une coupure qui tombe apr\u00e8s un Tour brutalement interrompu<\/h2>\n\n\n\n<p class=\"wp-block-paragraph\">Le Tour de France 2026 devait \u00eatre l&rsquo;un des grands rendez-vous de <strong>Pauline Ferrand-Pr\u00e9vot<\/strong>. Son abandon a donc laiss\u00e9 une vraie frustration, apr\u00e8s surtout son statut de gagnante du Tour 2025 et les attentes qui accompagnaient sa pr\u00e9sence.<\/p>\n\n\n\n<p class=\"wp-block-paragraph\">La Fran\u00e7aise de 34 ans n&rsquo;a pas seulement quitt\u00e9 un cours. Elle a aussi d\u00fb encaisser une rupture dans le fil de sa saison, au moment o\u00f9 le calendrier ne laisse pas beaucoup de place pour souffler.<\/p>\n\n\n\n<p class=\"wp-block-paragraph\">Son retour discret sur Instagram montre une autre facette de cette p\u00e9riode : des vacances, des proches, du temps loin du rythme de la comp\u00e9tition. Elle y \u00e9voque une p\u00e9riode post-Tour pass\u00e9e avec ses \u00ab personnes pr\u00e9f\u00e9r\u00e9es \u00bb et \u00e9crit notamment : \u00ab Chaque jour est mon jour pr\u00e9f\u00e9r\u00e9 (cf Marion Bunel). J&rsquo;ai profit\u00e9 autant que j&rsquo;ai pu de la p\u00e9riode post Tour de France avec certaines de mes personnes pr\u00e9f\u00e9r\u00e9es. \u00bb<\/p>\n\n\n\n<p class=\"wp-block-paragraph\">Ce n&rsquo;est pas une phrase de relance sportive. C&rsquo;est plut\u00f4t le signe d&rsquo;une pause n\u00e9cessaire, apr\u00e8s une Grande Boucle termin\u00e9e trop t\u00f4t.<\/p>\n\n\n\n<h2 class=\"wp-block-heading\">Le Canada peut encore changer la lecture de sa fin d&rsquo;ann\u00e9e<\/h2>\n\n\n\n<p class=\"wp-block-paragraph\">Le programme du point central reste son. Il n&rsquo;est pas clairement confirm\u00e9, mais une pr\u00e9sence aux championnats de cyclisme sur route au Canada, programm\u00e9s du 20 au 27 septembre, est \u00e9voqu\u00e9e comme une possibilit\u00e9.<\/p>\n\n\n\n<p class=\"wp-block-paragraph\">C&rsquo;est l\u00e0 que l&rsquo;histoire devient int\u00e9ressante pour sa saison. Si <strong>Pauline Ferrand-Pr\u00e9vo<\/strong>t reprend la comp\u00e9tition au Canada, son abandon sur le Tour ne resterait pas forc\u00e9ment comme la derni\u00e8re image forte de son ann\u00e9e 2026.<\/p>\n\n\n\n<p class=\"wp-block-paragraph\">Le sc\u00e9nario serait simple : couper quelques semaines, r\u00e9cup\u00e9rer, remettre du rythme, puis tenter une derni\u00e8re \u00e9ch\u00e9ance internationale avant une vraie pause. Pour un lecteur qui suit surtout les grands rendez-vous, cela change tout. Son silence post-Tour ne serait pas une disparition sportive, mais une phase de transition.<\/p>\n\n\n\n<p class=\"wp-block-paragraph\">\u00c0 l&rsquo;inverse, si le Canada sort finalement de son calendrier, la coupure prendrait une autre dimension : celle d&rsquo;une saison arr\u00eat\u00e9e pour repartir proprement vers 2027. Les deux conf\u00e9rences restent ouvertes tant qu&rsquo;aucun programme officiel d\u00e9taill\u00e9 n&rsquo;est confirm\u00e9.<\/p>\n\n\n\n<h2 class=\"wp-block-heading\">Une saison \u00e0 dig\u00e9rer avant de repartir plus fort<\/h2>\n\n\n\n<p class=\"wp-block-paragraph\">Apr\u00e8s sa d\u00e9convenue sur la Grande Boucle, <strong>Pauline Ferrand-Pr\u00e9vo<\/strong>t aurait \u00e9galement affich\u00e9 l&rsquo;envie de tirer les conclusions de cette saison pour revenir plus forte l&rsquo;ann\u00e9e prochaine. Cette phrase compte, car elle remplace l&rsquo;abandon dans un cycle plus large.<\/p>\n\n\n\n<p class=\"wp-block-paragraph\">\u00c0 ce niveau, une fin de saison ne se juge pas seulement \u00e0 une pr\u00e9sence ou non sur une course. Elle sert aussi \u00e0 comprendre ce qui a manqu\u00e9, ce qu&rsquo;il faut corriger, et jusqu&rsquo;o\u00f9 pousser le corps avant de couper plusieurs mois.<\/p>\n\n\n\n<p class=\"wp-block-paragraph\">Son \u00e9quipe, Visma | Louer un v\u00e9lo, aura forc\u00e9ment un r\u00f4le dans ce dosage. Entre l&rsquo;envie de finir sur une note plus positive et la n\u00e9cessit\u00e9 de pr\u00e9server la suite, la marge est fine.<\/p>\n\n\n\n<p class=\"wp-block-paragraph\">Pour l&rsquo;instant, la seule certitude est donc celle-ci : <strong>Pauline Ferrand-Pr\u00e9vot<\/strong> une reprise de l&rsquo;air apr\u00e8s un Tour douloureux. Sa saison n&rsquo;est pas officiellement relanc\u00e9e, mais elle n&rsquo;est pas compl\u00e8tement r\u00e9f\u00e9r\u00e9e non plus.<\/p>\n\n\n\n<pre class=\"wp-block-preformatted\"><\/pre>\n\n\n\n<p class=\"wp-block-paragraph\"><\/p>\n","protected":false},"excerpt":{"rendered":"<p>Pauline Ferrand-Pr\u00e9vot a quitt\u00e9 le radar apr\u00e8s son abandon sur le Tour de France 2026, mais cette coupure ressemble moins \u00e0 une fin de saison qu&rsquo;\u00e0 une respiration avant une possible derni\u00e8re \u00e9ch\u00e9ance. Deux semaines sans course, sans grand signal sportif, et forc\u00e9ment une question autour de la championne fran\u00e7aise de cyclisme : que reste-t-il [&hellip;]<\/p>\n","protected":false},"author":5,"featured_media":54440,"comment_status":"open","ping_status":"open","sticky":false,"template":"","format":"standard","meta":{"_acf_changed":false,"_seopress_robots_primary_cat":"none","_seopress_titles_title":"","_seopress_titles_desc":"","_seopress_robots_index":"","footnotes":""},"categories":[38],"tags":[],"class_list":["post-54436","post","type-post","status-publish","format-standard","has-post-thumbnail","hentry","category-cyclisme"],"acf":[],"_links":{"self":[{"href":"https:\/\/mvz-sports.com\/fr\/wp-json\/wp\/v2\/posts\/54436","targetHints":{"allow":["GET"]}}],"collection":[{"href":"https:\/\/mvz-sports.com\/fr\/wp-json\/wp\/v2\/posts"}],"about":[{"href":"https:\/\/mvz-sports.com\/fr\/wp-json\/wp\/v2\/types\/post"}],"author":[{"embeddable":true,"href":"https:\/\/mvz-sports.com\/fr\/wp-json\/wp\/v2\/users\/5"}],"replies":[{"embeddable":true,"href":"https:\/\/mvz-sports.com\/fr\/wp-json\/wp\/v2\/comments?post=54436"}],"version-history":[{"count":2,"href":"https:\/\/mvz-sports.com\/fr\/wp-json\/wp\/v2\/posts\/54436\/revisions"}],"predecessor-version":[{"id":54442,"href":"https:\/\/mvz-sports.com\/fr\/wp-json\/wp\/v2\/posts\/54436\/revisions\/54442"}],"wp:featuredmedia":[{"embeddable":true,"href":"https:\/\/mvz-sports.com\/fr\/wp-json\/wp\/v2\/media\/54440"}],"wp:attachment":[{"href":"https:\/\/mvz-sports.com\/fr\/wp-json\/wp\/v2\/media?parent=54436"}],"wp:term":[{"taxonomy":"category","embeddable":true,"href":"https:\/\/mvz-sports.com\/fr\/wp-json\/wp\/v2\/categories?post=54436"},{"taxonomy":"post_tag","embeddable":true,"href":"https:\/\/mvz-sports.com\/fr\/wp-json\/wp\/v2\/tags?post=54436"}],"curies":[{"name":"wp","href":"https:\/\/api.w.org\/{rel}","templated":true}]}}