{"id":54455,"date":"2026-08-22T16:15:00","date_gmt":"2026-08-22T14:15:00","guid":{"rendered":"https:\/\/mvz-sports.com\/fr\/?p=54455"},"modified":"2026-08-22T14:46:33","modified_gmt":"2026-08-22T12:46:33","slug":"un-coureur-qui-nous-a-tous-fait-rever-sivakov-resume-ce-qualaphilippe-laisse-au-cyclisme-francais","status":"publish","type":"post","link":"https:\/\/mvz-sports.com\/fr\/cyclisme\/news\/un-coureur-qui-nous-a-tous-fait-rever-sivakov-resume-ce-qualaphilippe-laisse-au-cyclisme-francais","title":{"rendered":"Un coureur qui nous a tous fait r\u00eaver : Sivakov r\u00e9sume ce qu&rsquo;Alaphilippe laisse au cyclisme fran\u00e7ais"},"content":{"rendered":"\n<p class=\"wp-block-paragraph\"><strong>La phrase de Pavel Sivakov touche juste parce qu&rsquo;elle ne parle pas seulement d&rsquo;un palmar\u00e8s : elle r\u00e9sume la place particuli\u00e8re que Julian Alaphilippe a prise dans l&rsquo;imaginaire du cyclisme fran\u00e7ais.<\/strong><\/p>\n\n\n\n<p class=\"wp-block-paragraph\">Le mot est fort, mais il n&rsquo;est pas excessif. Interrog\u00e9 sur Julian Alaphilippe avant la Vuelta 2026, Pavel Sivakov a choisi une formule simple : un coureur qui a \u00ab tous fait r\u00eaver \u00bb. Dans le cyclisme fran\u00e7ais, peu de coureurs r\u00e9cents ont d\u00e9clench\u00e9 ce m\u00e9lange de respect sportif, de nostalgie imm\u00e9diate et d&rsquo;attachement populaire.<\/p>\n\n\n\n<p class=\"wp-block-paragraph\">Le contexte reste \u00e0 manier avec prudence. Plusieurs m\u00e9dias ont annonc\u00e9 qu&rsquo;Alaphilippe allait mettre un terme \u00e0 sa carri\u00e8re \u00e0 34 ans, en renon\u00e7ant \u00e0 sa derni\u00e8re ann\u00e9e de contrat avec Tudor. Dans la source principale, l&rsquo;ancien coureur de la Quick-Step n&rsquo;avait pas encore officialis\u00e9 publiquement cette d\u00e9cision. Mais l&rsquo;hommage de Sivakov, lui, dit d\u00e9j\u00e0 beaucoup.<\/p>\n\n\n\n<h2 class=\"wp-block-heading\">Sivakov parle d&rsquo;Alaphilippe avec la retenue d&rsquo;un coureur qui l&rsquo;a vraiment c\u00f4toy\u00e9<\/h2>\n\n\n\n<p class=\"wp-block-paragraph\"><strong>Pavel Sivakov<\/strong> n&rsquo;a pas livr\u00e9 une phrase de fa\u00e7ade. Invit\u00e9 de l&rsquo;Int\u00e9grale Sport sur RMC, le Fran\u00e7ais a expliqu\u00e9 avoir \u00e9t\u00e9 surpris par les informations parues autour d&rsquo;Alaphilippe, avant d&rsquo;insister sur ce que \u00ab Loulou \u00bb a repr\u00e9sent\u00e9 pour sa g\u00e9n\u00e9ration.<\/p>\n\n\n\n<p class=\"wp-block-paragraph\">Sa formule compl\u00e8te donne le ton : \u00ab C&rsquo;est un coureur qui nous a tous fait r\u00eaver, qui nous a fait vibrer avec son panache, sa gentillesse aussi. \u00bb Le choix des mots compte. Sivakov ne parle pas seulement de victoires, de maillots ou de statistiques. Il met au m\u00eame niveau le panache et la personne.<\/p>\n\n\n\n<p class=\"wp-block-paragraph\">Ce n&rsquo;est pas anodin venant d&rsquo;un coureur qui a partag\u00e9 des moments avec Alaphilippe en \u00e9quipe de France, mais aussi en dehors des courses, notamment en Andorre. Sivakov insiste sur le plaisir qu&rsquo;il a eu \u00e0 le c\u00f4toyer. Son hommage sonne moins comme un communiqu\u00e9 que comme le souvenir d&rsquo;un coureur qui a marqu\u00e9 ses pairs.<\/p>\n\n\n\n<p class=\"wp-block-paragraph\">Il garde aussi une prudence bienvenue : \u00ab Si c&rsquo;est confirm\u00e9 \u00bb, dit-il, avant de souhaiter \u00e0 Alaphilippe \u00ab tout le meilleur pour la suite \u00bb. Cette nuance \u00e9vite de transformer l&rsquo;\u00e9motion en certitude d\u00e9finitive. Elle rend m\u00eame l&rsquo;hommage plus juste.<\/p>\n\n\n\n<h2 class=\"wp-block-heading\">Ce qu&rsquo;Alaphilippe laisse vraiment au cyclisme fran\u00e7ais<\/h2>\n\n\n\n<p class=\"wp-block-paragraph\"><strong>Julian Alaphilippe<\/strong> laisse \u00e9videmment un palmar\u00e8s. La source rappelle son statut de double champion du monde, un marqueur immense dans l&rsquo;histoire r\u00e9cente du cyclisme fran\u00e7ais. Mais r\u00e9duire son h\u00e9ritage \u00e0 cette ligne serait passer \u00e0 c\u00f4t\u00e9 de ce que Sivakov exprime.<\/p>\n\n\n\n<p class=\"wp-block-paragraph\">Alaphilippe a remis de l&rsquo;attente dans les courses. Quand il attaquait, le public fran\u00e7ais avait souvent le sentiment que quelque chose pouvait basculer. M\u00eame sans conna\u00eetre tous les d\u00e9tails tactiques, un spectateur comprenait vite son identit\u00e9 : prendre des risques, courir \u00e0 l&rsquo;instinct, faire vivre la course.<\/p>\n\n\n\n<p class=\"wp-block-paragraph\">C&rsquo;est ce que <strong>Sivakov<\/strong> appelle le panache. Un mot parfois us\u00e9 dans le sport, mais qui colle particuli\u00e8rement bien \u00e0 <strong>Alaphilippe<\/strong>. Il \u00e9voque moins une domination froide qu&rsquo;une mani\u00e8re de provoquer l&rsquo;\u00e9v\u00e9nement. Dans une \u00e9poque o\u00f9 le <a href=\"https:\/\/mvz-sports.com\/fr\/cyclisme\">cyclisme<\/a> se joue de plus en plus \u00e0 la puissance, aux plans millim\u00e9tr\u00e9s et aux collectifs tr\u00e8s structur\u00e9s, ce style a gard\u00e9 une valeur \u00e9motionnelle forte.<\/p>\n\n\n\n<p class=\"wp-block-paragraph\">Cas concret : pour un jeune suiveur qui a d\u00e9couvert le v\u00e9lo ces derni\u00e8res ann\u00e9es, Alaphilippe n&rsquo;est pas seulement un nom dans un palmar\u00e8s. C&rsquo;est une attaque dans une bosse, un maillot arc-en-ciel, une course qui s&#8217;emballe, une impression que le cyclisme fran\u00e7ais pouvait encore faire trembler les plus grands rendez-vous. C&rsquo;est ce souvenir-l\u00e0 que la phrase de Sivakov r\u00e9active.<\/p>\n\n\n\n<h2 class=\"wp-block-heading\">Un hommage qui d\u00e9passe le simple moment de nostalgie<\/h2>\n\n\n\n<p class=\"wp-block-paragraph\">L&rsquo;hommage de Sivakov arrive aussi dans un moment particulier. Lui-m\u00eame s&rsquo;appr\u00eate \u00e0 vivre trois semaines intenses sur la Vuelta 2026, avec UAE Team Emirates &#8211; XRG, dans le r\u00f4le de lieutenant de Tadej Pogacar. Le d\u00e9part depuis Monaco, avec un contre-la-montre individuel de 9,4 kilom\u00e8tres, place d\u00e9j\u00e0 son \u00e9quipe sous les projecteurs.<\/p>\n\n\n\n<p class=\"wp-block-paragraph\">Ce contraste est int\u00e9ressant : Sivakov parle d&rsquo;un coureur qui a incarn\u00e9 une forme de libert\u00e9, alors qu&rsquo;il s&rsquo;appr\u00eate \u00e0 \u00e9voluer dans l&rsquo;une des formations les plus fortes et les plus organis\u00e9es du peloton. Cela ne les oppose pas. Cela montre plut\u00f4t ce qu&rsquo;Alaphilippe laisse derri\u00e8re lui : une id\u00e9e du coureur capable de d\u00e9passer son r\u00f4le, son plan de course, parfois m\u00eame les attentes raisonnables.<\/p>\n\n\n\n<p class=\"wp-block-paragraph\">Le corpus autour de cette actualit\u00e9 montre que l&rsquo;\u00e9motion ne se limite pas \u00e0 Sivakov. D&rsquo;autres coureurs et figures du peloton ont aussi salu\u00e9 Alaphilippe, signe que son empreinte d\u00e9passe le public fran\u00e7ais. Mais la phrase de Sivakov garde une force particuli\u00e8re parce qu&rsquo;elle parle \u00e0 la fois du coureur et de l&rsquo;homme.<\/p>\n\n\n\n<p class=\"wp-block-paragraph\">Si la retraite d&rsquo;Alaphilippe se confirme officiellement dans les m\u00eames termes, le cyclisme fran\u00e7ais perdra plus qu&rsquo;un ancien champion du monde. Il verra partir l&rsquo;un de ses derniers grands d\u00e9clencheurs d&rsquo;\u00e9motion populaire. Et c&rsquo;est peut-\u00eatre cela que Sivakov a r\u00e9sum\u00e9 le mieux : <strong>Alaphilippe<\/strong> n&rsquo;a pas seulement gagn\u00e9, il a fait croire que la course pouvait encore devenir folle \u00e0 tout moment.<\/p>\n\n\n\n<p class=\"wp-block-paragraph\"><\/p>\n","protected":false},"excerpt":{"rendered":"<p>La phrase de Pavel Sivakov touche juste parce qu&rsquo;elle ne parle pas seulement d&rsquo;un palmar\u00e8s : elle r\u00e9sume la place particuli\u00e8re que Julian Alaphilippe a prise dans l&rsquo;imaginaire du cyclisme fran\u00e7ais. Le mot est fort, mais il n&rsquo;est pas excessif. Interrog\u00e9 sur Julian Alaphilippe avant la Vuelta 2026, Pavel Sivakov a choisi une formule simple [&hellip;]<\/p>\n","protected":false},"author":5,"featured_media":54458,"comment_status":"open","ping_status":"open","sticky":false,"template":"","format":"standard","meta":{"_acf_changed":false,"_seopress_robots_primary_cat":"none","_seopress_titles_title":"","_seopress_titles_desc":"","_seopress_robots_index":"","footnotes":""},"categories":[38],"tags":[],"class_list":["post-54455","post","type-post","status-publish","format-standard","has-post-thumbnail","hentry","category-cyclisme"],"acf":[],"_links":{"self":[{"href":"https:\/\/mvz-sports.com\/fr\/wp-json\/wp\/v2\/posts\/54455","targetHints":{"allow":["GET"]}}],"collection":[{"href":"https:\/\/mvz-sports.com\/fr\/wp-json\/wp\/v2\/posts"}],"about":[{"href":"https:\/\/mvz-sports.com\/fr\/wp-json\/wp\/v2\/types\/post"}],"author":[{"embeddable":true,"href":"https:\/\/mvz-sports.com\/fr\/wp-json\/wp\/v2\/users\/5"}],"replies":[{"embeddable":true,"href":"https:\/\/mvz-sports.com\/fr\/wp-json\/wp\/v2\/comments?post=54455"}],"version-history":[{"count":2,"href":"https:\/\/mvz-sports.com\/fr\/wp-json\/wp\/v2\/posts\/54455\/revisions"}],"predecessor-version":[{"id":54460,"href":"https:\/\/mvz-sports.com\/fr\/wp-json\/wp\/v2\/posts\/54455\/revisions\/54460"}],"wp:featuredmedia":[{"embeddable":true,"href":"https:\/\/mvz-sports.com\/fr\/wp-json\/wp\/v2\/media\/54458"}],"wp:attachment":[{"href":"https:\/\/mvz-sports.com\/fr\/wp-json\/wp\/v2\/media?parent=54455"}],"wp:term":[{"taxonomy":"category","embeddable":true,"href":"https:\/\/mvz-sports.com\/fr\/wp-json\/wp\/v2\/categories?post=54455"},{"taxonomy":"post_tag","embeddable":true,"href":"https:\/\/mvz-sports.com\/fr\/wp-json\/wp\/v2\/tags?post=54455"}],"curies":[{"name":"wp","href":"https:\/\/api.w.org\/{rel}","templated":true}]}}