{"id":54461,"date":"2026-08-22T16:15:00","date_gmt":"2026-08-22T14:15:00","guid":{"rendered":"https:\/\/mvz-sports.com\/fr\/?p=54461"},"modified":"2026-08-22T14:58:16","modified_gmt":"2026-08-22T12:58:16","slug":"la-premiere-medaille-francaise-en-badminton-est-deja-assuree-mais-alex-lanier-joue-maintenant-pour-changer-la-couleur-de-lhistoire","status":"publish","type":"post","link":"https:\/\/mvz-sports.com\/fr\/badminton\/news\/la-premiere-medaille-francaise-en-badminton-est-deja-assuree-mais-alex-lanier-joue-maintenant-pour-changer-la-couleur-de-lhistoire","title":{"rendered":"La premi\u00e8re m\u00e9daille fran\u00e7aise en badminton est d\u00e9j\u00e0 assur\u00e9e, mais Alex Lanier joue maintenant pour changer la couleur de l\u2019histoire"},"content":{"rendered":"\n<p class=\"wp-block-paragraph\"><strong>Alex Lanier a d\u00e9j\u00e0 offert au badminton fran\u00e7ais une m\u00e9daille historique en simple hommes, mais sa victoire contre Kunlavut Vitidsarn ouvre surtout une question plus forte : et si ce n&rsquo;\u00e9tait que le d\u00e9but ?<\/strong><\/p>\n\n\n\n<p class=\"wp-block-paragraph\"><br>\u00c0 21 ans, le Fran\u00e7ais a franchi un cap que son sport attend depuis des ann\u00e9es. Aux<strong> Championnats du monde de badminton<\/strong>, \u00e0 New Delhi, il a battu le <strong>Tha\u00eflandais Kunlavut<\/strong> <strong>Vitidsarn<\/strong>, num\u00e9ro 2 mondial, dans un match pr\u00e9sent\u00e9 comme renversant.<\/p>\n\n\n\n<p class=\"wp-block-paragraph\">Le r\u00e9sultat suffit d\u00e9j\u00e0 \u00e0 \u00e9crire une page. <strong>Lanier<\/strong> est qualifi\u00e9 pour les demi-finales et, dans ce format de comp\u00e9tition, une place dans le dernier carr\u00e9 garantit une m\u00e9daille. La premi\u00e8re de l&rsquo;histoire du badminton fran\u00e7ais en simples hommes.<\/p>\n\n\n\n<p class=\"wp-block-paragraph\">Mais c&rsquo;est justement l\u00e0 que l&rsquo;enjeu change. Samedi matin, vers 9 heures, il ne jouera plus seulement pour confirmer une surprise. Il jouera pour donner une autre couleur \u00e0 cette m\u00e9daille.<\/p>\n\n\n\n<h2 class=\"wp-block-heading\">Une m\u00e9daille d\u00e9j\u00e0 acquise, mais pas encore fig\u00e9e<\/h2>\n\n\n\n<p class=\"wp-block-paragraph\">Dans beaucoup de sports, une demi-finale perdue renvoie \u00e0 un match pour la troisi\u00e8me place. En <strong>badminton mondial<\/strong>, hors Jeux Olympiques, les deux demi-finalistes battus se r\u00e9partissent avec le bronze. Pour <strong>Alex Lanier<\/strong>, le podium est donc d\u00e9j\u00e0 assur\u00e9.<\/p>\n\n\n\n<p class=\"wp-block-paragraph\">Ce d\u00e9tail change tout. Il enl\u00e8ve une partie du poids historique, mais il ajoute une autre pression : celle de ne pas se contenter d&rsquo;avoir ouvert la porte. Car battre le num\u00e9ro 2 mondial n&rsquo;est pas un simple coup d&rsquo;\u00e9clat isol\u00e9. C&rsquo;est un signal envoy\u00e9 au tableau.<\/p>\n\n\n\n<p class=\"wp-block-paragraph\"><strong>Kunlavut Vitidsarn<\/strong> n\u2019est pas un nom neutre sur le circuit. Tomber un tel adversaire en quart de finale donne une autre lecture au parcours de Lanier. Il n&rsquo;est plus seulement le Fran\u00e7ais qui profite d&rsquo;une opportunit\u00e9. Il devient le joueur capable de faire vaciller un favori dans un rendez-vous majeur.<\/p>\n\n\n\n<p class=\"wp-block-paragraph\">Cas concret : pour un spectateur fran\u00e7ais qui allume la demi-finale samedi matin, le match ne se r\u00e9sume plus \u00e0 \u00ab voir un Fran\u00e7ais dans l&rsquo;histoire \u00bb. Il s&rsquo;agit d\u00e9sormais de savoir si cette histoire peut se transformer en finale mondiale, voire en bascule durable pour le badminton tricolore.<\/p>\n\n\n\n<h2 class=\"wp-block-heading\">La victoire contre Vitidsarn change le niveau d&rsquo;attente<\/h2>\n\n\n\n<p class=\"wp-block-paragraph\">Le sport fran\u00e7ais conna\u00eet bien ces moments o\u00f9 une premi\u00e8re m\u00e9daille suffit \u00e0 tout d\u00e9placer. Avant, on parle de progression, de g\u00e9n\u00e9ration prometteuse, de cap \u00e0 franchiser. Apr\u00e8s, on commence \u00e0 parler d&rsquo;ambition.<\/p>\n\n\n\n<p class=\"wp-block-paragraph\">Lanier se retrouve exactement \u00e0 cet endroit. Sa qualification en demi-finale assure une r\u00e9compense, mais la mani\u00e8re compte presque autant que le r\u00e9sultat. Gagner contre le num\u00e9ro 2 mondial dans un match renversant donne de l&rsquo;\u00e9paisseur au sc\u00e9nario.<\/p>\n\n\n\n<p class=\"wp-block-paragraph\">Ce n&rsquo;est pas une m\u00e9daille obtenue par forfait, ni un tableau vid\u00e9o de ses dangers. C&rsquo;est une place arrach\u00e9e contre l&rsquo;un des joueurs les mieux class\u00e9s du monde. Pour le badminton fran\u00e7ais, souvent oblig\u00e9 de courir apr\u00e8s les grandes nations de la discipline, la nuance est \u00e9norme.<\/p>\n\n\n\n<p class=\"wp-block-paragraph\">Le contexte collectif renforce encore cette impression. Aux m\u00eames Mondiaux, le double mixte fran\u00e7ais Delphine Delrue &#8211; Thom Gicquel s&rsquo;est \u00e9galement install\u00e9 dans la lutte pour les m\u00e9dailles. La semaine fran\u00e7aise \u00e0 New Delhi ne repose donc pas sur une seule \u00e9tincelle. Elle ressemble davantage \u00e0 un moment de densit\u00e9, rare \u00e0 ce niveau.<\/p>\n\n\n\n<h2 class=\"wp-block-heading\">Pourquoi cette demi-finale peut peser plus qu&rsquo;un podium<\/h2>\n\n\n\n<p class=\"wp-block-paragraph\">Une m\u00e9daille de bronze serait d\u00e9j\u00e0 historique. Personne ne peut l&rsquo;enlever \u00e0<strong> Alex Lanier<\/strong>. Mais une finale mondiale changerait la perception de son tournoi, et peut-\u00eatre celle de sa place dans le badminton fran\u00e7ais.<\/p>\n\n\n\n<p class=\"wp-block-paragraph\">\u00c0 21 ans, il n&rsquo;arrive pas seulement avec une ligne de palmar\u00e8s \u00e0 remplir. Il arrive avec une marge sportive encore visible, une capacit\u00e9 \u00e0 r\u00e9sister dans les moments difficiles et une victoire r\u00e9f\u00e9rence contre un joueur du top mondial. C&rsquo;est le type de combinaison qui installe un athl\u00e8te dans une autre conversation.<\/p>\n\n\n\n<p class=\"wp-block-paragraph\">La demi-finale annonc\u00e9e samedi vers 9 heures doit donc \u00eatre lu avec cette double grille. D&rsquo;un c\u00f4t\u00e9, la France a d\u00e9j\u00e0 gagn\u00e9 quelque chose qu&rsquo;elle n&rsquo;avait jamais eu en simples hommes. De l\u2019autre, Lanier peut \u00e9viter que cette premi\u00e8re m\u00e9daille soit seulement racont\u00e9e comme une belle anomalie.<\/p>\n\n\n\n<p class=\"wp-block-paragraph\">S&rsquo;il s&rsquo;arr\u00eate l\u00e0, l&rsquo;histoire reste majeure. S&rsquo;il passe encore un tour, elle prendra une dimension diff\u00e9rente : celle d&rsquo;un joueur fran\u00e7ais qui ne se contente plus d&rsquo;entrer dans le dernier carr\u00e9 mondial, mais qui oblige le badminton fran\u00e7ais \u00e0 regarder plus haut.<\/p>\n\n\n\n<p class=\"wp-block-paragraph\"><\/p>\n","protected":false},"excerpt":{"rendered":"<p>Alex Lanier a d\u00e9j\u00e0 offert au badminton fran\u00e7ais une m\u00e9daille historique en simple hommes, mais sa victoire contre Kunlavut Vitidsarn ouvre surtout une question plus forte : et si ce n&rsquo;\u00e9tait que le d\u00e9but ? \u00c0 21 ans, le Fran\u00e7ais a franchi un cap que son sport attend depuis des ann\u00e9es. Aux Championnats du monde [&hellip;]<\/p>\n","protected":false},"author":2,"featured_media":54464,"comment_status":"open","ping_status":"open","sticky":false,"template":"","format":"standard","meta":{"_acf_changed":false,"_seopress_robots_primary_cat":"none","_seopress_titles_title":"","_seopress_titles_desc":"","_seopress_robots_index":"","footnotes":""},"categories":[48],"tags":[],"class_list":["post-54461","post","type-post","status-publish","format-standard","has-post-thumbnail","hentry","category-badminton"],"acf":[],"_links":{"self":[{"href":"https:\/\/mvz-sports.com\/fr\/wp-json\/wp\/v2\/posts\/54461","targetHints":{"allow":["GET"]}}],"collection":[{"href":"https:\/\/mvz-sports.com\/fr\/wp-json\/wp\/v2\/posts"}],"about":[{"href":"https:\/\/mvz-sports.com\/fr\/wp-json\/wp\/v2\/types\/post"}],"author":[{"embeddable":true,"href":"https:\/\/mvz-sports.com\/fr\/wp-json\/wp\/v2\/users\/2"}],"replies":[{"embeddable":true,"href":"https:\/\/mvz-sports.com\/fr\/wp-json\/wp\/v2\/comments?post=54461"}],"version-history":[{"count":2,"href":"https:\/\/mvz-sports.com\/fr\/wp-json\/wp\/v2\/posts\/54461\/revisions"}],"predecessor-version":[{"id":54466,"href":"https:\/\/mvz-sports.com\/fr\/wp-json\/wp\/v2\/posts\/54461\/revisions\/54466"}],"wp:featuredmedia":[{"embeddable":true,"href":"https:\/\/mvz-sports.com\/fr\/wp-json\/wp\/v2\/media\/54464"}],"wp:attachment":[{"href":"https:\/\/mvz-sports.com\/fr\/wp-json\/wp\/v2\/media?parent=54461"}],"wp:term":[{"taxonomy":"category","embeddable":true,"href":"https:\/\/mvz-sports.com\/fr\/wp-json\/wp\/v2\/categories?post=54461"},{"taxonomy":"post_tag","embeddable":true,"href":"https:\/\/mvz-sports.com\/fr\/wp-json\/wp\/v2\/tags?post=54461"}],"curies":[{"name":"wp","href":"https:\/\/api.w.org\/{rel}","templated":true}]}}