{"id":54472,"date":"2026-08-23T21:59:27","date_gmt":"2026-08-23T19:59:27","guid":{"rendered":"https:\/\/mvz-sports.com\/fr\/?p=54472"},"modified":"2026-08-23T21:59:29","modified_gmt":"2026-08-23T19:59:29","slug":"cest-avec-nous-quil-va-gagner-decathlon-cma-cgm-perd-encore-un-coureur-mais-le-vrai-message-concerne-surtout-paul-seixas","status":"publish","type":"post","link":"https:\/\/mvz-sports.com\/fr\/cyclisme\/news\/cest-avec-nous-quil-va-gagner-decathlon-cma-cgm-perd-encore-un-coureur-mais-le-vrai-message-concerne-surtout-paul-seixas","title":{"rendered":"\u00ab C\u2019est avec nous qu\u2019il va gagner \u00bb : Decathlon-CMA CGM perd encore un coureur, mais le vrai message concerne surtout Paul Seixas"},"content":{"rendered":"\n<p class=\"wp-block-paragraph\"><strong>Decathlon-CMA CGM voit encore un coureur se rapprocher de la sortie, mais la phrase de Dominique Serieys donne surtout la vraie lecture du moment : tout ram\u00e8ne d\u00e9sormais \u00e0 Paul Seixas.<\/strong><\/p>\n\n\n\n<p class=\"wp-block-paragraph\">Sur le papier, c\u2019est un nouveau d\u00e9part qui attire l\u2019\u0153il. Pierre Gautherat devrait quitter Decathlon-CMA CGM pour rejoindre UAE Emirates-XRG, l\u2019\u00e9quipe de Tadej Pogacar, d\u00e8s la saison prochaine. Apr\u00e8s Felix Gall et Gregor M\u00fchlberger, cela ferait un mouvement de plus dans une formation fran\u00e7aise d\u00e9j\u00e0 tr\u00e8s active.<\/p>\n\n\n\n<p class=\"wp-block-paragraph\">Mais cette s\u00e9quence ne se r\u00e9sume pas \u00e0 une \u00e9quipe qui se fait d\u00e9pouiller. Le message le plus fort est ailleurs. Dominique Serieys, patron de Decathlon-CMA CGM, a r\u00e9sum\u00e9 la ligne sportive avec une phrase lourde de sens au sujet de Paul Seixas : \u00ab c\u2019est avec nous qu\u2019il va gagner \u00bb.<\/p>\n\n\n\n<h2 class=\"wp-block-heading\">Un d\u00e9part de plus, mais pas forc\u00e9ment le m\u00eame signal<\/h2>\n\n\n\n<p class=\"wp-block-paragraph\">Pierre Gautherat n\u2019\u00e9tait plus pr\u00e9sent\u00e9 comme un coureur central dans l\u2019\u00e9quilibre de Decathlon-CMA CGM. Coureur de classiques, longtemps annonc\u00e9 du c\u00f4t\u00e9 de Lotto-Intermarch\u00e9, il devrait finalement prendre la direction d\u2019UAE Emirates-XRG, d\u2019apr\u00e8s MARCA. Le mouvement reste donc \u00e0 traiter avec prudence tant qu\u2019il n\u2019a pas \u00e9t\u00e9 officialis\u00e9 par les \u00e9quipes concern\u00e9es.<\/p>\n\n\n\n<p class=\"wp-block-paragraph\">Sportivement, le choix est compr\u00e9hensible. UAE attire, gagne, structure son effectif autour d\u2019un pouvoir sportif \u00e9norme. Pour un coureur qui cherche une place plus claire, rejoindre l\u2019\u00e9quipe de Pogacar peut ressembler \u00e0 une opportunit\u00e9 difficile \u00e0 refuser.<\/p>\n\n\n\n<p class=\"wp-block-paragraph\">Pour Decathlon-CMA CGM, le vrai sujet est plut\u00f4t la hi\u00e9rarchie interne qui se redessine. Quand un coureur part parce que son r\u00f4le se r\u00e9duit, ce n\u2019est pas toujours une perte s\u00e8che. Parfois, c\u2019est aussi le signe qu\u2019une \u00e9quipe assume une direction plus nette.<\/p>\n\n\n\n<p class=\"wp-block-paragraph\">Le cas concret est simple : un suiveur de l\u2019\u00e9quipe peut voir Gautherat, Gall et M\u00fchlberger partir et y lire une fragilit\u00e9. Mais s\u2019il regarde les r\u00f4les, la lecture change. Decathlon-CMA CGM semble surtout vouloir lib\u00e9rer de la place, du budget et des responsabilit\u00e9s autour d\u2019un leader identifi\u00e9.<\/p>\n\n\n\n<h2 class=\"wp-block-heading\">Paul Seixas devient le centre de gravit\u00e9<\/h2>\n\n\n\n<p class=\"wp-block-paragraph\">Paul Seixas n\u2019est plus seulement un jeune talent \u00e0 prot\u00e9ger. Sa quatri\u00e8me place pour son premier Tour de France, telle qu\u2019elle est pr\u00e9sent\u00e9e dans le texte de d\u00e9part, a d\u00e9j\u00e0 chang\u00e9 son statut. Dans une \u00e9quipe fran\u00e7aise capable d\u2019exister sur plusieurs terrains, il devient le coureur autour duquel les d\u00e9cisions prennent du sens.<\/p>\n\n\n\n<p class=\"wp-block-paragraph\">C\u2019est pour cela que la citation de Dominique Serieys p\u00e8se plus lourd que le d\u00e9part annonc\u00e9 de Gautherat. \u00ab La conviction que Paul doit avoir, et que nous avons d\u00e9j\u00e0, c\u2019est que c\u2019est avec nous qu\u2019il va gagner \u00bb, a-t-il d\u00e9clar\u00e9 dans Le Parisien. La phrase ne promet pas seulement un soutien. Elle installe une responsabilit\u00e9.<\/p>\n\n\n\n<p class=\"wp-block-paragraph\">Elle dit aussi quelque chose \u00e0 Seixas lui-m\u00eame. Dans un march\u00e9 o\u00f9 les grands talents sont vite aspir\u00e9s par les superpuissances du peloton, Decathlon-CMA CGM veut convaincre son coureur qu\u2019il n\u2019a pas besoin de partir pour franchir le dernier cap. C\u2019est un discours sportif, mais aussi un discours de mercato.<\/p>\n\n\n\n<p class=\"wp-block-paragraph\">Le contexte va dans ce sens. Des sources de contexte rapportent que Seixas a confirm\u00e9 vouloir rouler pour Decathlon-CMA CGM la saison prochaine, avec un contrat courant jusqu\u2019\u00e0 fin 2027. Cette stabilit\u00e9 ne ferme pas tous les d\u00e9bats pour l\u2019avenir, mais elle donne \u00e0 l\u2019\u00e9quipe fran\u00e7aise une fen\u00eatre pour b\u00e2tir autour de lui.<\/p>\n\n\n\n<h2 class=\"wp-block-heading\">Le mercato doit maintenant prouver la promesse<\/h2>\n\n\n\n<p class=\"wp-block-paragraph\">Dire \u00e0 Paul Seixas qu\u2019il gagnera avec Decathlon-CMA CGM ne suffit pas. Il faut lui donner une \u00e9quipe capable de l\u2019emmener jusque-l\u00e0. C\u2019est l\u00e0 que les arriv\u00e9es annonc\u00e9es prennent toute leur importance.<\/p>\n\n\n\n<p class=\"wp-block-paragraph\">Dominique Serieys promet quatre ou cinq recrues \u00e0 la rentr\u00e9e de septembre. Parmi les noms d\u00e9j\u00e0 pr\u00e9sent\u00e9s comme act\u00e9s, Pavel Sivakov, Ben O\u2019Connor et Laurens De Plus doivent renforcer la formation fran\u00e7aise. Le profil est clair : il ne s\u2019agit pas seulement d\u2019empiler des coureurs, mais d\u2019ajouter de l\u2019exp\u00e9rience et du soutien autour d\u2019un projet de classement g\u00e9n\u00e9ral.<\/p>\n\n\n\n<p class=\"wp-block-paragraph\">Le d\u00e9part de Felix Gall s\u2019inscrit aussi dans cette lecture. Avec un coureur comme Seixas qui prend de plus en plus de place, la coexistence entre plusieurs ambitions de leadership devient plus difficile. Une grande \u00e9quipe a besoin de densit\u00e9, mais elle doit aussi \u00e9viter les zones grises. Qui court pour qui ? Sur quel Grand Tour ? Avec quelle priorit\u00e9 ?<\/p>\n\n\n\n<p class=\"wp-block-paragraph\">Decathlon-CMA CGM entre donc dans une phase d\u00e9licate. L\u2019\u00e9quipe perd des coureurs, oui. Mais elle semble surtout choisir son architecture. Si les renforts annonc\u00e9s confirment leur r\u00f4le, le d\u00e9part de Gautherat pourrait vite devenir secondaire dans la narration de la saison.<\/p>\n\n\n\n<p class=\"wp-block-paragraph\">Le vrai test sera ailleurs : transformer la phrase de Serieys en r\u00e9alit\u00e9 sportive. Si Seixas gagne avec Decathlon-CMA CGM, cette p\u00e9riode de d\u00e9parts sera relue comme une mue. S\u2019il ne trouve pas assez vite les garanties promises, elle deviendra le premier signe d\u2019un projet trop fragile pour retenir son ph\u00e9nom\u00e8ne.<\/p>\n","protected":false},"excerpt":{"rendered":"<p>Decathlon-CMA CGM voit encore un coureur se rapprocher de la sortie, mais la phrase de Dominique Serieys donne surtout la vraie lecture du moment : tout ram\u00e8ne d\u00e9sormais \u00e0 Paul Seixas. Sur le papier, c\u2019est un nouveau d\u00e9part qui attire l\u2019\u0153il. Pierre Gautherat devrait quitter Decathlon-CMA CGM pour rejoindre UAE Emirates-XRG, l\u2019\u00e9quipe de Tadej Pogacar, [&hellip;]<\/p>\n","protected":false},"author":6,"featured_media":54475,"comment_status":"open","ping_status":"open","sticky":false,"template":"","format":"standard","meta":{"_acf_changed":false,"_seopress_robots_primary_cat":"none","_seopress_titles_title":"","_seopress_titles_desc":"","_seopress_robots_index":"","footnotes":""},"categories":[38],"tags":[],"class_list":["post-54472","post","type-post","status-publish","format-standard","has-post-thumbnail","hentry","category-cyclisme"],"acf":[],"_links":{"self":[{"href":"https:\/\/mvz-sports.com\/fr\/wp-json\/wp\/v2\/posts\/54472","targetHints":{"allow":["GET"]}}],"collection":[{"href":"https:\/\/mvz-sports.com\/fr\/wp-json\/wp\/v2\/posts"}],"about":[{"href":"https:\/\/mvz-sports.com\/fr\/wp-json\/wp\/v2\/types\/post"}],"author":[{"embeddable":true,"href":"https:\/\/mvz-sports.com\/fr\/wp-json\/wp\/v2\/users\/6"}],"replies":[{"embeddable":true,"href":"https:\/\/mvz-sports.com\/fr\/wp-json\/wp\/v2\/comments?post=54472"}],"version-history":[{"count":1,"href":"https:\/\/mvz-sports.com\/fr\/wp-json\/wp\/v2\/posts\/54472\/revisions"}],"predecessor-version":[{"id":54476,"href":"https:\/\/mvz-sports.com\/fr\/wp-json\/wp\/v2\/posts\/54472\/revisions\/54476"}],"wp:featuredmedia":[{"embeddable":true,"href":"https:\/\/mvz-sports.com\/fr\/wp-json\/wp\/v2\/media\/54475"}],"wp:attachment":[{"href":"https:\/\/mvz-sports.com\/fr\/wp-json\/wp\/v2\/media?parent=54472"}],"wp:term":[{"taxonomy":"category","embeddable":true,"href":"https:\/\/mvz-sports.com\/fr\/wp-json\/wp\/v2\/categories?post=54472"},{"taxonomy":"post_tag","embeddable":true,"href":"https:\/\/mvz-sports.com\/fr\/wp-json\/wp\/v2\/tags?post=54472"}],"curies":[{"name":"wp","href":"https:\/\/api.w.org\/{rel}","templated":true}]}}