{"id":54497,"date":"2026-08-24T09:04:00","date_gmt":"2026-08-24T07:04:00","guid":{"rendered":"https:\/\/mvz-sports.com\/fr\/?p=54497"},"modified":"2026-08-23T22:17:47","modified_gmt":"2026-08-23T20:17:47","slug":"a-quelques-semaines-de-ses-40-ans-lavillenie-gagne-encore-en-passant-580-m-et-son-prochain-defi-peut-encore-marquer-lhistoire-de-la-perche","status":"publish","type":"post","link":"https:\/\/mvz-sports.com\/fr\/jeux-olympiques-dhiver-2026-milano-cortina\/news\/a-quelques-semaines-de-ses-40-ans-lavillenie-gagne-encore-en-passant-580-m-et-son-prochain-defi-peut-encore-marquer-lhistoire-de-la-perche","title":{"rendered":"\u00c0 quelques semaines de ses 40 ans, Lavillenie gagne encore en passant 5,80 m et son prochain d\u00e9fi peut encore marquer l\u2019histoire de la perche"},"content":{"rendered":"\n<p class=\"wp-block-paragraph\"><strong>Renaud Lavillenie a encore envoy\u00e9 un signal fort \u00e0 la perche : \u00e0 39 ans, son 5,80 m r\u00e9ussi \u00e0 Aoste donne du poids \u00e0 son prochain d\u00e9fi contre le record v\u00e9t\u00e9ran.<\/strong><\/p>\n\n\n\n<p class=\"wp-block-paragraph\">La barre ne raconte pas tout, mais celle-l\u00e0 tombe au bon moment. Au meeting d\u2019Aoste, en Italie, Renaud Lavillenie a remport\u00e9 le concours de saut \u00e0 la perche avec 5,80 m, sa meilleure performance de la saison.<\/p>\n\n\n\n<p class=\"wp-block-paragraph\">Le champion olympique 2012 a devanc\u00e9 l\u2019Ukrainien Oleksandr Onufriyev. Surtout, il a replac\u00e9 son nom \u00e0 une hauteur qui change la lecture de sa fin d\u2019\u00e9t\u00e9 : le Fran\u00e7ais approche de ses 40 ans avec une marge r\u00e9elle sur le record du monde v\u00e9t\u00e9ran des 40-45 ans, annonc\u00e9 \u00e0 5,71 m.<\/p>\n\n\n\n<p class=\"wp-block-paragraph\">Ce n\u2019est pas un record d\u00e9j\u00e0 battu. C\u2019est une preuve. Et dans une discipline aussi technique que la perche, une preuve \u00e0 5,80 m p\u00e8se lourd.<\/p>\n\n\n\n<h2 class=\"wp-block-heading\">\u00c0 Aoste, Lavillenie ne gagne pas seulement un concours<\/h2>\n\n\n\n<p class=\"wp-block-paragraph\">La victoire italienne a une valeur sportive simple : Lavillenie a gagn\u00e9. \u00c0 39 ans, apr\u00e8s une carri\u00e8re immense et des saisons moins lin\u00e9aires, il reste capable de battre un plateau international et de franchir une barre de r\u00e9f\u00e9rence.<\/p>\n\n\n\n<p class=\"wp-block-paragraph\">Le chiffre compte parce qu\u2019il n\u2019est pas anodin dans son histoire. D\u2019apr\u00e8s les \u00e9l\u00e9ments disponibles, Lavillenie avait pass\u00e9 5,80 m pour la premi\u00e8re fois en plein air il y a 17 ans, \u00e0 Forbach. Revenir \u00e0 cette hauteur aujourd\u2019hui donne une autre couleur \u00e0 la performance.<\/p>\n\n\n\n<p class=\"wp-block-paragraph\">Ce n\u2019est pas le Lavillenie recordman du monde absolu que l\u2019on juge ici. C\u2019est l\u2019athl\u00e8te qui continue d\u2019exister \u00e0 tr\u00e8s haut niveau dans un concours o\u00f9 l\u2019\u00e9lan, la vitesse, le placement et la confiance doivent encore s\u2019aligner au centim\u00e8tre.<\/p>\n\n\n\n<p class=\"wp-block-paragraph\">Le contexte ajout\u00e9 par La Montagne va dans le m\u00eame sens : le perchiste clermontois n\u2019aurait plus franchi une barre \u00e0 5,80 m depuis plus d\u2019un an, avec une r\u00e9f\u00e9rence \u00e0 Chorzow en ao\u00fbt 2025, puis \u00e0 5,82 m quelques jours plus tard. Ce point demande une v\u00e9rification directe<\/p>\n\n\n\n<h2 class=\"wp-block-heading\">Pourquoi le record v\u00e9t\u00e9ran devient soudain beaucoup plus concret<\/h2>\n\n\n\n<p class=\"wp-block-paragraph\">Le prochain rendez-vous annonc\u00e9 donne tout son relief \u00e0 ce 5,80 m. Lavillenie doit tenter de battre le record du monde v\u00e9t\u00e9ran dans la cat\u00e9gorie 40-45 ans le 18 septembre, le jour de ses 40 ans, au stade Philippe-Marcombes de Clermont-Ferrand, dans son club du Clermont Athl\u00e9tisme Auvergne.<\/p>\n\n\n\n<p class=\"wp-block-paragraph\">La marque \u00e0 viser est donn\u00e9e \u00e0 5,71 m. Sur le papier, le raisonnement est brutal : un athl\u00e8te qui passe 5,80 m quelques semaines avant une tentative poss\u00e8de neuf centim\u00e8tres de marge sur la hauteur du record v\u00e9t\u00e9ran. Mais la perche ne se r\u00e9sume jamais \u00e0 une soustraction.<\/p>\n\n\n\n<p class=\"wp-block-paragraph\">Un concours d\u00e9pend de la m\u00e9t\u00e9o, de la forme du jour, du choix des perches, de la course d\u2019\u00e9lan, de la fra\u00eecheur et du mental. C\u2019est justement pour cela que la performance d\u2019Aoste compte : elle ne garantit rien, mais elle prouve que la hauteur est dans ses jambes et dans ses rep\u00e8res techniques.<\/p>\n\n\n\n<p class=\"wp-block-paragraph\">Cas concret pour le lecteur : si Lavillenie arrive \u00e0 Clermont-Ferrand avec les m\u00eames sensations qu\u2019\u00e0 Aoste, il ne devra pas r\u00e9aliser une performance exceptionnelle par rapport \u00e0 son niveau du moment. Il devra convertir, le bon jour, une barre inf\u00e9rieure \u00e0 celle qu\u2019il vient de franchir. C\u2019est une nuance \u00e9norme.<\/p>\n\n\n\n<p class=\"wp-block-paragraph\">Elle explique pourquoi ce d\u00e9fi peut d\u00e9passer le simple cadre statistique. Pour un champion olympique, triple champion du monde en salle en 2012, 2016 et 2018, r\u00e9ussir ce record chez lui ajouterait une ligne tr\u00e8s symbolique \u00e0 une carri\u00e8re d\u00e9j\u00e0 pleine.<\/p>\n\n\n\n<h2 class=\"wp-block-heading\">Une long\u00e9vit\u00e9 rare, mais encore soumise au concours du jour<\/h2>\n\n\n\n<p class=\"wp-block-paragraph\">Lavillenie n\u2019a plus besoin de prouver qu\u2019il a marqu\u00e9 l\u2019histoire de la perche fran\u00e7aise. Ce que cette s\u00e9quence raconte, c\u2019est autre chose : sa capacit\u00e9 \u00e0 rester comp\u00e9titif assez longtemps pour transformer une cat\u00e9gorie v\u00e9t\u00e9ran en vrai \u00e9v\u00e9nement sportif.<\/p>\n\n\n\n<p class=\"wp-block-paragraph\">\u00c0 presque 40 ans, passer 5,80 m n\u2019est pas une performance d\u00e9corative. C\u2019est une hauteur qui oblige \u00e0 regarder la tentative du 18 septembre avec s\u00e9rieux. Elle place aussi la pression au bon endroit : non pas sur la nostalgie, mais sur la capacit\u00e9 \u00e0 reproduire un saut propre dans un cadre pr\u00e9cis.<\/p>\n\n\n\n<p class=\"wp-block-paragraph\">Le lieu ajoute une couche \u00e0 l\u2019histoire. Clermont-Ferrand, son club, son public, une date cal\u00e9e sur son anniversaire : tous les \u00e9l\u00e9ments sont r\u00e9unis pour faire de la tentative un moment fort. Mais la barre ne tombera pas parce que le sc\u00e9nario est beau. Elle tombera seulement si le concours est ma\u00eetris\u00e9.<\/p>\n\n\n\n<p class=\"wp-block-paragraph\">C\u2019est ce qui rend la suite int\u00e9ressante. Lavillenie ne se pr\u00e9sente pas avec un simple statut d\u2019ancienne l\u00e9gende. Il arrive avec une performance r\u00e9cente, mesurable, sup\u00e9rieure au record vis\u00e9. \u00c0 Aoste, il a donc fait plus que gagner : il a donn\u00e9 une raison sportive de croire que son prochain d\u00e9fi peut encore compter dans l\u2019histoire de la perche.<\/p>\n","protected":false},"excerpt":{"rendered":"<p>Renaud Lavillenie a encore envoy\u00e9 un signal fort \u00e0 la perche : \u00e0 39 ans, son 5,80 m r\u00e9ussi \u00e0 Aoste donne du poids \u00e0 son prochain d\u00e9fi contre le record v\u00e9t\u00e9ran. La barre ne raconte pas tout, mais celle-l\u00e0 tombe au bon moment. Au meeting d\u2019Aoste, en Italie, Renaud Lavillenie a remport\u00e9 le concours [&hellip;]<\/p>\n","protected":false},"author":6,"featured_media":54500,"comment_status":"open","ping_status":"open","sticky":false,"template":"","format":"standard","meta":{"_acf_changed":false,"_seopress_robots_primary_cat":"none","_seopress_titles_title":"","_seopress_titles_desc":"","_seopress_robots_index":"","footnotes":""},"categories":[37,46],"tags":[],"class_list":["post-54497","post","type-post","status-publish","format-standard","has-post-thumbnail","hentry","category-jeux-olympiques-dhiver-2026-milano-cortina","category-omnisport"],"acf":[],"_links":{"self":[{"href":"https:\/\/mvz-sports.com\/fr\/wp-json\/wp\/v2\/posts\/54497","targetHints":{"allow":["GET"]}}],"collection":[{"href":"https:\/\/mvz-sports.com\/fr\/wp-json\/wp\/v2\/posts"}],"about":[{"href":"https:\/\/mvz-sports.com\/fr\/wp-json\/wp\/v2\/types\/post"}],"author":[{"embeddable":true,"href":"https:\/\/mvz-sports.com\/fr\/wp-json\/wp\/v2\/users\/6"}],"replies":[{"embeddable":true,"href":"https:\/\/mvz-sports.com\/fr\/wp-json\/wp\/v2\/comments?post=54497"}],"version-history":[{"count":1,"href":"https:\/\/mvz-sports.com\/fr\/wp-json\/wp\/v2\/posts\/54497\/revisions"}],"predecessor-version":[{"id":54501,"href":"https:\/\/mvz-sports.com\/fr\/wp-json\/wp\/v2\/posts\/54497\/revisions\/54501"}],"wp:featuredmedia":[{"embeddable":true,"href":"https:\/\/mvz-sports.com\/fr\/wp-json\/wp\/v2\/media\/54500"}],"wp:attachment":[{"href":"https:\/\/mvz-sports.com\/fr\/wp-json\/wp\/v2\/media?parent=54497"}],"wp:term":[{"taxonomy":"category","embeddable":true,"href":"https:\/\/mvz-sports.com\/fr\/wp-json\/wp\/v2\/categories?post=54497"},{"taxonomy":"post_tag","embeddable":true,"href":"https:\/\/mvz-sports.com\/fr\/wp-json\/wp\/v2\/tags?post=54497"}],"curies":[{"name":"wp","href":"https:\/\/api.w.org\/{rel}","templated":true}]}}