{"id":54538,"date":"2026-08-24T21:01:34","date_gmt":"2026-08-24T19:01:34","guid":{"rendered":"https:\/\/mvz-sports.com\/fr\/?p=54538"},"modified":"2026-08-24T21:01:36","modified_gmt":"2026-08-24T19:01:36","slug":"le-tour-despagne-a-annule-une-etape-en-france-ce-que-dit-vraiment-le-protocole-meteo-de-luci","status":"publish","type":"post","link":"https:\/\/mvz-sports.com\/fr\/cyclisme\/news\/le-tour-despagne-a-annule-une-etape-en-france-ce-que-dit-vraiment-le-protocole-meteo-de-luci","title":{"rendered":"Le Tour d&rsquo;Espagne a annul\u00e9 une \u00e9tape\u2026 en France : ce que dit vraiment le protocole m\u00e9t\u00e9o de l&rsquo;UCI"},"content":{"rendered":"\n<p class=\"wp-block-paragraph\"><strong>L\u2019annulation de la 3e \u00e9tape de la Vuelta en France n\u2019est pas seulement une image de coureurs sous la gr\u00eale : elle montre comment le protocole m\u00e9t\u00e9o de l\u2019UCI peut faire basculer une course enti\u00e8re.<\/strong><\/p>\n\n\n\n<p class=\"wp-block-paragraph\">Sur le papier, une \u00e9tape du Tour d\u2019Espagne qui passe par les Pyr\u00e9n\u00e9es fran\u00e7aises garde toujours une part d\u2019incertitude. Mais quand la m\u00e9t\u00e9o transforme la route en pi\u00e8ge, la d\u00e9cision ne repose pas seulement sur le ressenti du peloton ou sur les images spectaculaires.<\/p>\n\n\n\n<p class=\"wp-block-paragraph\">La 3e \u00e9tape de la Vuelta a \u00e9t\u00e9 interrompue puis annul\u00e9e ce lundi, alors que les conditions ne permettaient plus de poursuivre la course en s\u00e9curit\u00e9. Les organisateurs ont alors activ\u00e9 le cadre pr\u00e9vu par l\u2019Union cycliste internationale pour les situations m\u00e9t\u00e9orologiques extr\u00eames.<\/p>\n\n\n\n<p class=\"wp-block-paragraph\">Le point important est l\u00e0 : le protocole ne dit pas seulement \u00ab il pleut, on arr\u00eate \u00bb. Il organise une d\u00e9cision, avec des crit\u00e8res, des discussions et plusieurs sc\u00e9narios possibles.<\/p>\n\n\n\n<h2 class=\"wp-block-heading\">Pourquoi l\u2019\u00e9tape de la Vuelta a pu \u00eatre arr\u00eat\u00e9e<\/h2>\n\n\n\n<p class=\"wp-block-paragraph\">L\u2019\u00e9pisode s\u2019est jou\u00e9 sur une m\u00e9t\u00e9o devenue trop dangereuse pour un peloton lanc\u00e9 vers une arriv\u00e9e en altitude. La gr\u00eale, la pluie intense et une chauss\u00e9e rendue difficilement praticable ont pouss\u00e9 les coureurs \u00e0 chercher rapidement un abri.<\/p>\n\n\n\n<p class=\"wp-block-paragraph\">D\u2019apr\u00e8s les \u00e9l\u00e9ments disponibles, la course ne s\u2019est pas arr\u00eat\u00e9e sur un simple inconfort. Le probl\u00e8me venait de la combinaison entre visibilit\u00e9, \u00e9tat de la route et exposition directe des coureurs. En <a href=\"https:\/\/mvz-sports.com\/fr\/cyclisme\" data-type=\"link\" data-id=\"https:\/\/mvz-sports.com\/fr\/cyclisme\">cyclisme<\/a>, ce trio peut vite rendre une descente, un virage ou m\u00eame une portion plate beaucoup trop risqu\u00e9s.<\/p>\n\n\n\n<p class=\"wp-block-paragraph\">Le corpus consult\u00e9 situe l\u2019arriv\u00e9e pr\u00e9vue \u00e0 Font-Romeu, apr\u00e8s un d\u00e9part de Gruissan. Plusieurs m\u00e9dias \u00e9voquent un arr\u00eat dans les derniers kilom\u00e8tres, autour de 15 \u00e0 20 kilom\u00e8tres de l\u2019arriv\u00e9e selon les versions. Cette pr\u00e9cision reste \u00e0 v\u00e9rifier avec une source officielle compl\u00e8te, mais elle confirme l\u2019id\u00e9e d\u2019une d\u00e9cision prise alors que l\u2019\u00e9tape \u00e9tait d\u00e9j\u00e0 bien avanc\u00e9e.<\/p>\n\n\n\n<p class=\"wp-block-paragraph\">Ce d\u00e9tail compte sportivement. Une \u00e9tape annul\u00e9e si pr\u00e8s du but ne produit pas les m\u00eames effets qu\u2019une \u00e9tape modifi\u00e9e d\u00e8s le d\u00e9part. Il peut y avoir un enjeu de classement, d\u2019efforts d\u00e9j\u00e0 fournis, de s\u00e9curit\u00e9 des favoris et de gestion des \u00e9quipes. Mais le protocole m\u00e9t\u00e9o place la s\u00e9curit\u00e9 au-dessus du sc\u00e9nario sportif.<\/p>\n\n\n\n<h2 class=\"wp-block-heading\">Ce que pr\u00e9voit vraiment le protocole m\u00e9t\u00e9o de l\u2019UCI<\/h2>\n\n\n\n<p class=\"wp-block-paragraph\">Le r\u00e8glement UCI consacr\u00e9 aux courses sur route pr\u00e9voit un dispositif sp\u00e9cifique pour les conditions m\u00e9t\u00e9orologiques. Le texte \u00e9voqu\u00e9 dans la source consacre sept pages \u00e0 ce sujet, preuve que ces situations ne sont pas trait\u00e9es comme de simples incidents de parcours.<\/p>\n\n\n\n<p class=\"wp-block-paragraph\">Le m\u00e9canisme repose sur six crit\u00e8res pouvant caract\u00e9riser une d\u00e9gradation significative des conditions m\u00e9t\u00e9o pendant une \u00e9preuve. La source disponible ne donne pas la liste compl\u00e8te de ces six crit\u00e8res. Elle cite en revanche deux familles directement utiles pour comprendre l\u2019annulation : la mauvaise visibilit\u00e9, ainsi que les chutes de neige ou routes verglac\u00e9es.<\/p>\n\n\n\n<p class=\"wp-block-paragraph\">Dans le cas de la Vuelta, il n\u2019\u00e9tait pas question de neige classique, mais de gr\u00eale et d\u2019une route devenue impraticable ou inond\u00e9e. L\u2019id\u00e9e reste la m\u00eame : quand l\u2019adh\u00e9rence, la visibilit\u00e9 et la capacit\u00e9 des coureurs \u00e0 contr\u00f4ler leur trajectoire chutent brutalement, la course sort du cadre normal.<\/p>\n\n\n\n<p class=\"wp-block-paragraph\">Le protocole ne m\u00e8ne pas automatiquement \u00e0 une annulation. Plusieurs d\u00e9cisions peuvent \u00eatre prises selon l\u2019\u00e9volution de la m\u00e9t\u00e9o et l\u2019\u00e9tat du parcours : poursuivre normalement, modifier certaines conditions, neutraliser temporairement ou arr\u00eater d\u00e9finitivement. L\u2019annulation est donc l\u2019option la plus forte, pas le premier r\u00e9flexe.<\/p>\n\n\n\n<p class=\"wp-block-paragraph\">Exemple concret : imaginons un directeur sportif dans une voiture de course, avec ses coureurs dispers\u00e9s dans un peloton frapp\u00e9 par la gr\u00eale. Si la visibilit\u00e9 tombe, que les freins r\u00e9pondent moins bien et que la route se gorge d\u2019eau, son enjeu n\u2019est plus de savoir qui peut attaquer. Son enjeu devient de savoir si chaque coureur peut encore rentrer sans chute \u00e9vitable. C\u2019est exactement le type de sc\u00e9nario que ce protocole est cens\u00e9 encadrer.<\/p>\n\n\n\n<h2 class=\"wp-block-heading\">Pourquoi cette annulation d\u00e9passe le simple fait divers m\u00e9t\u00e9o<\/h2>\n\n\n\n<p class=\"wp-block-paragraph\">Une annulation d\u2019\u00e9tape dans un grand tour reste rare dans sa perception publique, parce qu\u2019elle casse le r\u00e9cit sportif attendu : pas de vainqueur, pas de podium, pas de bataille finale. Mais le cyclisme moderne fonctionne avec une pression de s\u00e9curit\u00e9 plus forte qu\u2019avant.<\/p>\n\n\n\n<p class=\"wp-block-paragraph\">Le protocole UCI est n\u00e9 d\u2019un \u00e9quilibre entre plusieurs acteurs : coureurs, \u00e9quipes et organisateurs. Chacun a un int\u00e9r\u00eat diff\u00e9rent. Les coureurs veulent \u00e9viter de prendre des risques absurdes. Les \u00e9quipes prot\u00e8gent leurs leaders et leurs effectifs. Les organisateurs veulent pr\u00e9server la course, le spectacle et la cr\u00e9dibilit\u00e9 sportive.<\/p>\n\n\n\n<p class=\"wp-block-paragraph\">C\u2019est pour cela que la d\u00e9cision prise en moins de vingt minutes, selon la source, est int\u00e9ressante. Elle montre qu\u2019un cadre peut acc\u00e9l\u00e9rer l\u2019arbitrage au lieu de laisser tout le monde d\u00e9battre pendant que la situation empire sur la route.<\/p>\n\n\n\n<p class=\"wp-block-paragraph\">Pour le public, la cl\u00e9 de lecture est simple : l\u2019UCI ne juge pas seulement la pluie ou la gr\u00eale en elles-m\u00eames. Elle regarde leurs effets concrets sur la course. Est-ce que les coureurs voient suffisamment ? Est-ce que la route reste praticable ? Est-ce que l\u2019assistance peut suivre ? Est-ce que le risque sportif bascule vers un risque physique disproportionn\u00e9 ?<\/p>\n\n\n\n<p class=\"wp-block-paragraph\">Cette nuance change la lecture de l\u2019\u00e9pisode. La Vuelta n\u2019a pas seulement perdu une arriv\u00e9e en altitude. Elle a montr\u00e9 comment une course peut \u00eatre stopp\u00e9e quand les crit\u00e8res de s\u00e9curit\u00e9 prennent le dessus sur le sc\u00e9nario sportif.<\/p>\n","protected":false},"excerpt":{"rendered":"<p>L\u2019annulation de la 3e \u00e9tape de la Vuelta en France n\u2019est pas seulement une image de coureurs sous la gr\u00eale : elle montre comment le protocole m\u00e9t\u00e9o de l\u2019UCI peut faire basculer une course enti\u00e8re. Sur le papier, une \u00e9tape du Tour d\u2019Espagne qui passe par les Pyr\u00e9n\u00e9es fran\u00e7aises garde toujours une part d\u2019incertitude. Mais [&hellip;]<\/p>\n","protected":false},"author":6,"featured_media":54544,"comment_status":"open","ping_status":"open","sticky":false,"template":"","format":"standard","meta":{"_acf_changed":false,"_seopress_robots_primary_cat":"none","_seopress_titles_title":"","_seopress_titles_desc":"","_seopress_robots_index":"","footnotes":""},"categories":[38],"tags":[],"class_list":["post-54538","post","type-post","status-publish","format-standard","has-post-thumbnail","hentry","category-cyclisme"],"acf":[],"_links":{"self":[{"href":"https:\/\/mvz-sports.com\/fr\/wp-json\/wp\/v2\/posts\/54538","targetHints":{"allow":["GET"]}}],"collection":[{"href":"https:\/\/mvz-sports.com\/fr\/wp-json\/wp\/v2\/posts"}],"about":[{"href":"https:\/\/mvz-sports.com\/fr\/wp-json\/wp\/v2\/types\/post"}],"author":[{"embeddable":true,"href":"https:\/\/mvz-sports.com\/fr\/wp-json\/wp\/v2\/users\/6"}],"replies":[{"embeddable":true,"href":"https:\/\/mvz-sports.com\/fr\/wp-json\/wp\/v2\/comments?post=54538"}],"version-history":[{"count":1,"href":"https:\/\/mvz-sports.com\/fr\/wp-json\/wp\/v2\/posts\/54538\/revisions"}],"predecessor-version":[{"id":54545,"href":"https:\/\/mvz-sports.com\/fr\/wp-json\/wp\/v2\/posts\/54538\/revisions\/54545"}],"wp:featuredmedia":[{"embeddable":true,"href":"https:\/\/mvz-sports.com\/fr\/wp-json\/wp\/v2\/media\/54544"}],"wp:attachment":[{"href":"https:\/\/mvz-sports.com\/fr\/wp-json\/wp\/v2\/media?parent=54538"}],"wp:term":[{"taxonomy":"category","embeddable":true,"href":"https:\/\/mvz-sports.com\/fr\/wp-json\/wp\/v2\/categories?post=54538"},{"taxonomy":"post_tag","embeddable":true,"href":"https:\/\/mvz-sports.com\/fr\/wp-json\/wp\/v2\/tags?post=54538"}],"curies":[{"name":"wp","href":"https:\/\/api.w.org\/{rel}","templated":true}]}}