{"id":54554,"date":"2026-08-25T11:24:00","date_gmt":"2026-08-25T09:24:00","guid":{"rendered":"https:\/\/mvz-sports.com\/fr\/?p=54554"},"modified":"2026-08-24T22:31:34","modified_gmt":"2026-08-24T20:31:34","slug":"ca-montre-un-ras-le-bol-derriere-la-retraite-dalaphilippe-jalabert-voit-le-poids-dun-metier-devenu-trop-exigeant-pour-certains-cyclistes","status":"publish","type":"post","link":"https:\/\/mvz-sports.com\/fr\/cyclisme\/news\/ca-montre-un-ras-le-bol-derriere-la-retraite-dalaphilippe-jalabert-voit-le-poids-dun-metier-devenu-trop-exigeant-pour-certains-cyclistes","title":{"rendered":"\u00ab \u00c7a montre un ras-le-bol \u00bb : derri\u00e8re la retraite d&rsquo;Alaphilippe, Jalabert voit le poids d&rsquo;un m\u00e9tier devenu trop exigeant pour certains cyclistes"},"content":{"rendered":"\n<p class=\"wp-block-paragraph\"><strong>La retraite de Julian Alaphilippe ne raconte pas seulement la fin d\u2019une grande carri\u00e8re fran\u00e7aise : pour Laurent Jalabert, elle dit aussi quelque chose de l\u2019usure que peut provoquer le cyclisme professionnel quand les efforts ne suffisent plus.<\/strong><\/p>\n\n\n\n<p class=\"wp-block-paragraph\">Julian Alaphilippe a pris beaucoup de monde \u00e0 contre-pied. \u00c0 34 ans, apr\u00e8s un Tour de France 2026 difficile, le double champion du monde a choisi de refermer sa carri\u00e8re de coureur professionnel, alors qu\u2019il lui restait encore une ann\u00e9e de contrat chez Tudor.<\/p>\n\n\n\n<figure class=\"wp-block-embed is-type-rich is-provider-x wp-block-embed-x\"><div class=\"wp-block-embed__wrapper\">\n<blockquote class=\"twitter-tweet\" data-width=\"550\" data-dnt=\"true\"><p lang=\"fr\" dir=\"ltr\">Avant la Vuelta 2026, Pavel Sivakov rend hommage \u00e0 Julian Alaphilippe et glisse, prudent, sur les rumeurs de retraite \u00e0 34 ans : \u00ab un coureur qui nous a tous fait r\u00eaver \u00bb. Ce que \u00e7a change pour le cyclisme fran\u00e7ais \u27a1\ufe0f <a href=\"https:\/\/t.co\/4FX4HEN4O8\">https:\/\/t.co\/4FX4HEN4O8<\/a> <a href=\"https:\/\/t.co\/sFZoCOhwdQ\">pic.twitter.com\/sFZoCOhwdQ<\/a><\/p>&mdash; Mvz Sports (@mvz_sports) <a href=\"https:\/\/x.com\/mvz_sports\/status\/2091176159887147234?ref_src=twsrc%5Etfw\">August 22, 2026<\/a><\/blockquote><script async src=\"https:\/\/platform.x.com\/widgets.js\" charset=\"utf-8\"><\/script>\n<\/div><\/figure>\n\n\n\n<p class=\"wp-block-paragraph\">Laurent Jalabert, lui, n\u2019a pas r\u00e9duit cette d\u00e9cision \u00e0 une simple baisse de niveau. Sur RTL, l\u2019ancien coureur et consultant a surtout lu dans cette annonce le signe d\u2019une fatigue plus profonde. Ses mots sont forts : \u00ab \u00e7a montre un ras-le-bol \u00bb.<\/p>\n\n\n\n<h2 class=\"wp-block-heading\">Jalabert voit une d\u00e9cision plus lourde qu\u2019un simple arr\u00eat sportif<\/h2>\n\n\n\n<p class=\"wp-block-paragraph\">La surprise vient d\u2019abord du timing. Jalabert pensait avoir compris, pendant le Tour, qu\u2019Alaphilippe ne reviendrait plus forc\u00e9ment sur la Grande Boucle. Mais l\u2019arr\u00eat complet de sa carri\u00e8re, annonc\u00e9 de fa\u00e7on soudaine, a chang\u00e9 la lecture.<\/p>\n\n\n\n<p class=\"wp-block-paragraph\">Pour lui, cette retraite dit autre chose qu\u2019un coureur en fin de cycle. Elle raconte un champion qui n\u2019a plus envie de continuer dans un m\u00e9tier o\u00f9 le niveau d\u2019exigence reste immense, m\u00eame quand les r\u00e9sultats ne suivent plus.<\/p>\n\n\n\n<p class=\"wp-block-paragraph\">Jalabert a aussi rappel\u00e9 un contraste qui r\u00e9sume bien la situation. Alaphilippe \u00ab mettait beaucoup de c\u0153ur \u00bb dans ses actions, mais il n\u2019avait, selon lui, \u00ab plus vraiment les moyens physiques \u00bb de rivaliser avec les meilleurs du peloton.<\/p>\n\n\n\n<figure class=\"wp-block-embed is-type-rich is-provider-x wp-block-embed-x\"><div class=\"wp-block-embed__wrapper\">\n<blockquote class=\"twitter-tweet\" data-width=\"550\" data-dnt=\"true\"><p lang=\"fr\" dir=\"ltr\">\u00ab \u00c7a montre un ras-le-bol. Il n\u2019a plus envie d\u2019exercer ce m\u00e9tier tellement exigeant. \u00bb confie Laurent Jalabert au sujet de la retraite surprenante de Julian Alaphilippe. Laurent Jalabert au micro de C\u00e9dric Chasseur dans On Refait Le Sport sur RTL. <a href=\"https:\/\/t.co\/bY4HudM7yj\">pic.twitter.com\/bY4HudM7yj<\/a><\/p>&mdash; RTL France (@RTLFrance) <a href=\"https:\/\/x.com\/RTLFrance\/status\/2091608914962129076?ref_src=twsrc%5Etfw\">August 23, 2026<\/a><\/blockquote><script async src=\"https:\/\/platform.x.com\/widgets.js\" charset=\"utf-8\"><\/script>\n<\/div><\/figure>\n\n\n\n<p class=\"wp-block-paragraph\">C\u2019est ce d\u00e9calage qui rend l\u2019annonce marquante. Le public continuait de pousser derri\u00e8re lui, notamment sur les routes du Tour. Mais l\u2019\u00e9nergie populaire ne remplace pas les jambes, ni l\u2019envie de repartir pour une saison compl\u00e8te.<\/p>\n\n\n\n<h2 class=\"wp-block-heading\">Le poids invisible d\u2019un m\u00e9tier o\u00f9 les efforts ne paient plus toujours<\/h2>\n\n\n\n<p class=\"wp-block-paragraph\">Le mot \u00ab ras-le-bol \u00bb est important parce qu\u2019il d\u00e9place le d\u00e9bat. Il ne parle pas seulement de performance. Il renvoie \u00e0 l\u2019accumulation : les stages, la pression, les sacrifices, la r\u00e9cup\u00e9ration, les attentes, les jours sans, puis la comparaison permanente avec des coureurs plus forts ou plus frais.<\/p>\n\n\n\n<p class=\"wp-block-paragraph\">Dans le cas d\u2019Alaphilippe, le contraste est encore plus dur. Il ne s\u2019agit pas d\u2019un coureur anonyme qui dispara\u00eet du peloton. Il s\u2019agit d\u2019un double champion du monde, d\u2019un coureur qui a fait vibrer le public fran\u00e7ais et qui a longtemps construit sa r\u00e9putation sur l\u2019attaque, le panache et l\u2019instinct.<\/p>\n\n\n\n<p class=\"wp-block-paragraph\">Le sc\u00e9nario concret est facile \u00e0 imaginer pour un coureur de ce niveau : continuer \u00e0 s\u2019entra\u00eener comme un leader, faire les m\u00eames sacrifices qu\u2019avant, tenter de peser dans les moments cl\u00e9s, puis constater que l\u2019\u00e9cart avec les meilleurs ne se referme plus. \u00c0 ce moment-l\u00e0, la question n\u2019est plus seulement \u00ab puis-je continuer ? \u00bb, mais \u00ab pourquoi continuer comme \u00e7a ? \u00bb.<\/p>\n\n\n\n<p class=\"wp-block-paragraph\">Jalabert r\u00e9sume cette bascule en \u00e9voquant un m\u00e9tier \u00ab tellement exigeant \u00bb, o\u00f9 les r\u00e9sultats ne sont pas toujours \u00e0 la hauteur de tous les efforts fournis. C\u2019est une phrase qui d\u00e9passe le seul cas Alaphilippe. Elle touche \u00e0 une r\u00e9alit\u00e9 du cyclisme moderne : l\u2019intensit\u00e9 ne baisse presque jamais, m\u00eame pour ceux qui ont d\u00e9j\u00e0 tout prouv\u00e9.<\/p>\n\n\n\n<h2 class=\"wp-block-heading\">Une sortie qui laisse des regrets, mais qui garde une logique sportive<\/h2>\n\n\n\n<p class=\"wp-block-paragraph\">Jalabert ne cache pas le regret. Il dit comprendre ce choix, tout en reconnaissant qu\u2019on aurait aim\u00e9 voir Alaphilippe continuer. C\u2019est souvent le paradoxe des grandes fins de carri\u00e8re : le public regarde ce qu\u2019il reste du champion, tandis que le coureur, lui, sait ce que chaque retour au plus haut niveau co\u00fbte r\u00e9ellement.<\/p>\n\n\n\n<p class=\"wp-block-paragraph\">La d\u00e9cision est d\u2019autant plus forte qu\u2019Alaphilippe avait encore un contrat. Elle ne ressemble donc pas \u00e0 une sortie impos\u00e9e uniquement par un calendrier administratif ou par une absence d\u2019\u00e9quipe. Elle ressemble plut\u00f4t \u00e0 une limite personnelle atteinte, apr\u00e8s r\u00e9flexion, au terme d\u2019un Tour qui a probablement pes\u00e9 dans son choix.<\/p>\n\n\n\n<p class=\"wp-block-paragraph\">Son passage sur les Champs-\u00c9lys\u00e9es, avec Montmartre lors de la derni\u00e8re \u00e9tape du Tour de France, prend alors une autre dimension. Ce n\u2019est pas seulement une image de fin d\u2019\u00e9preuve. C\u2019est devenu, dans son r\u00e9cit, la fermeture d\u2019un chapitre entier.<\/p>\n\n\n\n<p class=\"wp-block-paragraph\">La lecture de Jalabert rend cette retraite moins brutale \u00e0 comprendre. Alaphilippe ne quitte pas seulement le peloton parce qu\u2019il ne gagne plus comme avant. Il s\u2019arr\u00eate aussi parce que le m\u00e9tier demande encore tout, m\u00eame quand le corps et l\u2019envie ne r\u00e9pondent plus de la m\u00eame mani\u00e8re.<\/p>\n","protected":false},"excerpt":{"rendered":"<p>La retraite de Julian Alaphilippe ne raconte pas seulement la fin d\u2019une grande carri\u00e8re fran\u00e7aise : pour Laurent Jalabert, elle dit aussi quelque chose de l\u2019usure que peut provoquer le cyclisme professionnel quand les efforts ne suffisent plus. Julian Alaphilippe a pris beaucoup de monde \u00e0 contre-pied. \u00c0 34 ans, apr\u00e8s un Tour de France [&hellip;]<\/p>\n","protected":false},"author":6,"featured_media":54557,"comment_status":"open","ping_status":"open","sticky":false,"template":"","format":"standard","meta":{"_acf_changed":false,"_seopress_robots_primary_cat":"none","_seopress_titles_title":"","_seopress_titles_desc":"","_seopress_robots_index":"","footnotes":""},"categories":[38],"tags":[],"class_list":["post-54554","post","type-post","status-publish","format-standard","has-post-thumbnail","hentry","category-cyclisme"],"acf":[],"_links":{"self":[{"href":"https:\/\/mvz-sports.com\/fr\/wp-json\/wp\/v2\/posts\/54554","targetHints":{"allow":["GET"]}}],"collection":[{"href":"https:\/\/mvz-sports.com\/fr\/wp-json\/wp\/v2\/posts"}],"about":[{"href":"https:\/\/mvz-sports.com\/fr\/wp-json\/wp\/v2\/types\/post"}],"author":[{"embeddable":true,"href":"https:\/\/mvz-sports.com\/fr\/wp-json\/wp\/v2\/users\/6"}],"replies":[{"embeddable":true,"href":"https:\/\/mvz-sports.com\/fr\/wp-json\/wp\/v2\/comments?post=54554"}],"version-history":[{"count":1,"href":"https:\/\/mvz-sports.com\/fr\/wp-json\/wp\/v2\/posts\/54554\/revisions"}],"predecessor-version":[{"id":54558,"href":"https:\/\/mvz-sports.com\/fr\/wp-json\/wp\/v2\/posts\/54554\/revisions\/54558"}],"wp:featuredmedia":[{"embeddable":true,"href":"https:\/\/mvz-sports.com\/fr\/wp-json\/wp\/v2\/media\/54557"}],"wp:attachment":[{"href":"https:\/\/mvz-sports.com\/fr\/wp-json\/wp\/v2\/media?parent=54554"}],"wp:term":[{"taxonomy":"category","embeddable":true,"href":"https:\/\/mvz-sports.com\/fr\/wp-json\/wp\/v2\/categories?post=54554"},{"taxonomy":"post_tag","embeddable":true,"href":"https:\/\/mvz-sports.com\/fr\/wp-json\/wp\/v2\/tags?post=54554"}],"curies":[{"name":"wp","href":"https:\/\/api.w.org\/{rel}","templated":true}]}}