{"id":54570,"date":"2026-08-25T16:15:00","date_gmt":"2026-08-25T14:15:00","guid":{"rendered":"https:\/\/mvz-sports.com\/fr\/?p=54570"},"modified":"2026-08-25T08:27:31","modified_gmt":"2026-08-25T06:27:31","slug":"julian-cetait-un-diamant-cet-ex-coureur-cycliste-raconte-le-gamin-sans-moyens-devenu-alaphilippe-lors-de-ses-debuts-en-cyclo-cross","status":"publish","type":"post","link":"https:\/\/mvz-sports.com\/fr\/cyclisme\/news\/julian-cetait-un-diamant-cet-ex-coureur-cycliste-raconte-le-gamin-sans-moyens-devenu-alaphilippe-lors-de-ses-debuts-en-cyclo-cross","title":{"rendered":"\u00ab Julian c\u2019\u00e9tait un diamant \u00bb : cet ex-coureur cycliste raconte le gamin sans moyens devenu Alaphilippe lors de ses d\u00e9buts en cyclo-cross"},"content":{"rendered":"\n<p class=\"wp-block-paragraph\"><strong>Avant les maillots arc-en-ciel, les classiques et les grandes sc\u00e8nes du cyclisme mondial, Julian Alaphilippe a aussi \u00e9t\u00e9 ce gamin de cyclo-cross que Steve Chainel d\u00e9crit comme sans moyens, mais d\u00e9j\u00e0 impossible \u00e0 ignorer.<\/strong><\/p>\n\n\n\n<p class=\"wp-block-paragraph\">Le r\u00e9cit frappe parce qu\u2019il remet le champion \u00e0 hauteur d\u2019homme. Pas le Julian Alaphilippe star, double champion du monde sur route, habitu\u00e9 aux cam\u00e9ras et aux attentes immenses. Mais un jeune coureur encore brut, aper\u00e7u dans la boue du cyclo-cross, avec plus d\u2019envie que de mat\u00e9riel.<\/p>\n\n\n\n<p class=\"wp-block-paragraph\">Steve Chainel, ancien sp\u00e9cialiste de la discipline, raconte avoir crois\u00e9 ce profil tr\u00e8s t\u00f4t. Dans son souvenir, le futur Alaphilippe n\u2019avait pas encore l\u2019allure d\u2019un coureur install\u00e9. Il avait surtout ce m\u00e9lange rare : peu de moyens, beaucoup d\u2019instinct, et quelque chose qui sautait d\u00e9j\u00e0 aux yeux.<\/p>\n\n\n\n<h2 class=\"wp-block-heading\">Un gamin mal \u00e9quip\u00e9, mais d\u00e9j\u00e0 remarqu\u00e9 dans le peloton<\/h2>\n\n\n\n<p class=\"wp-block-paragraph\">Le point de d\u00e9part du r\u00e9cit se situe en 2009, lors d\u2019une \u00e9preuve de Coupe du monde juniors de cyclo-cross. Julian Alaphilippe y d\u00e9barque avec un \u00e9quipement limit\u00e9. Steve Chainel d\u00e9crit un jeune coureur qui n\u2019avait \u00ab pas beaucoup de matos \u00bb, pas vraiment bien \u00e9quip\u00e9, avec m\u00eame des couvre-chaussures trou\u00e9s.<\/p>\n\n\n\n<p class=\"wp-block-paragraph\">Ce d\u00e9tail dit beaucoup. Dans le cyclo-cross, le mat\u00e9riel compte vite : le v\u00e9lo, les roues, les v\u00eatements, les chaussures, tout peut peser dans le confort et la performance. Voir un junior s\u2019imposer ou se faire remarquer avec si peu, c\u2019est souvent le signe que quelque chose d\u00e9passe la simple pr\u00e9paration.<\/p>\n\n\n\n<p class=\"wp-block-paragraph\">Chainel explique aussi qu\u2019Alaphilippe travaillait comme apprenti dans un magasin de cycles. Quand les prix des v\u00e9los \u00e9taient \u00e9voqu\u00e9s, le jeune coureur aurait l\u00e2ch\u00e9 qu\u2019il ne pouvait pas se payer ce genre de mat\u00e9riel. Le contraste est fort : il vivait au milieu des v\u00e9los, mais sans avoir acc\u00e8s facilement \u00e0 ceux qui pouvaient changer une course.<\/p>\n\n\n\n<p class=\"wp-block-paragraph\">Cas concret : imaginez un jeune cycliste qui arrive sur une manche importante avec des v\u00eatements fatigu\u00e9s, face \u00e0 des adversaires mieux \u00e9quip\u00e9s, mieux entour\u00e9s, parfois d\u00e9j\u00e0 mieux structur\u00e9s. S\u2019il tient le rythme, attaque, gagne ou marque les esprits, les anciens ne regardent plus seulement son v\u00e9lo. Ils regardent ses jambes, son temp\u00e9rament, sa fa\u00e7on de courir.<\/p>\n\n\n\n<h2 class=\"wp-block-heading\">Steve Chainel et John Gadret l\u2019aident, puis voient le potentiel<\/h2>\n\n\n\n<p class=\"wp-block-paragraph\">Steve Chainel raconte qu\u2019avec John Gadret, ils ont rapidement eu envie de donner un coup de main \u00e0 Julian Alaphilippe. L\u2019id\u00e9e \u00e9tait simple : lui ramener des v\u00eatements, l\u2019aider \u00e0 combler un peu ce d\u00e9calage mat\u00e9riel. Pas une op\u00e9ration de communication. Plut\u00f4t un r\u00e9flexe de coureurs qui reconnaissent un jeune qui gal\u00e8re.<\/p>\n\n\n\n<p class=\"wp-block-paragraph\">Ce passage donne une autre couleur \u00e0 l\u2019histoire. Alaphilippe n\u2019est pas seulement pr\u00e9sent\u00e9 comme un talent pr\u00e9coce. Il appara\u00eet aussi comme quelqu\u2019un qui a marqu\u00e9 ceux qui l\u2019ont vu arriver. Chainel parle d\u2019un coureur attachant, devenu ensuite son \u00ab pote \u00bb, presque son \u00ab petit fr\u00e8re \u00bb.<\/p>\n\n\n\n<p class=\"wp-block-paragraph\">La phrase la plus forte arrive l\u00e0 : \u00ab Julian c\u2019\u00e9tait un diamant \u00bb. Elle fonctionne parce qu\u2019elle ne parle pas seulement de performance. Un diamant, dans ce contexte, c\u2019est une mati\u00e8re brute. Quelque chose qu\u2019on rep\u00e8re avant qu\u2019elle soit polie, avant les titres, avant la notori\u00e9t\u00e9, avant le statut.<\/p>\n\n\n\n<p class=\"wp-block-paragraph\">Le corpus disponible autour de ce r\u00e9cit va dans le m\u00eame sens : Alaphilippe y est d\u00e9crit comme un jeune homme d\u00e9couvert en cyclo-cross en 2009, d\u00e9j\u00e0 jovial, talentueux, mais sans grands moyens. Cette image colle bien \u00e0 ce que sa carri\u00e8re a ensuite montr\u00e9 : un coureur d\u2019instinct, expressif, capable de courir avec panache, parfois m\u00eame quand le sc\u00e9nario ne semblait pas \u00e9crit pour lui.<\/p>\n\n\n\n<h2 class=\"wp-block-heading\">Ce souvenir raconte aussi une ascension sociale par le v\u00e9lo<\/h2>\n\n\n\n<p class=\"wp-block-paragraph\">Le passage le plus dur du t\u00e9moignage concerne la dimension sociale. Steve Chainel estime que le v\u00e9lo a \u00e9t\u00e9 pour Julian Alaphilippe une forme d\u2019\u00e9chappatoire, une mani\u00e8re d\u2019\u00e9viter une trajectoire beaucoup plus compliqu\u00e9e. La formule est forte et doit rester prise pour ce qu\u2019elle est : le regard personnel d\u2019un ancien coureur proche de lui.<\/p>\n\n\n\n<p class=\"wp-block-paragraph\">Mais elle \u00e9claire une partie du personnage. Alaphilippe a souvent \u00e9t\u00e9 associ\u00e9 \u00e0 l\u2019instinct, \u00e0 l\u2019\u00e9motion, \u00e0 cette mani\u00e8re de courir sans donner l\u2019impression de calculer chaque geste. Ce r\u00e9cit de jeunesse donne une explication possible \u00e0 cette intensit\u00e9 : quand le v\u00e9lo devient une sortie, pas seulement un sport, on ne court pas tout \u00e0 fait de la m\u00eame fa\u00e7on.<\/p>\n\n\n\n<p class=\"wp-block-paragraph\">Ce n\u2019est pas l\u2019histoire d\u2019un champion programm\u00e9 d\u00e8s l\u2019enfance avec tous les moyens autour de lui. C\u2019est plut\u00f4t celle d\u2019un coureur qui a d\u00fb convaincre avant d\u2019\u00eatre \u00e9quip\u00e9, exister avant d\u2019\u00eatre prot\u00e9g\u00e9, gagner sa place avant d\u2019\u00eatre reconnu. Et c\u2019est s\u00fbrement pour cela que le souvenir de Chainel r\u00e9sonne autant.<\/p>\n\n\n\n<p class=\"wp-block-paragraph\">\u00c0 travers ce portrait, on comprend mieux pourquoi Julian Alaphilippe a touch\u00e9 autant de suiveurs du cyclisme. Ses grandes victoires ont construit son palmar\u00e8s. Mais ce genre de r\u00e9cit construit autre chose : l\u2019image d\u2019un coureur parti de loin, rep\u00e9r\u00e9 dans la boue du cyclo-cross, et devenu l\u2019un des visages les plus marquants du cyclisme fran\u00e7ais moderne.<\/p>\n","protected":false},"excerpt":{"rendered":"<p>Avant les maillots arc-en-ciel, les classiques et les grandes sc\u00e8nes du cyclisme mondial, Julian Alaphilippe a aussi \u00e9t\u00e9 ce gamin de cyclo-cross que Steve Chainel d\u00e9crit comme sans moyens, mais d\u00e9j\u00e0 impossible \u00e0 ignorer. Le r\u00e9cit frappe parce qu\u2019il remet le champion \u00e0 hauteur d\u2019homme. Pas le Julian Alaphilippe star, double champion du monde sur [&hellip;]<\/p>\n","protected":false},"author":6,"featured_media":54573,"comment_status":"open","ping_status":"open","sticky":false,"template":"","format":"standard","meta":{"_acf_changed":false,"_seopress_robots_primary_cat":"none","_seopress_titles_title":"","_seopress_titles_desc":"","_seopress_robots_index":"","footnotes":""},"categories":[38],"tags":[],"class_list":["post-54570","post","type-post","status-publish","format-standard","has-post-thumbnail","hentry","category-cyclisme"],"acf":[],"_links":{"self":[{"href":"https:\/\/mvz-sports.com\/fr\/wp-json\/wp\/v2\/posts\/54570","targetHints":{"allow":["GET"]}}],"collection":[{"href":"https:\/\/mvz-sports.com\/fr\/wp-json\/wp\/v2\/posts"}],"about":[{"href":"https:\/\/mvz-sports.com\/fr\/wp-json\/wp\/v2\/types\/post"}],"author":[{"embeddable":true,"href":"https:\/\/mvz-sports.com\/fr\/wp-json\/wp\/v2\/users\/6"}],"replies":[{"embeddable":true,"href":"https:\/\/mvz-sports.com\/fr\/wp-json\/wp\/v2\/comments?post=54570"}],"version-history":[{"count":1,"href":"https:\/\/mvz-sports.com\/fr\/wp-json\/wp\/v2\/posts\/54570\/revisions"}],"predecessor-version":[{"id":54574,"href":"https:\/\/mvz-sports.com\/fr\/wp-json\/wp\/v2\/posts\/54570\/revisions\/54574"}],"wp:featuredmedia":[{"embeddable":true,"href":"https:\/\/mvz-sports.com\/fr\/wp-json\/wp\/v2\/media\/54573"}],"wp:attachment":[{"href":"https:\/\/mvz-sports.com\/fr\/wp-json\/wp\/v2\/media?parent=54570"}],"wp:term":[{"taxonomy":"category","embeddable":true,"href":"https:\/\/mvz-sports.com\/fr\/wp-json\/wp\/v2\/categories?post=54570"},{"taxonomy":"post_tag","embeddable":true,"href":"https:\/\/mvz-sports.com\/fr\/wp-json\/wp\/v2\/tags?post=54570"}],"curies":[{"name":"wp","href":"https:\/\/api.w.org\/{rel}","templated":true}]}}