{"id":54593,"date":"2026-08-26T15:20:00","date_gmt":"2026-08-26T13:20:00","guid":{"rendered":"https:\/\/mvz-sports.com\/fr\/?p=54593"},"modified":"2026-08-26T15:17:37","modified_gmt":"2026-08-26T13:17:37","slug":"100-000-spectateurs-pour-9-000-habitants-le-maire-de-chamonix-ne-veut-pas-tuer-lutmb-mais-le-redimensionner-avant-quil-necrase-la-vallee","status":"publish","type":"post","link":"https:\/\/mvz-sports.com\/fr\/trail\/news\/100-000-spectateurs-pour-9-000-habitants-le-maire-de-chamonix-ne-veut-pas-tuer-lutmb-mais-le-redimensionner-avant-quil-necrase-la-vallee","title":{"rendered":"100 000 spectateurs pour 9 000 habitants : Le maire de Chamonix ne veut pas tuer l\u2019UTMB, mais le redimensionner avant qu\u2019il n\u2019\u00e9crase la vall\u00e9e"},"content":{"rendered":"\n<p class=\"wp-block-paragraph\"><strong>Avec 100 000 spectateurs attendus pour une ville d\u2019environ 9 000 habitants, l\u2019UTMB pose \u00e0 Chamonix une question simple et explosive : jusqu\u2019o\u00f9 un \u00e9v\u00e9nement mondial peut-il grandir sans saturer sa vall\u00e9e ?<\/strong><\/p>\n\n\n\n<p class=\"wp-block-paragraph\">L\u2019Ultra-Trail du Mont-Blanc reste l\u2019un des rendez-vous les plus puissants du trail mondial. La 23e \u00e9dition a d\u00e9marr\u00e9 lundi 24 ao\u00fbt \u00e0 Chamonix, avec 10 000 coureurs attendus et une foule estim\u00e9e \u00e0 100 000 spectateurs sur la semaine.<\/p>\n\n\n\n<p class=\"wp-block-paragraph\">Le contraste donne la mesure du d\u00e9bat. Chamonix vit du tourisme, profite de l\u2019exposition sportive et commerciale de l\u2019UTMB, mais une partie des habitants estime que l\u2019\u00e9v\u00e9nement d\u00e9passe d\u00e9sormais les capacit\u00e9s d\u2019accueil de la ville.<\/p>\n\n\n\n<p class=\"wp-block-paragraph\">Le maire Fran\u00e7ois-Xavier Laffin ne porte pas un discours de rupture. Son message vise plut\u00f4t la taille de l\u2019\u00e9v\u00e9nement, son encadrement et la place laiss\u00e9e aux habitants dans une vall\u00e9e d\u00e9j\u00e0 sous pression.<\/p>\n\n\n\n<h2 class=\"wp-block-heading\">Un \u00e9v\u00e9nement mondial dans une ville de 9 000 habitants<\/h2>\n\n\n\n<p class=\"wp-block-paragraph\">Le chiffre le plus parlant n\u2019est pas seulement celui des coureurs. Il tient dans le rapport entre Chamonix et la foule drain\u00e9e par l\u2019UTMB : environ 9 000 habitants face \u00e0 100 000 spectateurs attendus sur la semaine.<\/p>\n\n\n\n<p class=\"wp-block-paragraph\">Cette disproportion explique pourquoi le sujet d\u00e9passe le sport. L\u2019UTMB n\u2019est plus uniquement une course mythique autour du Mont-Blanc. C\u2019est une semaine enti\u00e8re de flux, de marques, d\u2019animations, de m\u00e9dias, de logements remplis et de rues satur\u00e9es.<\/p>\n\n\n\n<p class=\"wp-block-paragraph\">France 3 R\u00e9gions et l\u2019AFP rapportent que certains habitants parlent de \u00ab trop de monde \u00bb, \u00ab trop de marques \u00bb et \u00ab trop de nuisances \u00bb. Garance, habitante de Chamonix, r\u00e9sume cette lassitude avec une formule brutale : \u00ab Chamonix, c\u2019est devenu Disneyland \u00bb.<\/p>\n\n\n\n<p class=\"wp-block-paragraph\">Son t\u00e9moignage ne rejette pas le tourisme en bloc. Elle explique que la ville en vit, mais d\u00e9nonce un surtourisme o\u00f9 certains visiteurs \u00ab ne respectent rien \u00bb. C\u2019est ce point qui rend la tension plus profonde qu\u2019un simple agacement contre une course populaire.<\/p>\n\n\n\n<h2 class=\"wp-block-heading\">Le maire veut encadrer l\u2019UTMB, pas l\u2019effacer<\/h2>\n\n\n\n<p class=\"wp-block-paragraph\">Fran\u00e7ois-Xavier Laffin, maire divers centre de Chamonix \u00e9lu au printemps, plaide pour un redimensionnement de l\u2019\u00e9v\u00e9nement. Sa ligne est claire : l\u2019UTMB doit rester un moment fort, mais il doit s\u2019adapter \u00e0 la taille r\u00e9elle de la vall\u00e9e.<\/p>\n\n\n\n<p class=\"wp-block-paragraph\">\u00ab Il va falloir qu\u2019on d\u00e9finisse un cadre un peu plus contraint, car notre vall\u00e9e est contrainte. On ne peut pas accueillir autant de personnes que l\u2019on veut \u00bb, affirme le maire dans le reportage de France 3 R\u00e9gions et de l\u2019AFP.<\/p>\n\n\n\n<p class=\"wp-block-paragraph\">Le mot important est \u00ab cadre \u00bb. Il ne s\u2019agit pas de tuer l\u2019UTMB, ni d\u2019effacer son impact \u00e9conomique. Paul Lenoir, responsable d\u2019un magasin de sport \u00e0 Chamonix, rappelle d\u2019ailleurs que la semaine reste \u00ab importante en termes de business \u00bb pour les commerces locaux.<\/p>\n\n\n\n<p class=\"wp-block-paragraph\">La difficult\u00e9 est l\u00e0 : Chamonix b\u00e9n\u00e9ficie de l\u2019UTMB, mais en subit aussi la concentration. Le maire veut faire de la ma\u00eetrise de la taille un \u00e9l\u00e9ment de qualit\u00e9, avec une exp\u00e9rience pens\u00e9e pour les concurrents, les spectateurs et les habitants.<\/p>\n\n\n\n<h2 class=\"wp-block-heading\">De 300 inscrits \u00e0 une machine mondiale du trail<\/h2>\n\n\n\n<p class=\"wp-block-paragraph\">La trajectoire de l\u2019UTMB aide \u00e0 comprendre le basculement. En 2003, la premi\u00e8re \u00e9dition reposait sur une unique course avec seulement 300 inscrits. Plus de vingt ans plus tard, le groupe UTMB p\u00e8se 30 millions d\u2019euros de chiffre d\u2019affaires et revendique une soixantaine de courses dans une trentaine de pays.<\/p>\n\n\n\n<p class=\"wp-block-paragraph\">La page officielle HOKA UTMB Mont-Blanc pr\u00e9sente huit courses pendant la semaine. Le corpus \u00e9v\u00e9nementiel autour de l\u2019\u00e9dition 2026 mentionne aussi une programmation du 24 au 30 ao\u00fbt, avec la course reine autour du massif comme point d\u2019orgue sportif.<\/p>\n\n\n\n<p class=\"wp-block-paragraph\">Cette croissance a transform\u00e9 Chamonix en vitrine mondiale du trail, mais aussi en terrain commercial tr\u00e8s dense. La source principale \u00e9voque des \u00e9v\u00e9nements priv\u00e9s, des DJ-sets en montagne ou des courses \u00ab corporate \u00bb non officielles, signes d\u2019un \u00e9cosyst\u00e8me qui d\u00e9borde le strict cadre sportif.<\/p>\n\n\n\n<p class=\"wp-block-paragraph\">Les critiques environnementales s\u2019ajoutent \u00e0 ce tableau. Les opposants pointent l\u2019empreinte \u00e9cologique des huit courses de la semaine. Les organisateurs ont r\u00e9pondu par certaines mesures, comme l\u2019interdiction des b\u00e2tons dans les zones prot\u00e9g\u00e9es et l\u2019obligation de lumi\u00e8res rouges sur les frontales pour limiter le d\u00e9rangement de la faune.<\/p>\n\n\n\n<p class=\"wp-block-paragraph\">Le d\u00e9bat autour de l\u2019UTMB tient donc dans un \u00e9quilibre fragile. Chamonix ne conteste pas seulement la foule : elle cherche une limite. Et quand une ville de 9 000 habitants absorbe 100 000 spectateurs autour d\u2019un \u00e9v\u00e9nement devenu mondial, la question du redimensionnement devient presque in\u00e9vitable.<\/p>\n","protected":false},"excerpt":{"rendered":"<p>Avec 100 000 spectateurs attendus pour une ville d\u2019environ 9 000 habitants, l\u2019UTMB pose \u00e0 Chamonix une question simple et explosive : jusqu\u2019o\u00f9 un \u00e9v\u00e9nement mondial peut-il grandir sans saturer sa vall\u00e9e ? L\u2019Ultra-Trail du Mont-Blanc reste l\u2019un des rendez-vous les plus puissants du trail mondial. La 23e \u00e9dition a d\u00e9marr\u00e9 lundi 24 ao\u00fbt \u00e0 [&hellip;]<\/p>\n","protected":false},"author":6,"featured_media":54596,"comment_status":"open","ping_status":"open","sticky":false,"template":"","format":"standard","meta":{"_acf_changed":false,"_seopress_robots_primary_cat":"none","_seopress_titles_title":"","_seopress_titles_desc":"","_seopress_robots_index":"","footnotes":""},"categories":[23],"tags":[],"class_list":["post-54593","post","type-post","status-publish","format-standard","has-post-thumbnail","hentry","category-trail"],"acf":[],"_links":{"self":[{"href":"https:\/\/mvz-sports.com\/fr\/wp-json\/wp\/v2\/posts\/54593","targetHints":{"allow":["GET"]}}],"collection":[{"href":"https:\/\/mvz-sports.com\/fr\/wp-json\/wp\/v2\/posts"}],"about":[{"href":"https:\/\/mvz-sports.com\/fr\/wp-json\/wp\/v2\/types\/post"}],"author":[{"embeddable":true,"href":"https:\/\/mvz-sports.com\/fr\/wp-json\/wp\/v2\/users\/6"}],"replies":[{"embeddable":true,"href":"https:\/\/mvz-sports.com\/fr\/wp-json\/wp\/v2\/comments?post=54593"}],"version-history":[{"count":1,"href":"https:\/\/mvz-sports.com\/fr\/wp-json\/wp\/v2\/posts\/54593\/revisions"}],"predecessor-version":[{"id":54601,"href":"https:\/\/mvz-sports.com\/fr\/wp-json\/wp\/v2\/posts\/54593\/revisions\/54601"}],"wp:featuredmedia":[{"embeddable":true,"href":"https:\/\/mvz-sports.com\/fr\/wp-json\/wp\/v2\/media\/54596"}],"wp:attachment":[{"href":"https:\/\/mvz-sports.com\/fr\/wp-json\/wp\/v2\/media?parent=54593"}],"wp:term":[{"taxonomy":"category","embeddable":true,"href":"https:\/\/mvz-sports.com\/fr\/wp-json\/wp\/v2\/categories?post=54593"},{"taxonomy":"post_tag","embeddable":true,"href":"https:\/\/mvz-sports.com\/fr\/wp-json\/wp\/v2\/tags?post=54593"}],"curies":[{"name":"wp","href":"https:\/\/api.w.org\/{rel}","templated":true}]}}