{"id":55024,"date":"2026-08-27T06:02:00","date_gmt":"2026-08-27T04:02:00","guid":{"rendered":"https:\/\/mvz-sports.com\/fr\/?p=55024"},"modified":"2026-08-27T01:50:09","modified_gmt":"2026-08-26T23:50:09","slug":"le-meilleur-du-monde-dans-sa-categorie-prolonge-avec-paul-seixas-et-decathlon-cma-cgm-tient-peut-etre-le-coureur-parfait-pour-epauler-son-leader","status":"publish","type":"post","link":"https:\/\/mvz-sports.com\/fr\/cyclisme\/news\/le-meilleur-du-monde-dans-sa-categorie-prolonge-avec-paul-seixas-et-decathlon-cma-cgm-tient-peut-etre-le-coureur-parfait-pour-epauler-son-leader","title":{"rendered":"Le \u00ab\u00a0meilleur du monde dans sa cat\u00e9gorie\u00a0\u00bb prolonge avec Paul Seixas et Decathlon-CMA CGM tient peut-\u00eatre le coureur parfait pour \u00e9pauler son leader"},"content":{"rendered":"\n<p class=\"wp-block-paragraph\"><strong>En s\u00e9curisant Aubin Sparfel, Decathlon-CMA CGM ne prolonge pas seulement un jeune vainqueur : l\u2019\u00e9quipe fran\u00e7aise semble ajouter autour de Paul Seixas un profil capable de peser dans les finales nerveuses.<\/strong><\/p>\n\n\n\n<p class=\"wp-block-paragraph\">Le mot est fort, et il ne vient pas d\u2019un observateur ext\u00e9rieur. Apr\u00e8s la victoire d\u2019Aubin Sparfel sur le Tour de l\u2019Avenir, David Giraud a parl\u00e9 d\u2019un \u00ab champion \u00bb. Il est m\u00eame all\u00e9 plus loin en d\u00e9crivant le coureur de 20 ans comme \u00ab le meilleur du monde sur ce type d\u2019arriv\u00e9e \u00bb.<\/p>\n\n\n\n<p class=\"wp-block-paragraph\">Dans une \u00e9quipe <strong>Decathlon-CMA CGM<\/strong> tourn\u00e9e vers l\u2019avenir, cette phrase change la lecture de sa prolongation. Selon L\u2019\u00c9quipe, Sparfel aurait rallong\u00e9 son contrat de trois saisons suppl\u00e9mentaires, jusqu\u2019en 2031. De quoi installer son nom dans le m\u00eame mouvement strat\u00e9gique que celui de <strong>Paul Seixas<\/strong>, le grand dossier  du <strong><a href=\"https:\/\/mvz-sports.com\/fr\/cyclisme\">cyclisme<\/a><\/strong> fran\u00e7ais.<\/p>\n\n\n\n<h2 class=\"wp-block-heading\">Decathlon-CMA CGM verrouille un autre jeune coureur cl\u00e9<\/h2>\n\n\n\n<p class=\"wp-block-paragraph\">La formation fran\u00e7aise a d\u00e9j\u00e0 enclench\u00e9 une s\u00e9rie de signatures longues chez ses jeunes talents. Noa Isidore, 22 ans, et L\u00e9o Bisiaux, 21 ans, ont prolong\u00e9. Aubin Sparfel, lui, avait d\u00e9j\u00e0 \u00e9t\u00e9 annonc\u00e9 jusqu\u2019en 2028 en octobre dernier.<\/p>\n\n\n\n<p class=\"wp-block-paragraph\">Le nouveau bail \u00e9voqu\u00e9 par L\u2019\u00c9quipe pousserait d\u00e9sormais l\u2019engagement jusqu\u2019en 2031. Pour un coureur de 20 ans, ce n\u2019est pas un simple signe de confiance. C\u2019est une mani\u00e8re de fixer tr\u00e8s t\u00f4t le noyau qui doit accompagner la mont\u00e9e en puissance de <strong>Decathlon-CMA CGM<\/strong>.<\/p>\n\n\n\n<p class=\"wp-block-paragraph\">Le nom de <strong>Paul Seixas<\/strong> reste central dans cette construction. Son contrat court jusqu\u2019en 2027, et sa prolongation est pr\u00e9sent\u00e9e comme l\u2019un des objectifs prioritaires de l\u2019\u00e9quipe. Mais un leader ne se construit jamais seul. Autour de lui, il faut des coureurs capables de gagner, de prot\u00e9ger, de durcir une course et d\u2019assumer des finales o\u00f9 tout se joue sur quelques centaines de m\u00e8tres.<\/p>\n\n\n\n<h2 class=\"wp-block-heading\">Le Tour de l\u2019Avenir donne du poids aux mots de David Giraud<\/h2>\n\n\n\n<p class=\"wp-block-paragraph\">Aubin Sparfel n\u2019a pas seulement sign\u00e9 sur la dur\u00e9e. Il a aussi r\u00e9pondu sur la route. Le Fran\u00e7ais a remport\u00e9 la 4e \u00e9tape du Tour de l\u2019Avenir 2026 \u00e0 Semur-en-Auxois, sur une arriv\u00e9e taill\u00e9e pour puncheur.<\/p>\n\n\n\n<p class=\"wp-block-paragraph\">Selon Vosges T\u00e9l\u00e9vision, l\u2019\u00e9tape faisait 151 km et les derniers \u00e9chapp\u00e9s ont \u00e9t\u00e9 repris \u00e0 seulement 400 m\u00e8tres de la ligne. Sparfel a ensuite fait la diff\u00e9rence sur la rampe pav\u00e9e, devant Mattia Negrente et Riccardo Lorello. ICI et Vosges T\u00e9l\u00e9vision pr\u00e9sentent cette victoire comme le premier succ\u00e8s fran\u00e7ais de l\u2019\u00e9dition 2026.<\/p>\n\n\n\n<p class=\"wp-block-paragraph\">Ce r\u00e9sultat donne une autre \u00e9paisseur aux propos de David Giraud. Le directeur sportif de <strong>Decathlon-CMA CGM<\/strong> sur le Tour de l\u2019Avenir a racont\u00e9 \u00e0 DirectVelo que son \u00e9quipe avait d\u00fb se sacrifier dans le final pour placer Sparfel dans les meilleures conditions au pied de la derni\u00e8re bosse.<\/p>\n\n\n\n<p class=\"wp-block-paragraph\">\u00ab Il fallait une victoire d\u2019\u00e9tape pour que notre Tour de l\u2019Avenir soit r\u00e9ussi \u00bb, a-t-il expliqu\u00e9. Puis il a l\u00e2ch\u00e9 la phrase qui r\u00e9sume le mieux le statut pris par Sparfel dans cette cat\u00e9gorie : \u00ab C\u2019est un champion \u00bb. Avant d\u2019ajouter : \u00ab Aubin est le meilleur du monde sur ce type d\u2019arriv\u00e9e \u00bb.<\/p>\n\n\n\n<h2 class=\"wp-block-heading\">Un profil pr\u00e9cieux pour \u00e9pauler Paul Seixas demain<\/h2>\n\n\n\n<p class=\"wp-block-paragraph\">Le lien avec <strong>Paul Seixas<\/strong> doit rester prudent. <strong>Decathlon-CMA CGM<\/strong> n\u2019a pas pr\u00e9sent\u00e9 publiquement Sparfel comme son lieutenant attitr\u00e9. Mais sportivement, l\u2019id\u00e9e tient. Un coureur capable de jouer la gagne sur des arriv\u00e9es difficiles peut devenir beaucoup plus qu\u2019un simple \u00e9quipier dans un collectif ambitieux.<\/p>\n\n\n\n<p class=\"wp-block-paragraph\">Sparfel apporte un registre compl\u00e9mentaire : punch, placement, r\u00e9sistance dans les finales tendues, sens de la gagne sur les profils courts et raides. Ce sont des qualit\u00e9s utiles pour exister sur les courses d\u2019un jour, mais aussi pour accompagner un leader dans les \u00e9tapes o\u00f9 le peloton explose avant m\u00eame la haute montagne.<\/p>\n\n\n\n<p class=\"wp-block-paragraph\">Sa victoire sur le Tour de l\u2019Avenir s\u2019ajoute aussi \u00e0 un palmar\u00e8s d\u00e9j\u00e0 visible chez les espoirs, avec le Tour de Bretagne mentionn\u00e9 dans son bilan r\u00e9cent. \u00c0 20 ans, le signal est assez clair : <strong>Decathlon-CMA CGM<\/strong> ne s\u00e9curise pas un pari abstrait, mais un coureur qui gagne d\u00e9j\u00e0 dans son registre.<\/p>\n\n\n\n<p class=\"wp-block-paragraph\">Pour Seixas, l\u2019enjeu est l\u00e0. Si l\u2019\u00e9quipe fran\u00e7aise parvient \u00e0 prolonger son leader tout en gardant autour de lui des coureurs comme Sparfel, Bisiaux ou Isidore, elle ne pr\u00e9pare pas seulement un effectif jeune. Elle commence \u00e0 dessiner une vraie ossature sportive, avec des r\u00f4les qui pourraient devenir lisibles tr\u00e8s vite.<\/p>\n\n\n\n<p class=\"wp-block-paragraph\">La formule de David Giraud est peut-\u00eatre appuy\u00e9e, mais elle a le m\u00e9rite de poser le sujet : Aubin Sparfel n\u2019est plus seulement un nom \u00e0 suivre. Dans le projet <strong>Decathlon-CMA CGM<\/strong>, il ressemble d\u00e9j\u00e0 \u00e0 une pi\u00e8ce que l\u2019\u00e9quipe veut garder longtemps.<\/p>\n\n\n\n<p class=\"wp-block-paragraph\"><\/p>\n","protected":false},"excerpt":{"rendered":"<p>En s\u00e9curisant Aubin Sparfel, Decathlon-CMA CGM ne prolonge pas seulement un jeune vainqueur : l\u2019\u00e9quipe fran\u00e7aise semble ajouter autour de Paul Seixas un profil capable de peser dans les finales nerveuses. Le mot est fort, et il ne vient pas d\u2019un observateur ext\u00e9rieur. Apr\u00e8s la victoire d\u2019Aubin Sparfel sur le Tour de l\u2019Avenir, David Giraud [&hellip;]<\/p>\n","protected":false},"author":2,"featured_media":55027,"comment_status":"open","ping_status":"open","sticky":false,"template":"","format":"standard","meta":{"_acf_changed":false,"_seopress_robots_primary_cat":"none","_seopress_titles_title":"","_seopress_titles_desc":"","_seopress_robots_index":"","footnotes":""},"categories":[38],"tags":[],"class_list":["post-55024","post","type-post","status-publish","format-standard","has-post-thumbnail","hentry","category-cyclisme"],"acf":[],"_links":{"self":[{"href":"https:\/\/mvz-sports.com\/fr\/wp-json\/wp\/v2\/posts\/55024","targetHints":{"allow":["GET"]}}],"collection":[{"href":"https:\/\/mvz-sports.com\/fr\/wp-json\/wp\/v2\/posts"}],"about":[{"href":"https:\/\/mvz-sports.com\/fr\/wp-json\/wp\/v2\/types\/post"}],"author":[{"embeddable":true,"href":"https:\/\/mvz-sports.com\/fr\/wp-json\/wp\/v2\/users\/2"}],"replies":[{"embeddable":true,"href":"https:\/\/mvz-sports.com\/fr\/wp-json\/wp\/v2\/comments?post=55024"}],"version-history":[{"count":2,"href":"https:\/\/mvz-sports.com\/fr\/wp-json\/wp\/v2\/posts\/55024\/revisions"}],"predecessor-version":[{"id":55029,"href":"https:\/\/mvz-sports.com\/fr\/wp-json\/wp\/v2\/posts\/55024\/revisions\/55029"}],"wp:featuredmedia":[{"embeddable":true,"href":"https:\/\/mvz-sports.com\/fr\/wp-json\/wp\/v2\/media\/55027"}],"wp:attachment":[{"href":"https:\/\/mvz-sports.com\/fr\/wp-json\/wp\/v2\/media?parent=55024"}],"wp:term":[{"taxonomy":"category","embeddable":true,"href":"https:\/\/mvz-sports.com\/fr\/wp-json\/wp\/v2\/categories?post=55024"},{"taxonomy":"post_tag","embeddable":true,"href":"https:\/\/mvz-sports.com\/fr\/wp-json\/wp\/v2\/tags?post=55024"}],"curies":[{"name":"wp","href":"https:\/\/api.w.org\/{rel}","templated":true}]}}